{"id":3466,"date":"2025-05-08T11:36:24","date_gmt":"2025-05-08T09:36:24","guid":{"rendered":"https:\/\/agora.xtec.cat\/iesvilamajor\/?p=3466"},"modified":"2025-05-08T11:36:24","modified_gmt":"2025-05-08T09:36:24","slug":"un-far-entre-ombres","status":"publish","type":"post","link":"https:\/\/agora.xtec.cat\/iesvilamajor\/general\/un-far-entre-ombres\/","title":{"rendered":"&#8220;Un far entre ombres&#8221;"},"content":{"rendered":"<p>&nbsp;<\/p>\n<p>Durant la Diada de Sant Jordi es va dur a terme la presentaci\u00f3 del llibre realitzat pels alumnes de quart, anomenat &#8220;Un far entre ombres&#8221;. Es va celebrar al Patronat de Sant Antoni de Vilamajor, aprofitant la setmana cultural que celebrava l&#8217;ajuntament. Ha estat tot un \u00e8xit i s&#8217;han venut totes les c\u00f2pies, aix\u00ed que durant els propers dies s&#8217;imprimir\u00e0 una altra edici\u00f3 per a qui estigui interessat.<\/p>\n<p><a href=\"https:\/\/agora.xtec.cat\/iesvilamajor\/wp-content\/uploads\/usu2625\/2025\/05\/Screenshot_20250508_112805_Instagram.jpg\"><img loading=\"lazy\" decoding=\"async\" class=\"alignnone size-large wp-image-3474\" src=\"https:\/\/agora.xtec.cat\/iesvilamajor\/wp-content\/uploads\/usu2625\/2025\/05\/Screenshot_20250508_112805_Instagram-941x1024.jpg\" alt=\"\" width=\"941\" height=\"1024\" srcset=\"https:\/\/agora.xtec.cat\/iesvilamajor\/wp-content\/uploads\/usu2625\/2025\/05\/Screenshot_20250508_112805_Instagram-941x1024.jpg 941w, https:\/\/agora.xtec.cat\/iesvilamajor\/wp-content\/uploads\/usu2625\/2025\/05\/Screenshot_20250508_112805_Instagram-276x300.jpg 276w, https:\/\/agora.xtec.cat\/iesvilamajor\/wp-content\/uploads\/usu2625\/2025\/05\/Screenshot_20250508_112805_Instagram-768x836.jpg 768w, https:\/\/agora.xtec.cat\/iesvilamajor\/wp-content\/uploads\/usu2625\/2025\/05\/Screenshot_20250508_112805_Instagram.jpg 1080w\" sizes=\"auto, (max-width: 941px) 100vw, 941px\" \/><\/a><\/p>\n","protected":false},"excerpt":{"rendered":"<p>&nbsp; Durant la Diada de Sant Jordi es va dur a terme la presentaci\u00f3 del llibre realitzat pels alumnes de quart, anomenat &#8220;Un far entre ombres&#8221;. Es va celebrar al Patronat de Sant Antoni de Vilamajor, aprofitant la setmana cultural que celebrava l&#8217;ajuntament. Ha estat tot un \u00e8xit i s&#8217;han venut totes les c\u00f2pies, aix\u00ed [&hellip;]<\/p>\n","protected":false},"author":9,"featured_media":3473,"comment_status":"closed","ping_status":"closed","sticky":false,"template":"","format":"standard","meta":{"_bbp_topic_count":0,"_bbp_reply_count":0,"_bbp_total_topic_count":0,"_bbp_total_reply_count":0,"_bbp_voice_count":0,"_bbp_anonymous_reply_count":0,"_bbp_topic_count_hidden":0,"_bbp_reply_count_hidden":0,"_bbp_forum_subforum_count":0,"site-sidebar-layout":"default","site-content-layout":"","ast-site-content-layout":"","site-content-style":"default","site-sidebar-style":"default","ast-global-header-display":"","ast-banner-title-visibility":"","ast-main-header-display":"","ast-hfb-above-header-display":"","ast-hfb-below-header-display":"","ast-hfb-mobile-header-display":"","site-post-title":"","ast-breadcrumbs-content":"","ast-featured-img":"","footer-sml-layout":"","theme-transparent-header-meta":"","adv-header-id-meta":"","stick-header-meta":"","header-above-stick-meta":"","header-main-stick-meta":"","header-below-stick-meta":"","astra-migrate-meta-layouts":"default","ast-page-background-enabled":"default","ast-page-background-meta":{"desktop":{"background-color":"var(--ast-global-color-4)","background-image":"","background-repeat":"repeat","background-position":"center center","background-size":"auto","background-attachment":"scroll","background-type":"","background-media":"","overlay-type":"","overlay-color":"","overlay-opacity":"","overlay-gradient":""},"tablet":{"background-color":"","background-image":"","background-repeat":"repeat","background-position":"center center","background-size":"auto","background-attachment":"scroll","background-type":"","background-media":"","overlay-type":"","overlay-color":"","overlay-opacity":"","overlay-gradient":""},"mobile":{"background-color":"","background-image":"","background-repeat":"repeat","background-position":"center center","background-size":"auto","background-attachment":"scroll","background-type":"","background-media":"","overlay-type":"","overlay-color":"","overlay-opacity":"","overlay-gradient":""}},"ast-content-background-meta":{"desktop":{"background-color":"var(--ast-global-color-5)","background-image":"","background-repeat":"repeat","background-position":"center center","background-size":"auto","background-attachment":"scroll","background-type":"","background-media":"","overlay-type":"","overlay-color":"","overlay-opacity":"","overlay-gradient":""},"tablet":{"background-color":"var(--ast-global-color-5)","background-image":"","background-repeat":"repeat","background-position":"center center","background-size":"auto","background-attachment":"scroll","background-type":"","background-media":"","overlay-type":"","overlay-color":"","overlay-opacity":"","overlay-gradient":""},"mobile":{"background-color":"var(--ast-global-color-5)","background-image":"","background-repeat":"repeat","background-position":"center center","background-size":"auto","background-attachment":"scroll","background-type":"","background-media":"","overlay-type":"","overlay-color":"","overlay-opacity":"","overlay-gradient":""}},"footnotes":""},"categories":[1,29],"tags":[],"class_list":["post-3466","post","type-post","status-publish","format-standard","has-post-thumbnail","hentry","category-general","category-portada"],"post_mailing_queue_ids":[],"_links":{"self":[{"href":"https:\/\/agora.xtec.cat\/iesvilamajor\/wp-json\/wp\/v2\/posts\/3466","targetHints":{"allow":["GET"]}}],"collection":[{"href":"https:\/\/agora.xtec.cat\/iesvilamajor\/wp-json\/wp\/v2\/posts"}],"about":[{"href":"https:\/\/agora.xtec.cat\/iesvilamajor\/wp-json\/wp\/v2\/types\/post"}],"author":[{"embeddable":true,"href":"https:\/\/agora.xtec.cat\/iesvilamajor\/wp-json\/wp\/v2\/users\/9"}],"replies":[{"embeddable":true,"href":"https:\/\/agora.xtec.cat\/iesvilamajor\/wp-json\/wp\/v2\/comments?post=3466"}],"version-history":[{"count":5,"href":"https:\/\/agora.xtec.cat\/iesvilamajor\/wp-json\/wp\/v2\/posts\/3466\/revisions"}],"predecessor-version":[{"id":3475,"href":"https:\/\/agora.xtec.cat\/iesvilamajor\/wp-json\/wp\/v2\/posts\/3466\/revisions\/3475"}],"wp:featuredmedia":[{"embeddable":true,"href":"https:\/\/agora.xtec.cat\/iesvilamajor\/wp-json\/wp\/v2\/media\/3473"}],"wp:attachment":[{"href":"https:\/\/agora.xtec.cat\/iesvilamajor\/wp-json\/wp\/v2\/media?parent=3466"}],"wp:term":[{"taxonomy":"category","embeddable":true,"href":"https:\/\/agora.xtec.cat\/iesvilamajor\/wp-json\/wp\/v2\/categories?post=3466"},{"taxonomy":"post_tag","embeddable":true,"href":"https:\/\/agora.xtec.cat\/iesvilamajor\/wp-json\/wp\/v2\/tags?post=3466"}],"curies":[{"name":"wp","href":"https:\/\/api.w.org\/{rel}","templated":true}]}}