{"id":3276,"date":"2024-12-12T11:55:35","date_gmt":"2024-12-12T10:55:35","guid":{"rendered":"https:\/\/agora.xtec.cat\/iesvilamajor\/?p=3276"},"modified":"2025-01-23T11:33:28","modified_gmt":"2025-01-23T10:33:28","slug":"10-de-desembre-dia-dels-drets-humans","status":"publish","type":"post","link":"https:\/\/agora.xtec.cat\/iesvilamajor\/general\/10-de-desembre-dia-dels-drets-humans\/","title":{"rendered":"10 de desembre, dia dels Drets Humans"},"content":{"rendered":"<p><span style=\"font-weight: 400;\">Aquest dimarts dia 10 de desembre ha estat el dia dels Drets Humans, per a recordar que un dia com aquest de 1948 es va signar la Declaraci\u00f3 Universal dels Drets Humans i, a l\u2019institut ho hem volgut celebrar realitzant diferents activitats.\u00a0<\/span><\/p>\n<p><span style=\"font-weight: 400;\">Durant les dues primeres hores hem parlat sobre quins i qu\u00e8 s\u00f3n els Drets Humans, hem constru\u00eft un passaport on es mencionen cada un dels 30 articles i muntat unes banderoles on cada alumne i alumna a escrit un missatge que tingui relaci\u00f3 amb aquests.<\/span><\/p>\n<p><a href=\"https:\/\/agora.xtec.cat\/iesvilamajor\/wp-content\/uploads\/usu2625\/2024\/12\/Foto-DH.jpg\"><img loading=\"lazy\" decoding=\"async\" class=\"alignnone size-large wp-image-3278\" src=\"https:\/\/agora.xtec.cat\/iesvilamajor\/wp-content\/uploads\/usu2625\/2024\/12\/Foto-DH-1024x529.jpg\" alt=\"\" width=\"1024\" height=\"529\" srcset=\"https:\/\/agora.xtec.cat\/iesvilamajor\/wp-content\/uploads\/usu2625\/2024\/12\/Foto-DH-1024x529.jpg 1024w, https:\/\/agora.xtec.cat\/iesvilamajor\/wp-content\/uploads\/usu2625\/2024\/12\/Foto-DH-300x155.jpg 300w, https:\/\/agora.xtec.cat\/iesvilamajor\/wp-content\/uploads\/usu2625\/2024\/12\/Foto-DH-768x396.jpg 768w, https:\/\/agora.xtec.cat\/iesvilamajor\/wp-content\/uploads\/usu2625\/2024\/12\/Foto-DH.jpg 1203w\" sizes=\"auto, (max-width: 1024px) 100vw, 1024px\" \/><\/a><\/p>\n<p><span style=\"font-weight: 400;\">Despr\u00e9s d\u2019esmorzar ens hem traslladat al gimn\u00e0s on, un grup d\u2019actors ens han representat diferents accions de la vida quotidiana en el que ens podem trobar assetjats per un conegut o desconegut. L\u2019alumnat ha estat molt din\u00e0mic i participatiu.\u00a0<\/span><\/p>\n<p>&nbsp;<\/p>\n<p><span style=\"font-weight: 400;\">Finalment, abans de marxar, hem realitzat diferents activitats: el joc del trivial dels drets humans, realitzat i coordinat pels alumnes de segon de batxillerat, visita a l\u2019exposici\u00f3 dels drets humans que han organitzat els alumnes de quart a la biblioteca i realitzaci\u00f3 d\u2019un mural entre tot l\u2019alumnat de l\u2019institut, al mur exterior que dona a l\u2019aparcament.<\/span><\/p>\n<p><a href=\"https:\/\/agora.xtec.cat\/iesvilamajor\/wp-content\/uploads\/usu2625\/2024\/12\/Mural1.jpg\"><img loading=\"lazy\" decoding=\"async\" class=\"size-full wp-image-3282 aligncenter\" src=\"https:\/\/agora.xtec.cat\/iesvilamajor\/wp-content\/uploads\/usu2625\/2024\/12\/Mural1.jpg\" alt=\"\" width=\"560\" height=\"297\" srcset=\"https:\/\/agora.xtec.cat\/iesvilamajor\/wp-content\/uploads\/usu2625\/2024\/12\/Mural1.jpg 560w, https:\/\/agora.xtec.cat\/iesvilamajor\/wp-content\/uploads\/usu2625\/2024\/12\/Mural1-300x159.jpg 300w\" sizes=\"auto, (max-width: 560px) 100vw, 560px\" \/><\/a><\/p>\n","protected":false},"excerpt":{"rendered":"<p>Aquest dimarts dia 10 de desembre ha estat el dia dels Drets Humans, per a recordar que un dia com aquest de 1948 es va signar la Declaraci\u00f3 Universal dels Drets Humans i, a l\u2019institut ho hem volgut celebrar realitzant diferents activitats.\u00a0 Durant les dues primeres hores hem parlat sobre quins i qu\u00e8 s\u00f3n els [&hellip;]<\/p>\n","protected":false},"author":9,"featured_media":3282,"comment_status":"closed","ping_status":"closed","sticky":false,"template":"","format":"standard","meta":{"_bbp_topic_count":0,"_bbp_reply_count":0,"_bbp_total_topic_count":0,"_bbp_total_reply_count":0,"_bbp_voice_count":0,"_bbp_anonymous_reply_count":0,"_bbp_topic_count_hidden":0,"_bbp_reply_count_hidden":0,"_bbp_forum_subforum_count":0,"site-sidebar-layout":"default","site-content-layout":"","ast-site-content-layout":"","site-content-style":"default","site-sidebar-style":"default","ast-global-header-display":"","ast-banner-title-visibility":"","ast-main-header-display":"","ast-hfb-above-header-display":"","ast-hfb-below-header-display":"","ast-hfb-mobile-header-display":"","site-post-title":"","ast-breadcrumbs-content":"","ast-featured-img":"","footer-sml-layout":"","theme-transparent-header-meta":"","adv-header-id-meta":"","stick-header-meta":"","header-above-stick-meta":"","header-main-stick-meta":"","header-below-stick-meta":"","astra-migrate-meta-layouts":"default","ast-page-background-enabled":"default","ast-page-background-meta":{"desktop":{"background-color":"var(--ast-global-color-4)","background-image":"","background-repeat":"repeat","background-position":"center center","background-size":"auto","background-attachment":"scroll","background-type":"","background-media":"","overlay-type":"","overlay-color":"","overlay-opacity":"","overlay-gradient":""},"tablet":{"background-color":"","background-image":"","background-repeat":"repeat","background-position":"center center","background-size":"auto","background-attachment":"scroll","background-type":"","background-media":"","overlay-type":"","overlay-color":"","overlay-opacity":"","overlay-gradient":""},"mobile":{"background-color":"","background-image":"","background-repeat":"repeat","background-position":"center center","background-size":"auto","background-attachment":"scroll","background-type":"","background-media":"","overlay-type":"","overlay-color":"","overlay-opacity":"","overlay-gradient":""}},"ast-content-background-meta":{"desktop":{"background-color":"var(--ast-global-color-5)","background-image":"","background-repeat":"repeat","background-position":"center center","background-size":"auto","background-attachment":"scroll","background-type":"","background-media":"","overlay-type":"","overlay-color":"","overlay-opacity":"","overlay-gradient":""},"tablet":{"background-color":"var(--ast-global-color-5)","background-image":"","background-repeat":"repeat","background-position":"center center","background-size":"auto","background-attachment":"scroll","background-type":"","background-media":"","overlay-type":"","overlay-color":"","overlay-opacity":"","overlay-gradient":""},"mobile":{"background-color":"var(--ast-global-color-5)","background-image":"","background-repeat":"repeat","background-position":"center center","background-size":"auto","background-attachment":"scroll","background-type":"","background-media":"","overlay-type":"","overlay-color":"","overlay-opacity":"","overlay-gradient":""}},"footnotes":""},"categories":[1,29],"tags":[],"class_list":["post-3276","post","type-post","status-publish","format-standard","has-post-thumbnail","hentry","category-general","category-portada"],"post_mailing_queue_ids":[],"_links":{"self":[{"href":"https:\/\/agora.xtec.cat\/iesvilamajor\/wp-json\/wp\/v2\/posts\/3276","targetHints":{"allow":["GET"]}}],"collection":[{"href":"https:\/\/agora.xtec.cat\/iesvilamajor\/wp-json\/wp\/v2\/posts"}],"about":[{"href":"https:\/\/agora.xtec.cat\/iesvilamajor\/wp-json\/wp\/v2\/types\/post"}],"author":[{"embeddable":true,"href":"https:\/\/agora.xtec.cat\/iesvilamajor\/wp-json\/wp\/v2\/users\/9"}],"replies":[{"embeddable":true,"href":"https:\/\/agora.xtec.cat\/iesvilamajor\/wp-json\/wp\/v2\/comments?post=3276"}],"version-history":[{"count":5,"href":"https:\/\/agora.xtec.cat\/iesvilamajor\/wp-json\/wp\/v2\/posts\/3276\/revisions"}],"predecessor-version":[{"id":3283,"href":"https:\/\/agora.xtec.cat\/iesvilamajor\/wp-json\/wp\/v2\/posts\/3276\/revisions\/3283"}],"wp:featuredmedia":[{"embeddable":true,"href":"https:\/\/agora.xtec.cat\/iesvilamajor\/wp-json\/wp\/v2\/media\/3282"}],"wp:attachment":[{"href":"https:\/\/agora.xtec.cat\/iesvilamajor\/wp-json\/wp\/v2\/media?parent=3276"}],"wp:term":[{"taxonomy":"category","embeddable":true,"href":"https:\/\/agora.xtec.cat\/iesvilamajor\/wp-json\/wp\/v2\/categories?post=3276"},{"taxonomy":"post_tag","embeddable":true,"href":"https:\/\/agora.xtec.cat\/iesvilamajor\/wp-json\/wp\/v2\/tags?post=3276"}],"curies":[{"name":"wp","href":"https:\/\/api.w.org\/{rel}","templated":true}]}}