{"id":3043,"date":"2024-05-02T13:13:39","date_gmt":"2024-05-02T11:13:39","guid":{"rendered":"https:\/\/agora.xtec.cat\/iesvilamajor\/?p=3043"},"modified":"2024-05-02T13:14:54","modified_gmt":"2024-05-02T11:14:54","slug":"diversitat-de-cossos","status":"publish","type":"post","link":"https:\/\/agora.xtec.cat\/iesvilamajor\/general\/diversitat-de-cossos\/","title":{"rendered":"Mural diversitat dels cossos"},"content":{"rendered":"<p><a href=\"https:\/\/agora.xtec.cat\/iesvilamajor\/wp-content\/uploads\/usu2625\/2024\/05\/c8bdb63b-998f-48c8-984f-beedcb7d02b3.jpg\"><img loading=\"lazy\" decoding=\"async\" class=\"alignnone size-medium wp-image-3044\" src=\"https:\/\/agora.xtec.cat\/iesvilamajor\/wp-content\/uploads\/usu2625\/2024\/05\/c8bdb63b-998f-48c8-984f-beedcb7d02b3-300x183.jpg\" alt=\"\" width=\"300\" height=\"183\" srcset=\"https:\/\/agora.xtec.cat\/iesvilamajor\/wp-content\/uploads\/usu2625\/2024\/05\/c8bdb63b-998f-48c8-984f-beedcb7d02b3-300x183.jpg 300w, https:\/\/agora.xtec.cat\/iesvilamajor\/wp-content\/uploads\/usu2625\/2024\/05\/c8bdb63b-998f-48c8-984f-beedcb7d02b3-1024x624.jpg 1024w, https:\/\/agora.xtec.cat\/iesvilamajor\/wp-content\/uploads\/usu2625\/2024\/05\/c8bdb63b-998f-48c8-984f-beedcb7d02b3-768x468.jpg 768w, https:\/\/agora.xtec.cat\/iesvilamajor\/wp-content\/uploads\/usu2625\/2024\/05\/c8bdb63b-998f-48c8-984f-beedcb7d02b3-1536x936.jpg 1536w, https:\/\/agora.xtec.cat\/iesvilamajor\/wp-content\/uploads\/usu2625\/2024\/05\/c8bdb63b-998f-48c8-984f-beedcb7d02b3.jpg 1600w\" sizes=\"auto, (max-width: 300px) 100vw, 300px\" \/><\/a><\/p>\n<p>A la mat\u00e8ria d&#8217;Educaci\u00f3 Pl\u00e0stica, Visual i \u00c0udiovisual, amb 1r d&#8217;ESO s&#8217;ha estudiat el c\u00e0non de bellesa, la proporci\u00f3 del cos i el dibuix a escala. S&#8217;ha fet un rep\u00e0s de l&#8217;\u00fas del c\u00e0non corporal al llarg de la hist\u00f2ria i s&#8217;ha analitzat com ha canviat. S&#8217;han estudiat les conseq\u00fc\u00e8ncies de seguir un ideal de perfecci\u00f3 inassolible lligat als estereotips de g\u00e8nere i s&#8217;ha detectat que als mitjans de comunicaci\u00f3 nom\u00e9s ens solen mostrar el c\u00e0non, no la diversitat.<\/p>\n<p>Per aix\u00f2 tot l&#8217;alumnat ha fet un mural que pret\u00e9n visibilitzar cossos diferents i diversos, per tenir m\u00e9s referents i lluitar contra la pressi\u00f3 est\u00e8tica.<\/p>\n<p><a href=\"https:\/\/agora.xtec.cat\/iesvilamajor\/wp-content\/uploads\/usu2625\/2024\/05\/81c22944-bb28-497f-8186-650c7ee1198c.jpg\"><img loading=\"lazy\" decoding=\"async\" class=\"alignnone size-medium wp-image-3045\" src=\"https:\/\/agora.xtec.cat\/iesvilamajor\/wp-content\/uploads\/usu2625\/2024\/05\/81c22944-bb28-497f-8186-650c7ee1198c-225x300.jpg\" alt=\"\" width=\"225\" height=\"300\" srcset=\"https:\/\/agora.xtec.cat\/iesvilamajor\/wp-content\/uploads\/usu2625\/2024\/05\/81c22944-bb28-497f-8186-650c7ee1198c-225x300.jpg 225w, https:\/\/agora.xtec.cat\/iesvilamajor\/wp-content\/uploads\/usu2625\/2024\/05\/81c22944-bb28-497f-8186-650c7ee1198c-768x1024.jpg 768w, https:\/\/agora.xtec.cat\/iesvilamajor\/wp-content\/uploads\/usu2625\/2024\/05\/81c22944-bb28-497f-8186-650c7ee1198c-1152x1536.jpg 1152w, https:\/\/agora.xtec.cat\/iesvilamajor\/wp-content\/uploads\/usu2625\/2024\/05\/81c22944-bb28-497f-8186-650c7ee1198c.jpg 1200w\" sizes=\"auto, (max-width: 225px) 100vw, 225px\" \/><\/a> <a href=\"https:\/\/agora.xtec.cat\/iesvilamajor\/wp-content\/uploads\/usu2625\/2024\/05\/0f7cbc72-e5e3-4c9e-b338-72aaf2bf74d2.jpg\"><img loading=\"lazy\" decoding=\"async\" class=\"alignnone size-medium wp-image-3046\" src=\"https:\/\/agora.xtec.cat\/iesvilamajor\/wp-content\/uploads\/usu2625\/2024\/05\/0f7cbc72-e5e3-4c9e-b338-72aaf2bf74d2-225x300.jpg\" alt=\"\" width=\"225\" height=\"300\" srcset=\"https:\/\/agora.xtec.cat\/iesvilamajor\/wp-content\/uploads\/usu2625\/2024\/05\/0f7cbc72-e5e3-4c9e-b338-72aaf2bf74d2-225x300.jpg 225w, https:\/\/agora.xtec.cat\/iesvilamajor\/wp-content\/uploads\/usu2625\/2024\/05\/0f7cbc72-e5e3-4c9e-b338-72aaf2bf74d2-768x1024.jpg 768w, https:\/\/agora.xtec.cat\/iesvilamajor\/wp-content\/uploads\/usu2625\/2024\/05\/0f7cbc72-e5e3-4c9e-b338-72aaf2bf74d2-1152x1536.jpg 1152w, https:\/\/agora.xtec.cat\/iesvilamajor\/wp-content\/uploads\/usu2625\/2024\/05\/0f7cbc72-e5e3-4c9e-b338-72aaf2bf74d2.jpg 1200w\" sizes=\"auto, (max-width: 225px) 100vw, 225px\" \/><\/a><\/p>\n","protected":false},"excerpt":{"rendered":"<p>A la mat\u00e8ria d&#8217;Educaci\u00f3 Pl\u00e0stica, Visual i \u00c0udiovisual, amb 1r d&#8217;ESO s&#8217;ha estudiat el c\u00e0non de bellesa, la proporci\u00f3 del cos i el dibuix a escala. S&#8217;ha fet un rep\u00e0s de l&#8217;\u00fas del c\u00e0non corporal al llarg de la hist\u00f2ria i s&#8217;ha analitzat com ha canviat. S&#8217;han estudiat les conseq\u00fc\u00e8ncies de seguir un ideal de [&hellip;]<\/p>\n","protected":false},"author":6,"featured_media":3044,"comment_status":"closed","ping_status":"closed","sticky":false,"template":"","format":"standard","meta":{"_bbp_topic_count":0,"_bbp_reply_count":0,"_bbp_total_topic_count":0,"_bbp_total_reply_count":0,"_bbp_voice_count":0,"_bbp_anonymous_reply_count":0,"_bbp_topic_count_hidden":0,"_bbp_reply_count_hidden":0,"_bbp_forum_subforum_count":0,"site-sidebar-layout":"default","site-content-layout":"","ast-site-content-layout":"","site-content-style":"default","site-sidebar-style":"default","ast-global-header-display":"","ast-banner-title-visibility":"","ast-main-header-display":"","ast-hfb-above-header-display":"","ast-hfb-below-header-display":"","ast-hfb-mobile-header-display":"","site-post-title":"","ast-breadcrumbs-content":"","ast-featured-img":"","footer-sml-layout":"","theme-transparent-header-meta":"","adv-header-id-meta":"","stick-header-meta":"","header-above-stick-meta":"","header-main-stick-meta":"","header-below-stick-meta":"","astra-migrate-meta-layouts":"default","ast-page-background-enabled":"default","ast-page-background-meta":{"desktop":{"background-color":"var(--ast-global-color-4)","background-image":"","background-repeat":"repeat","background-position":"center center","background-size":"auto","background-attachment":"scroll","background-type":"","background-media":"","overlay-type":"","overlay-color":"","overlay-opacity":"","overlay-gradient":""},"tablet":{"background-color":"","background-image":"","background-repeat":"repeat","background-position":"center center","background-size":"auto","background-attachment":"scroll","background-type":"","background-media":"","overlay-type":"","overlay-color":"","overlay-opacity":"","overlay-gradient":""},"mobile":{"background-color":"","background-image":"","background-repeat":"repeat","background-position":"center center","background-size":"auto","background-attachment":"scroll","background-type":"","background-media":"","overlay-type":"","overlay-color":"","overlay-opacity":"","overlay-gradient":""}},"ast-content-background-meta":{"desktop":{"background-color":"var(--ast-global-color-5)","background-image":"","background-repeat":"repeat","background-position":"center center","background-size":"auto","background-attachment":"scroll","background-type":"","background-media":"","overlay-type":"","overlay-color":"","overlay-opacity":"","overlay-gradient":""},"tablet":{"background-color":"var(--ast-global-color-5)","background-image":"","background-repeat":"repeat","background-position":"center center","background-size":"auto","background-attachment":"scroll","background-type":"","background-media":"","overlay-type":"","overlay-color":"","overlay-opacity":"","overlay-gradient":""},"mobile":{"background-color":"var(--ast-global-color-5)","background-image":"","background-repeat":"repeat","background-position":"center center","background-size":"auto","background-attachment":"scroll","background-type":"","background-media":"","overlay-type":"","overlay-color":"","overlay-opacity":"","overlay-gradient":""}},"footnotes":""},"categories":[1,29],"tags":[],"class_list":["post-3043","post","type-post","status-publish","format-standard","has-post-thumbnail","hentry","category-general","category-portada"],"post_mailing_queue_ids":[],"_links":{"self":[{"href":"https:\/\/agora.xtec.cat\/iesvilamajor\/wp-json\/wp\/v2\/posts\/3043","targetHints":{"allow":["GET"]}}],"collection":[{"href":"https:\/\/agora.xtec.cat\/iesvilamajor\/wp-json\/wp\/v2\/posts"}],"about":[{"href":"https:\/\/agora.xtec.cat\/iesvilamajor\/wp-json\/wp\/v2\/types\/post"}],"author":[{"embeddable":true,"href":"https:\/\/agora.xtec.cat\/iesvilamajor\/wp-json\/wp\/v2\/users\/6"}],"replies":[{"embeddable":true,"href":"https:\/\/agora.xtec.cat\/iesvilamajor\/wp-json\/wp\/v2\/comments?post=3043"}],"version-history":[{"count":2,"href":"https:\/\/agora.xtec.cat\/iesvilamajor\/wp-json\/wp\/v2\/posts\/3043\/revisions"}],"predecessor-version":[{"id":3048,"href":"https:\/\/agora.xtec.cat\/iesvilamajor\/wp-json\/wp\/v2\/posts\/3043\/revisions\/3048"}],"wp:featuredmedia":[{"embeddable":true,"href":"https:\/\/agora.xtec.cat\/iesvilamajor\/wp-json\/wp\/v2\/media\/3044"}],"wp:attachment":[{"href":"https:\/\/agora.xtec.cat\/iesvilamajor\/wp-json\/wp\/v2\/media?parent=3043"}],"wp:term":[{"taxonomy":"category","embeddable":true,"href":"https:\/\/agora.xtec.cat\/iesvilamajor\/wp-json\/wp\/v2\/categories?post=3043"},{"taxonomy":"post_tag","embeddable":true,"href":"https:\/\/agora.xtec.cat\/iesvilamajor\/wp-json\/wp\/v2\/tags?post=3043"}],"curies":[{"name":"wp","href":"https:\/\/api.w.org\/{rel}","templated":true}]}}