{"id":2897,"date":"2024-02-08T10:35:50","date_gmt":"2024-02-08T09:35:50","guid":{"rendered":"https:\/\/agora.xtec.cat\/iesvilamajor\/?p=2897"},"modified":"2024-03-07T10:48:34","modified_gmt":"2024-03-07T09:48:34","slug":"bicicletada-solidaria-10-02-2024","status":"publish","type":"post","link":"https:\/\/agora.xtec.cat\/iesvilamajor\/general\/bicicletada-solidaria-10-02-2024\/","title":{"rendered":"Bicicletada solid\u00e0ria 10\/02\/2024"},"content":{"rendered":"<p>&nbsp;<\/p>\n<div class=\"ast-oembed-container \" style=\"height: 100%;\"><iframe loading=\"lazy\" title=\"Per un pati sense mans a les butxaques\" width=\"500\" height=\"281\" src=\"https:\/\/www.youtube.com\/embed\/P84MSEU6baI?feature=oembed\" frameborder=\"0\" allow=\"accelerometer; autoplay; clipboard-write; encrypted-media; gyroscope; picture-in-picture; web-share\" referrerpolicy=\"strict-origin-when-cross-origin\" allowfullscreen><\/iframe><\/div>\n<p style=\"text-align: justify;\">L&#8217;alumnat de 2n de Batxillerat, en el context de l&#8217;assignatura d&#8217;ODS (Objectius per al Desenvolupament Sostenible) ha organitzat una jornada solid\u00e0ria.<\/p>\n<p style=\"text-align: justify;\">El <strong>dissabte dia 10 de febrer<\/strong> es far\u00e0 una<strong> bicicletada solid\u00e0ria<\/strong> per la zona de Sant Pere de Vilamajor, apte per totes les edats i a m\u00e9s a m\u00e9s es podr\u00e0 seguir a peu per les persones que no disposin d\u2019una bicicleta. La ruta constar\u00e0 de 7,5 km.<\/p>\n<p style=\"text-align: justify;\">L\u2019inici de la bicicletada comen\u00e7ar\u00e0 a les <strong>10:00 h a l\u2019ajuntament de Sant Pere de Vilamajor.<\/strong> Per participar en la bicicletada, tant si es va en bicicleta com si \u00e9s va a peu, s\u2019hauran de portar aliments que aniran destinats a la parr\u00f2quia de Llinars.<br \/>\nEls aliments que es necessiten s\u00f3n: oli, conserves, pasta, arr\u00f2s, llet i aliments amb caducitat llarga.<\/p>\n<p><a href=\"https:\/\/agora.xtec.cat\/iesvilamajor\/wp-content\/uploads\/usu2625\/2024\/02\/8CE22416-6D79-41BB-A3F1-CC7F16F79612.jpeg\"><img loading=\"lazy\" decoding=\"async\" class=\"alignnone size-medium wp-image-2899\" src=\"https:\/\/agora.xtec.cat\/iesvilamajor\/wp-content\/uploads\/usu2625\/2024\/02\/8CE22416-6D79-41BB-A3F1-CC7F16F79612-193x300.jpeg\" alt=\"\" width=\"193\" height=\"300\" srcset=\"https:\/\/agora.xtec.cat\/iesvilamajor\/wp-content\/uploads\/usu2625\/2024\/02\/8CE22416-6D79-41BB-A3F1-CC7F16F79612-193x300.jpeg 193w, https:\/\/agora.xtec.cat\/iesvilamajor\/wp-content\/uploads\/usu2625\/2024\/02\/8CE22416-6D79-41BB-A3F1-CC7F16F79612-657x1024.jpeg 657w, https:\/\/agora.xtec.cat\/iesvilamajor\/wp-content\/uploads\/usu2625\/2024\/02\/8CE22416-6D79-41BB-A3F1-CC7F16F79612-768x1197.jpeg 768w, https:\/\/agora.xtec.cat\/iesvilamajor\/wp-content\/uploads\/usu2625\/2024\/02\/8CE22416-6D79-41BB-A3F1-CC7F16F79612-986x1536.jpeg 986w, https:\/\/agora.xtec.cat\/iesvilamajor\/wp-content\/uploads\/usu2625\/2024\/02\/8CE22416-6D79-41BB-A3F1-CC7F16F79612-1314x2048.jpeg 1314w, https:\/\/agora.xtec.cat\/iesvilamajor\/wp-content\/uploads\/usu2625\/2024\/02\/8CE22416-6D79-41BB-A3F1-CC7F16F79612.jpeg 1603w\" sizes=\"auto, (max-width: 193px) 100vw, 193px\" \/>\u00a0\u00a0\u00a0\u00a0<\/a><a href=\"https:\/\/agora.xtec.cat\/iesvilamajor\/wp-content\/uploads\/usu2625\/2024\/02\/Poster-bicicletada.png\"><img loading=\"lazy\" decoding=\"async\" class=\"alignnone wp-image-2898\" src=\"https:\/\/agora.xtec.cat\/iesvilamajor\/wp-content\/uploads\/usu2625\/2024\/02\/Poster-bicicletada-212x300.png\" alt=\"\" width=\"211\" height=\"298\" srcset=\"https:\/\/agora.xtec.cat\/iesvilamajor\/wp-content\/uploads\/usu2625\/2024\/02\/Poster-bicicletada-212x300.png 212w, https:\/\/agora.xtec.cat\/iesvilamajor\/wp-content\/uploads\/usu2625\/2024\/02\/Poster-bicicletada-724x1024.png 724w, https:\/\/agora.xtec.cat\/iesvilamajor\/wp-content\/uploads\/usu2625\/2024\/02\/Poster-bicicletada-768x1086.png 768w, https:\/\/agora.xtec.cat\/iesvilamajor\/wp-content\/uploads\/usu2625\/2024\/02\/Poster-bicicletada-1086x1536.png 1086w, https:\/\/agora.xtec.cat\/iesvilamajor\/wp-content\/uploads\/usu2625\/2024\/02\/Poster-bicicletada.png 1414w\" sizes=\"auto, (max-width: 211px) 100vw, 211px\" \/><\/a><\/p>\n<p>Animem a tota la comunitat educativa a participar-hi!<\/p>\n","protected":false},"excerpt":{"rendered":"<p>&nbsp; L&#8217;alumnat de 2n de Batxillerat, en el context de l&#8217;assignatura d&#8217;ODS (Objectius per al Desenvolupament Sostenible) ha organitzat una jornada solid\u00e0ria. El dissabte dia 10 de febrer es far\u00e0 una bicicletada solid\u00e0ria per la zona de Sant Pere de Vilamajor, apte per totes les edats i a m\u00e9s a m\u00e9s es podr\u00e0 seguir a [&hellip;]<\/p>\n","protected":false},"author":6,"featured_media":2898,"comment_status":"closed","ping_status":"closed","sticky":false,"template":"","format":"standard","meta":{"_bbp_topic_count":0,"_bbp_reply_count":0,"_bbp_total_topic_count":0,"_bbp_total_reply_count":0,"_bbp_voice_count":0,"_bbp_anonymous_reply_count":0,"_bbp_topic_count_hidden":0,"_bbp_reply_count_hidden":0,"_bbp_forum_subforum_count":0,"site-sidebar-layout":"default","site-content-layout":"","ast-site-content-layout":"","site-content-style":"default","site-sidebar-style":"default","ast-global-header-display":"","ast-banner-title-visibility":"","ast-main-header-display":"","ast-hfb-above-header-display":"","ast-hfb-below-header-display":"","ast-hfb-mobile-header-display":"","site-post-title":"","ast-breadcrumbs-content":"","ast-featured-img":"","footer-sml-layout":"","theme-transparent-header-meta":"","adv-header-id-meta":"","stick-header-meta":"","header-above-stick-meta":"","header-main-stick-meta":"","header-below-stick-meta":"","astra-migrate-meta-layouts":"default","ast-page-background-enabled":"default","ast-page-background-meta":{"desktop":{"background-color":"var(--ast-global-color-4)","background-image":"","background-repeat":"repeat","background-position":"center center","background-size":"auto","background-attachment":"scroll","background-type":"","background-media":"","overlay-type":"","overlay-color":"","overlay-opacity":"","overlay-gradient":""},"tablet":{"background-color":"","background-image":"","background-repeat":"repeat","background-position":"center center","background-size":"auto","background-attachment":"scroll","background-type":"","background-media":"","overlay-type":"","overlay-color":"","overlay-opacity":"","overlay-gradient":""},"mobile":{"background-color":"","background-image":"","background-repeat":"repeat","background-position":"center center","background-size":"auto","background-attachment":"scroll","background-type":"","background-media":"","overlay-type":"","overlay-color":"","overlay-opacity":"","overlay-gradient":""}},"ast-content-background-meta":{"desktop":{"background-color":"var(--ast-global-color-5)","background-image":"","background-repeat":"repeat","background-position":"center center","background-size":"auto","background-attachment":"scroll","background-type":"","background-media":"","overlay-type":"","overlay-color":"","overlay-opacity":"","overlay-gradient":""},"tablet":{"background-color":"var(--ast-global-color-5)","background-image":"","background-repeat":"repeat","background-position":"center center","background-size":"auto","background-attachment":"scroll","background-type":"","background-media":"","overlay-type":"","overlay-color":"","overlay-opacity":"","overlay-gradient":""},"mobile":{"background-color":"var(--ast-global-color-5)","background-image":"","background-repeat":"repeat","background-position":"center center","background-size":"auto","background-attachment":"scroll","background-type":"","background-media":"","overlay-type":"","overlay-color":"","overlay-opacity":"","overlay-gradient":""}},"footnotes":""},"categories":[1,29],"tags":[],"class_list":["post-2897","post","type-post","status-publish","format-standard","has-post-thumbnail","hentry","category-general","category-portada"],"post_mailing_queue_ids":[],"_links":{"self":[{"href":"https:\/\/agora.xtec.cat\/iesvilamajor\/wp-json\/wp\/v2\/posts\/2897","targetHints":{"allow":["GET"]}}],"collection":[{"href":"https:\/\/agora.xtec.cat\/iesvilamajor\/wp-json\/wp\/v2\/posts"}],"about":[{"href":"https:\/\/agora.xtec.cat\/iesvilamajor\/wp-json\/wp\/v2\/types\/post"}],"author":[{"embeddable":true,"href":"https:\/\/agora.xtec.cat\/iesvilamajor\/wp-json\/wp\/v2\/users\/6"}],"replies":[{"embeddable":true,"href":"https:\/\/agora.xtec.cat\/iesvilamajor\/wp-json\/wp\/v2\/comments?post=2897"}],"version-history":[{"count":5,"href":"https:\/\/agora.xtec.cat\/iesvilamajor\/wp-json\/wp\/v2\/posts\/2897\/revisions"}],"predecessor-version":[{"id":2967,"href":"https:\/\/agora.xtec.cat\/iesvilamajor\/wp-json\/wp\/v2\/posts\/2897\/revisions\/2967"}],"wp:featuredmedia":[{"embeddable":true,"href":"https:\/\/agora.xtec.cat\/iesvilamajor\/wp-json\/wp\/v2\/media\/2898"}],"wp:attachment":[{"href":"https:\/\/agora.xtec.cat\/iesvilamajor\/wp-json\/wp\/v2\/media?parent=2897"}],"wp:term":[{"taxonomy":"category","embeddable":true,"href":"https:\/\/agora.xtec.cat\/iesvilamajor\/wp-json\/wp\/v2\/categories?post=2897"},{"taxonomy":"post_tag","embeddable":true,"href":"https:\/\/agora.xtec.cat\/iesvilamajor\/wp-json\/wp\/v2\/tags?post=2897"}],"curies":[{"name":"wp","href":"https:\/\/api.w.org\/{rel}","templated":true}]}}