{"id":2830,"date":"2023-12-20T12:55:59","date_gmt":"2023-12-20T11:55:59","guid":{"rendered":"https:\/\/agora.xtec.cat\/iesvilamajor\/?p=2830"},"modified":"2023-12-20T13:05:48","modified_gmt":"2023-12-20T12:05:48","slug":"revista-escolar-digital-red-de-linstitut","status":"publish","type":"post","link":"https:\/\/agora.xtec.cat\/iesvilamajor\/general\/revista-escolar-digital-red-de-linstitut\/","title":{"rendered":"Revista Escolar Digital (RED)"},"content":{"rendered":"<p style=\"text-align: justify;\">Sabies que els alumnes de 2n d\u2019ESO redacten, editen i dirigeixen la revista escolar del centre? Es diu <a href=\"https:\/\/vilamajor.junior-report.media\/\" target=\"_blank\" rel=\"noopener\">Vilamajor Report<\/a> i cada setmana s\u2019actualitza amb informaci\u00f3 de l\u2019entorn, articles d\u2019opini\u00f3 de temes que els interessen i entrevistes fetes des dels seus ulls.<\/p>\n<p dir=\"ltr\" style=\"text-align: justify;\">Aquest mitj\u00e0 de comunicaci\u00f3 forma part del projecte informatiu i educatiu Revista Escolar Digital (RED), impulsat pel diari\u00a0<a href=\"https:\/\/junior-report.cat\/\" target=\"_blank\" rel=\"noopener\" data-saferedirecturl=\"https:\/\/www.google.com\/url?q=https:\/\/junior-report.cat\/&amp;source=gmail&amp;ust=1703159183269000&amp;usg=AOvVaw1-PMsM5vXvobBNKBT7MbAE\">Junior Report<\/a>, i t\u00e9 l\u2019objectiu de fomentar el pensament cr\u00edtic i treballar les compet\u00e8ncies ling\u00fc\u00edstiques de l\u2019alumnat a partir de situacions d\u2019aprenentatge basades en temes d\u2019actualitat.<\/p>\n<p dir=\"ltr\" style=\"text-align: justify;\">A continuaci\u00f3, <b>pots llegir\u00a0<\/b><b>els<\/b><b>\u00a0articles que la redacci\u00f3 escolar ha fet durant aquest primer trimestre del curs. <\/b>Fes clic a l\u2019enlla\u00e7 per veure tots els continguts. No t\u2019ho perdis!<\/p>\n<h4 style=\"text-align: center;\"><span style=\"color: #000000; font-family: Arial, sans-serif;\"><a href=\"https:\/\/vilamajor.junior-report.media\/?na=view&amp;id=8\" target=\"_blank\" rel=\"noopener\" data-saferedirecturl=\"https:\/\/www.google.com\/url?q=https:\/\/vilamajor.junior-report.media\/?na%3Dview%26id%3D8&amp;source=gmail&amp;ust=1703159183269000&amp;usg=AOvVaw1AxhmwandUXu_sZGOWx15N\">Butllet\u00ed Vilamajor Report<\/a><\/span><\/h4>\n","protected":false},"excerpt":{"rendered":"<p>Sabies que els alumnes de 2n d\u2019ESO redacten, editen i dirigeixen la revista escolar del centre? Es diu Vilamajor Report i cada setmana s\u2019actualitza amb informaci\u00f3 de l\u2019entorn, articles d\u2019opini\u00f3 de temes que els interessen i entrevistes fetes des dels seus ulls. Aquest mitj\u00e0 de comunicaci\u00f3 forma part del projecte informatiu i educatiu Revista Escolar [&hellip;]<\/p>\n","protected":false},"author":3,"featured_media":0,"comment_status":"closed","ping_status":"closed","sticky":false,"template":"","format":"standard","meta":{"_bbp_topic_count":0,"_bbp_reply_count":0,"_bbp_total_topic_count":0,"_bbp_total_reply_count":0,"_bbp_voice_count":0,"_bbp_anonymous_reply_count":0,"_bbp_topic_count_hidden":0,"_bbp_reply_count_hidden":0,"_bbp_forum_subforum_count":0,"site-sidebar-layout":"default","site-content-layout":"","ast-site-content-layout":"","site-content-style":"default","site-sidebar-style":"default","ast-global-header-display":"","ast-banner-title-visibility":"","ast-main-header-display":"","ast-hfb-above-header-display":"","ast-hfb-below-header-display":"","ast-hfb-mobile-header-display":"","site-post-title":"","ast-breadcrumbs-content":"","ast-featured-img":"","footer-sml-layout":"","theme-transparent-header-meta":"","adv-header-id-meta":"","stick-header-meta":"","header-above-stick-meta":"","header-main-stick-meta":"","header-below-stick-meta":"","astra-migrate-meta-layouts":"default","ast-page-background-enabled":"default","ast-page-background-meta":{"desktop":{"background-color":"var(--ast-global-color-4)","background-image":"","background-repeat":"repeat","background-position":"center center","background-size":"auto","background-attachment":"scroll","background-type":"","background-media":"","overlay-type":"","overlay-color":"","overlay-opacity":"","overlay-gradient":""},"tablet":{"background-color":"","background-image":"","background-repeat":"repeat","background-position":"center center","background-size":"auto","background-attachment":"scroll","background-type":"","background-media":"","overlay-type":"","overlay-color":"","overlay-opacity":"","overlay-gradient":""},"mobile":{"background-color":"","background-image":"","background-repeat":"repeat","background-position":"center center","background-size":"auto","background-attachment":"scroll","background-type":"","background-media":"","overlay-type":"","overlay-color":"","overlay-opacity":"","overlay-gradient":""}},"ast-content-background-meta":{"desktop":{"background-color":"var(--ast-global-color-5)","background-image":"","background-repeat":"repeat","background-position":"center center","background-size":"auto","background-attachment":"scroll","background-type":"","background-media":"","overlay-type":"","overlay-color":"","overlay-opacity":"","overlay-gradient":""},"tablet":{"background-color":"var(--ast-global-color-5)","background-image":"","background-repeat":"repeat","background-position":"center center","background-size":"auto","background-attachment":"scroll","background-type":"","background-media":"","overlay-type":"","overlay-color":"","overlay-opacity":"","overlay-gradient":""},"mobile":{"background-color":"var(--ast-global-color-5)","background-image":"","background-repeat":"repeat","background-position":"center center","background-size":"auto","background-attachment":"scroll","background-type":"","background-media":"","overlay-type":"","overlay-color":"","overlay-opacity":"","overlay-gradient":""}},"footnotes":""},"categories":[1,29],"tags":[],"class_list":["post-2830","post","type-post","status-publish","format-standard","hentry","category-general","category-portada"],"post_mailing_queue_ids":[],"_links":{"self":[{"href":"https:\/\/agora.xtec.cat\/iesvilamajor\/wp-json\/wp\/v2\/posts\/2830","targetHints":{"allow":["GET"]}}],"collection":[{"href":"https:\/\/agora.xtec.cat\/iesvilamajor\/wp-json\/wp\/v2\/posts"}],"about":[{"href":"https:\/\/agora.xtec.cat\/iesvilamajor\/wp-json\/wp\/v2\/types\/post"}],"author":[{"embeddable":true,"href":"https:\/\/agora.xtec.cat\/iesvilamajor\/wp-json\/wp\/v2\/users\/3"}],"replies":[{"embeddable":true,"href":"https:\/\/agora.xtec.cat\/iesvilamajor\/wp-json\/wp\/v2\/comments?post=2830"}],"version-history":[{"count":5,"href":"https:\/\/agora.xtec.cat\/iesvilamajor\/wp-json\/wp\/v2\/posts\/2830\/revisions"}],"predecessor-version":[{"id":2839,"href":"https:\/\/agora.xtec.cat\/iesvilamajor\/wp-json\/wp\/v2\/posts\/2830\/revisions\/2839"}],"wp:attachment":[{"href":"https:\/\/agora.xtec.cat\/iesvilamajor\/wp-json\/wp\/v2\/media?parent=2830"}],"wp:term":[{"taxonomy":"category","embeddable":true,"href":"https:\/\/agora.xtec.cat\/iesvilamajor\/wp-json\/wp\/v2\/categories?post=2830"},{"taxonomy":"post_tag","embeddable":true,"href":"https:\/\/agora.xtec.cat\/iesvilamajor\/wp-json\/wp\/v2\/tags?post=2830"}],"curies":[{"name":"wp","href":"https:\/\/api.w.org\/{rel}","templated":true}]}}