{"id":2806,"date":"2023-12-15T12:55:12","date_gmt":"2023-12-15T11:55:12","guid":{"rendered":"https:\/\/agora.xtec.cat\/iesvilamajor\/?p=2806"},"modified":"2023-12-17T12:52:48","modified_gmt":"2023-12-17T11:52:48","slug":"carta-de-la-consellera-per-a-les-families","status":"publish","type":"post","link":"https:\/\/agora.xtec.cat\/iesvilamajor\/general\/carta-de-la-consellera-per-a-les-families\/","title":{"rendered":"Carta de la consellera per a les fam\u00edlies"},"content":{"rendered":"<div>\n<table style=\"width: 99.3939%; height: 52px;\" border=\"0\" width=\"100%\" cellspacing=\"0\" cellpadding=\"0\">\n<tbody>\n<tr>\n<td class=\"m_2302494277457044601alignImage\" valign=\"middle\" width=\"100%\"><img loading=\"lazy\" decoding=\"async\" class=\"m_2302494277457044601te-responsive CToWUd\" src=\"https:\/\/ci3.googleusercontent.com\/meips\/ADKq_NZNhRLGe8oLnQiugsCUHlYEqwj0GjqXZiR6dxzYqD8vtfKX53RdhCYFni84sXkkI2kFA_gL2XyNL5Afi6HbFxKBN9Om62xiiGQlNigg9T5Lnt625LuzgYx6rl0rWn9hezUnw6DpEy6R4uzPpX4BzdLR6g=s0-d-e1-ft#https:\/\/objenv.gencat.cat\/v3\/uploads\/gencat_educacio\/gestor-imagenes\/final_7011697016067.jpg\" alt=\"\" width=\"577\" height=\"52\" data-bit=\"iit\" \/><\/td>\n<\/tr>\n<\/tbody>\n<\/table>\n<\/div>\n<div>\n<table border=\"0\" width=\"100%\" cellspacing=\"0\" cellpadding=\"0\">\n<tbody>\n<tr>\n<td class=\"m_2302494277457044601moduloTexto\" width=\"100%\">\n<div>\n<div>\n<div>\n<div>\n<div>\n<div>\n<div style=\"text-align: justify;\">\n<p>Benvolgudes fam\u00edlies,<\/p>\n<\/div>\n<div><\/div>\n<div style=\"text-align: justify;\">Us fem arribar, enlla\u00e7ada, la\u00a0<a href=\"https:\/\/objenv.gencat.cat\/v4\/public\/estadisticas\/link\/gencat_educacio\/496\/1\/8039\/746070de86d71317d7de6c21bf6cb589\/\" target=\"_blank\" rel=\"noopener\" data-saferedirecturl=\"https:\/\/www.google.com\/url?q=https:\/\/objenv.gencat.cat\/v4\/public\/estadisticas\/link\/gencat_educacio\/496\/1\/8039\/746070de86d71317d7de6c21bf6cb589\/&amp;source=gmail&amp;ust=1702709343744000&amp;usg=AOvVaw05WMq56m2dahjnwnSCDfnU\">carta que la consellera Anna Sim\u00f3 Castell\u00f3 adre\u00e7a a les fam\u00edlies<\/a><\/div>\n<div><\/div>\n<\/div>\n<div><\/div>\n<div><\/div>\n<\/div>\n<\/div>\n<div>Departament d&#8217;Educaci\u00f3\u200b.<\/div>\n<\/div>\n<\/div>\n<\/div>\n<\/td>\n<\/tr>\n<\/tbody>\n<\/table>\n<\/div>\n","protected":false},"excerpt":{"rendered":"<p>Benvolgudes fam\u00edlies, Us fem arribar, enlla\u00e7ada, la\u00a0carta que la consellera Anna Sim\u00f3 Castell\u00f3 adre\u00e7a a les fam\u00edlies Departament d&#8217;Educaci\u00f3\u200b.<\/p>\n","protected":false},"author":3,"featured_media":0,"comment_status":"closed","ping_status":"closed","sticky":false,"template":"","format":"standard","meta":{"_bbp_topic_count":0,"_bbp_reply_count":0,"_bbp_total_topic_count":0,"_bbp_total_reply_count":0,"_bbp_voice_count":0,"_bbp_anonymous_reply_count":0,"_bbp_topic_count_hidden":0,"_bbp_reply_count_hidden":0,"_bbp_forum_subforum_count":0,"site-sidebar-layout":"default","site-content-layout":"","ast-site-content-layout":"","site-content-style":"default","site-sidebar-style":"default","ast-global-header-display":"","ast-banner-title-visibility":"","ast-main-header-display":"","ast-hfb-above-header-display":"","ast-hfb-below-header-display":"","ast-hfb-mobile-header-display":"","site-post-title":"","ast-breadcrumbs-content":"","ast-featured-img":"","footer-sml-layout":"","theme-transparent-header-meta":"","adv-header-id-meta":"","stick-header-meta":"","header-above-stick-meta":"","header-main-stick-meta":"","header-below-stick-meta":"","astra-migrate-meta-layouts":"default","ast-page-background-enabled":"default","ast-page-background-meta":{"desktop":{"background-color":"var(--ast-global-color-4)","background-image":"","background-repeat":"repeat","background-position":"center center","background-size":"auto","background-attachment":"scroll","background-type":"","background-media":"","overlay-type":"","overlay-color":"","overlay-opacity":"","overlay-gradient":""},"tablet":{"background-color":"","background-image":"","background-repeat":"repeat","background-position":"center center","background-size":"auto","background-attachment":"scroll","background-type":"","background-media":"","overlay-type":"","overlay-color":"","overlay-opacity":"","overlay-gradient":""},"mobile":{"background-color":"","background-image":"","background-repeat":"repeat","background-position":"center center","background-size":"auto","background-attachment":"scroll","background-type":"","background-media":"","overlay-type":"","overlay-color":"","overlay-opacity":"","overlay-gradient":""}},"ast-content-background-meta":{"desktop":{"background-color":"var(--ast-global-color-5)","background-image":"","background-repeat":"repeat","background-position":"center center","background-size":"auto","background-attachment":"scroll","background-type":"","background-media":"","overlay-type":"","overlay-color":"","overlay-opacity":"","overlay-gradient":""},"tablet":{"background-color":"var(--ast-global-color-5)","background-image":"","background-repeat":"repeat","background-position":"center center","background-size":"auto","background-attachment":"scroll","background-type":"","background-media":"","overlay-type":"","overlay-color":"","overlay-opacity":"","overlay-gradient":""},"mobile":{"background-color":"var(--ast-global-color-5)","background-image":"","background-repeat":"repeat","background-position":"center center","background-size":"auto","background-attachment":"scroll","background-type":"","background-media":"","overlay-type":"","overlay-color":"","overlay-opacity":"","overlay-gradient":""}},"footnotes":""},"categories":[1,29],"tags":[],"class_list":["post-2806","post","type-post","status-publish","format-standard","hentry","category-general","category-portada"],"post_mailing_queue_ids":[],"_links":{"self":[{"href":"https:\/\/agora.xtec.cat\/iesvilamajor\/wp-json\/wp\/v2\/posts\/2806","targetHints":{"allow":["GET"]}}],"collection":[{"href":"https:\/\/agora.xtec.cat\/iesvilamajor\/wp-json\/wp\/v2\/posts"}],"about":[{"href":"https:\/\/agora.xtec.cat\/iesvilamajor\/wp-json\/wp\/v2\/types\/post"}],"author":[{"embeddable":true,"href":"https:\/\/agora.xtec.cat\/iesvilamajor\/wp-json\/wp\/v2\/users\/3"}],"replies":[{"embeddable":true,"href":"https:\/\/agora.xtec.cat\/iesvilamajor\/wp-json\/wp\/v2\/comments?post=2806"}],"version-history":[{"count":5,"href":"https:\/\/agora.xtec.cat\/iesvilamajor\/wp-json\/wp\/v2\/posts\/2806\/revisions"}],"predecessor-version":[{"id":2815,"href":"https:\/\/agora.xtec.cat\/iesvilamajor\/wp-json\/wp\/v2\/posts\/2806\/revisions\/2815"}],"wp:attachment":[{"href":"https:\/\/agora.xtec.cat\/iesvilamajor\/wp-json\/wp\/v2\/media?parent=2806"}],"wp:term":[{"taxonomy":"category","embeddable":true,"href":"https:\/\/agora.xtec.cat\/iesvilamajor\/wp-json\/wp\/v2\/categories?post=2806"},{"taxonomy":"post_tag","embeddable":true,"href":"https:\/\/agora.xtec.cat\/iesvilamajor\/wp-json\/wp\/v2\/tags?post=2806"}],"curies":[{"name":"wp","href":"https:\/\/api.w.org\/{rel}","templated":true}]}}