{"id":2670,"date":"2023-10-19T10:59:51","date_gmt":"2023-10-19T08:59:51","guid":{"rendered":"https:\/\/agora.xtec.cat\/iesvilamajor\/?p=2670"},"modified":"2023-10-27T19:51:13","modified_gmt":"2023-10-27T17:51:13","slug":"sortides-de-cohesio-2023","status":"publish","type":"post","link":"https:\/\/agora.xtec.cat\/iesvilamajor\/general\/sortides-de-cohesio-2023\/","title":{"rendered":"Sortides de Cohesi\u00f3 2023"},"content":{"rendered":"<p><a href=\"https:\/\/agora.xtec.cat\/iesvilamajor\/wp-content\/uploads\/usu2625\/2023\/10\/FCo9wdeXsAMrNVb.jpg\"><img loading=\"lazy\" decoding=\"async\" class=\"alignnone wp-image-2671\" src=\"https:\/\/agora.xtec.cat\/iesvilamajor\/wp-content\/uploads\/usu2625\/2023\/10\/FCo9wdeXsAMrNVb-1024x577.jpg\" alt=\"\" width=\"657\" height=\"370\" srcset=\"https:\/\/agora.xtec.cat\/iesvilamajor\/wp-content\/uploads\/usu2625\/2023\/10\/FCo9wdeXsAMrNVb-1024x577.jpg 1024w, https:\/\/agora.xtec.cat\/iesvilamajor\/wp-content\/uploads\/usu2625\/2023\/10\/FCo9wdeXsAMrNVb-300x169.jpg 300w, https:\/\/agora.xtec.cat\/iesvilamajor\/wp-content\/uploads\/usu2625\/2023\/10\/FCo9wdeXsAMrNVb-768x433.jpg 768w, https:\/\/agora.xtec.cat\/iesvilamajor\/wp-content\/uploads\/usu2625\/2023\/10\/FCo9wdeXsAMrNVb-1536x866.jpg 1536w, https:\/\/agora.xtec.cat\/iesvilamajor\/wp-content\/uploads\/usu2625\/2023\/10\/FCo9wdeXsAMrNVb.jpg 2048w\" sizes=\"auto, (max-width: 657px) 100vw, 657px\" \/><\/a><\/p>\n<p>La setmana vinent tindran lloc les sortides de cohesi\u00f3 d&#8217;aquest inici de curs:<\/p>\n<ul>\n<li>1r ESO dur\u00e0 a terme una sortida d&#8217;entorn el dia 25_10_23<\/li>\n<li>2n ESO La Serdanya. Sortida amb pernoctaci\u00f3 els dies 25 i 26.<\/li>\n<li>3r ESO Vall de N\u00faria. Sortida amb pernoctaci\u00f3 els dies 25 i 26.<\/li>\n<li>4t ESO sortida a Santa Fe. Dia 25_10_23.<\/li>\n<li>Batxillerat sortida a Olot, La Fageda. Dia 25_10_23.<\/li>\n<\/ul>\n<p>*Els dies 25 i 26 s\u00f3n lectius. L&#8217;alumnat de la ESO no participant a les sortides ha d&#8217;assistir al centre on dur\u00e0 a terme activitats d&#8217;ensenyament_aprenentatge de caire l\u00fadic.<\/p>\n","protected":false},"excerpt":{"rendered":"<p>La setmana vinent tindran lloc les sortides de cohesi\u00f3 d&#8217;aquest inici de curs: 1r ESO dur\u00e0 a terme una sortida d&#8217;entorn el dia 25_10_23 2n ESO La Serdanya. Sortida amb pernoctaci\u00f3 els dies 25 i 26. 3r ESO Vall de N\u00faria. Sortida amb pernoctaci\u00f3 els dies 25 i 26. 4t ESO sortida a Santa Fe. [&hellip;]<\/p>\n","protected":false},"author":5,"featured_media":2671,"comment_status":"closed","ping_status":"closed","sticky":false,"template":"","format":"standard","meta":{"_bbp_topic_count":0,"_bbp_reply_count":0,"_bbp_total_topic_count":0,"_bbp_total_reply_count":0,"_bbp_voice_count":0,"_bbp_anonymous_reply_count":0,"_bbp_topic_count_hidden":0,"_bbp_reply_count_hidden":0,"_bbp_forum_subforum_count":0,"site-sidebar-layout":"default","site-content-layout":"","ast-site-content-layout":"","site-content-style":"default","site-sidebar-style":"default","ast-global-header-display":"","ast-banner-title-visibility":"","ast-main-header-display":"","ast-hfb-above-header-display":"","ast-hfb-below-header-display":"","ast-hfb-mobile-header-display":"","site-post-title":"","ast-breadcrumbs-content":"","ast-featured-img":"","footer-sml-layout":"","theme-transparent-header-meta":"","adv-header-id-meta":"","stick-header-meta":"","header-above-stick-meta":"","header-main-stick-meta":"","header-below-stick-meta":"","astra-migrate-meta-layouts":"default","ast-page-background-enabled":"default","ast-page-background-meta":{"desktop":{"background-color":"var(--ast-global-color-4)","background-image":"","background-repeat":"repeat","background-position":"center center","background-size":"auto","background-attachment":"scroll","background-type":"","background-media":"","overlay-type":"","overlay-color":"","overlay-opacity":"","overlay-gradient":""},"tablet":{"background-color":"","background-image":"","background-repeat":"repeat","background-position":"center center","background-size":"auto","background-attachment":"scroll","background-type":"","background-media":"","overlay-type":"","overlay-color":"","overlay-opacity":"","overlay-gradient":""},"mobile":{"background-color":"","background-image":"","background-repeat":"repeat","background-position":"center center","background-size":"auto","background-attachment":"scroll","background-type":"","background-media":"","overlay-type":"","overlay-color":"","overlay-opacity":"","overlay-gradient":""}},"ast-content-background-meta":{"desktop":{"background-color":"var(--ast-global-color-5)","background-image":"","background-repeat":"repeat","background-position":"center center","background-size":"auto","background-attachment":"scroll","background-type":"","background-media":"","overlay-type":"","overlay-color":"","overlay-opacity":"","overlay-gradient":""},"tablet":{"background-color":"var(--ast-global-color-5)","background-image":"","background-repeat":"repeat","background-position":"center center","background-size":"auto","background-attachment":"scroll","background-type":"","background-media":"","overlay-type":"","overlay-color":"","overlay-opacity":"","overlay-gradient":""},"mobile":{"background-color":"var(--ast-global-color-5)","background-image":"","background-repeat":"repeat","background-position":"center center","background-size":"auto","background-attachment":"scroll","background-type":"","background-media":"","overlay-type":"","overlay-color":"","overlay-opacity":"","overlay-gradient":""}},"footnotes":""},"categories":[1,29],"tags":[],"class_list":["post-2670","post","type-post","status-publish","format-standard","has-post-thumbnail","hentry","category-general","category-portada"],"post_mailing_queue_ids":[],"_links":{"self":[{"href":"https:\/\/agora.xtec.cat\/iesvilamajor\/wp-json\/wp\/v2\/posts\/2670","targetHints":{"allow":["GET"]}}],"collection":[{"href":"https:\/\/agora.xtec.cat\/iesvilamajor\/wp-json\/wp\/v2\/posts"}],"about":[{"href":"https:\/\/agora.xtec.cat\/iesvilamajor\/wp-json\/wp\/v2\/types\/post"}],"author":[{"embeddable":true,"href":"https:\/\/agora.xtec.cat\/iesvilamajor\/wp-json\/wp\/v2\/users\/5"}],"replies":[{"embeddable":true,"href":"https:\/\/agora.xtec.cat\/iesvilamajor\/wp-json\/wp\/v2\/comments?post=2670"}],"version-history":[{"count":2,"href":"https:\/\/agora.xtec.cat\/iesvilamajor\/wp-json\/wp\/v2\/posts\/2670\/revisions"}],"predecessor-version":[{"id":2680,"href":"https:\/\/agora.xtec.cat\/iesvilamajor\/wp-json\/wp\/v2\/posts\/2670\/revisions\/2680"}],"wp:featuredmedia":[{"embeddable":true,"href":"https:\/\/agora.xtec.cat\/iesvilamajor\/wp-json\/wp\/v2\/media\/2671"}],"wp:attachment":[{"href":"https:\/\/agora.xtec.cat\/iesvilamajor\/wp-json\/wp\/v2\/media?parent=2670"}],"wp:term":[{"taxonomy":"category","embeddable":true,"href":"https:\/\/agora.xtec.cat\/iesvilamajor\/wp-json\/wp\/v2\/categories?post=2670"},{"taxonomy":"post_tag","embeddable":true,"href":"https:\/\/agora.xtec.cat\/iesvilamajor\/wp-json\/wp\/v2\/tags?post=2670"}],"curies":[{"name":"wp","href":"https:\/\/api.w.org\/{rel}","templated":true}]}}