{"id":2542,"date":"2023-07-18T16:45:09","date_gmt":"2023-07-18T14:45:09","guid":{"rendered":"https:\/\/agora.xtec.cat\/iesvilamajor\/?p=2542"},"modified":"2023-07-18T17:23:14","modified_gmt":"2023-07-18T15:23:14","slug":"carta-informativa-dinici-de-curs-2023-2024","status":"publish","type":"post","link":"https:\/\/agora.xtec.cat\/iesvilamajor\/general\/carta-informativa-dinici-de-curs-2023-2024\/","title":{"rendered":"Carta informativa d&#8217;inici de curs 2023-2024"},"content":{"rendered":"<p><strong>Benvolgut alumnat i fam\u00edlies d&#8217;ESO i Batxillerat,<\/strong><\/p>\n<p>Us adjuntem una carta informativa sobre diferents q\u00fcestions, en relaci\u00f3 a l&#8217;inici de curs 2023-2024, que heu de tenir present i que s\u00f3n del vostre inter\u00e8s.<\/p>\n<h5 style=\"text-align: center;\"><a href=\"https:\/\/drive.google.com\/file\/d\/1KLI9fqo_fNLg8No1J2vuJczWYG2M6-GR\/view?usp=sharing\" target=\"_blank\" rel=\"noopener\"><strong><em>CARTA INFORMATIVA D&#8217;INICI DE CURS, 2023-2024<\/em><\/strong><\/a><\/h5>\n<p>Ens retrobem al setembre i aprofitem per desitjar-vos un bon estiu!<\/p>\n<p><strong>Equip directiu.<\/strong><a href=\"https:\/\/agora.xtec.cat\/iesvilamajor\/wp-content\/uploads\/usu2625\/2023\/07\/agenda-portada-23_24-scaled.jpg\"><img loading=\"lazy\" decoding=\"async\" class=\"wp-image-2549 aligncenter\" src=\"https:\/\/agora.xtec.cat\/iesvilamajor\/wp-content\/uploads\/usu2625\/2023\/07\/agenda-portada-23_24-724x1024.jpg\" alt=\"\" width=\"145\" height=\"205\" srcset=\"https:\/\/agora.xtec.cat\/iesvilamajor\/wp-content\/uploads\/usu2625\/2023\/07\/agenda-portada-23_24-724x1024.jpg 724w, https:\/\/agora.xtec.cat\/iesvilamajor\/wp-content\/uploads\/usu2625\/2023\/07\/agenda-portada-23_24-212x300.jpg 212w, https:\/\/agora.xtec.cat\/iesvilamajor\/wp-content\/uploads\/usu2625\/2023\/07\/agenda-portada-23_24-768x1086.jpg 768w, https:\/\/agora.xtec.cat\/iesvilamajor\/wp-content\/uploads\/usu2625\/2023\/07\/agenda-portada-23_24-1086x1536.jpg 1086w, https:\/\/agora.xtec.cat\/iesvilamajor\/wp-content\/uploads\/usu2625\/2023\/07\/agenda-portada-23_24-1448x2048.jpg 1448w, https:\/\/agora.xtec.cat\/iesvilamajor\/wp-content\/uploads\/usu2625\/2023\/07\/agenda-portada-23_24-scaled.jpg 1810w\" sizes=\"auto, (max-width: 145px) 100vw, 145px\" \/><\/a><\/p>\n","protected":false},"excerpt":{"rendered":"<p>Benvolgut alumnat i fam\u00edlies d&#8217;ESO i Batxillerat, Us adjuntem una carta informativa sobre diferents q\u00fcestions, en relaci\u00f3 a l&#8217;inici de curs 2023-2024, que heu de tenir present i que s\u00f3n del vostre inter\u00e8s. CARTA INFORMATIVA D&#8217;INICI DE CURS, 2023-2024 Ens retrobem al setembre i aprofitem per desitjar-vos un bon estiu! Equip directiu.<\/p>\n","protected":false},"author":3,"featured_media":0,"comment_status":"closed","ping_status":"closed","sticky":false,"template":"","format":"standard","meta":{"_bbp_topic_count":0,"_bbp_reply_count":0,"_bbp_total_topic_count":0,"_bbp_total_reply_count":0,"_bbp_voice_count":0,"_bbp_anonymous_reply_count":0,"_bbp_topic_count_hidden":0,"_bbp_reply_count_hidden":0,"_bbp_forum_subforum_count":0,"site-sidebar-layout":"default","site-content-layout":"","ast-site-content-layout":"","site-content-style":"default","site-sidebar-style":"default","ast-global-header-display":"","ast-banner-title-visibility":"","ast-main-header-display":"","ast-hfb-above-header-display":"","ast-hfb-below-header-display":"","ast-hfb-mobile-header-display":"","site-post-title":"","ast-breadcrumbs-content":"","ast-featured-img":"","footer-sml-layout":"","theme-transparent-header-meta":"","adv-header-id-meta":"","stick-header-meta":"","header-above-stick-meta":"","header-main-stick-meta":"","header-below-stick-meta":"","astra-migrate-meta-layouts":"default","ast-page-background-enabled":"default","ast-page-background-meta":{"desktop":{"background-color":"var(--ast-global-color-4)","background-image":"","background-repeat":"repeat","background-position":"center center","background-size":"auto","background-attachment":"scroll","background-type":"","background-media":"","overlay-type":"","overlay-color":"","overlay-opacity":"","overlay-gradient":""},"tablet":{"background-color":"","background-image":"","background-repeat":"repeat","background-position":"center center","background-size":"auto","background-attachment":"scroll","background-type":"","background-media":"","overlay-type":"","overlay-color":"","overlay-opacity":"","overlay-gradient":""},"mobile":{"background-color":"","background-image":"","background-repeat":"repeat","background-position":"center center","background-size":"auto","background-attachment":"scroll","background-type":"","background-media":"","overlay-type":"","overlay-color":"","overlay-opacity":"","overlay-gradient":""}},"ast-content-background-meta":{"desktop":{"background-color":"var(--ast-global-color-5)","background-image":"","background-repeat":"repeat","background-position":"center center","background-size":"auto","background-attachment":"scroll","background-type":"","background-media":"","overlay-type":"","overlay-color":"","overlay-opacity":"","overlay-gradient":""},"tablet":{"background-color":"var(--ast-global-color-5)","background-image":"","background-repeat":"repeat","background-position":"center center","background-size":"auto","background-attachment":"scroll","background-type":"","background-media":"","overlay-type":"","overlay-color":"","overlay-opacity":"","overlay-gradient":""},"mobile":{"background-color":"var(--ast-global-color-5)","background-image":"","background-repeat":"repeat","background-position":"center center","background-size":"auto","background-attachment":"scroll","background-type":"","background-media":"","overlay-type":"","overlay-color":"","overlay-opacity":"","overlay-gradient":""}},"footnotes":""},"categories":[1,29],"tags":[],"class_list":["post-2542","post","type-post","status-publish","format-standard","hentry","category-general","category-portada"],"post_mailing_queue_ids":[],"_links":{"self":[{"href":"https:\/\/agora.xtec.cat\/iesvilamajor\/wp-json\/wp\/v2\/posts\/2542","targetHints":{"allow":["GET"]}}],"collection":[{"href":"https:\/\/agora.xtec.cat\/iesvilamajor\/wp-json\/wp\/v2\/posts"}],"about":[{"href":"https:\/\/agora.xtec.cat\/iesvilamajor\/wp-json\/wp\/v2\/types\/post"}],"author":[{"embeddable":true,"href":"https:\/\/agora.xtec.cat\/iesvilamajor\/wp-json\/wp\/v2\/users\/3"}],"replies":[{"embeddable":true,"href":"https:\/\/agora.xtec.cat\/iesvilamajor\/wp-json\/wp\/v2\/comments?post=2542"}],"version-history":[{"count":3,"href":"https:\/\/agora.xtec.cat\/iesvilamajor\/wp-json\/wp\/v2\/posts\/2542\/revisions"}],"predecessor-version":[{"id":2545,"href":"https:\/\/agora.xtec.cat\/iesvilamajor\/wp-json\/wp\/v2\/posts\/2542\/revisions\/2545"}],"wp:attachment":[{"href":"https:\/\/agora.xtec.cat\/iesvilamajor\/wp-json\/wp\/v2\/media?parent=2542"}],"wp:term":[{"taxonomy":"category","embeddable":true,"href":"https:\/\/agora.xtec.cat\/iesvilamajor\/wp-json\/wp\/v2\/categories?post=2542"},{"taxonomy":"post_tag","embeddable":true,"href":"https:\/\/agora.xtec.cat\/iesvilamajor\/wp-json\/wp\/v2\/tags?post=2542"}],"curies":[{"name":"wp","href":"https:\/\/api.w.org\/{rel}","templated":true}]}}