{"id":2404,"date":"2023-06-19T13:49:30","date_gmt":"2023-06-19T11:49:30","guid":{"rendered":"https:\/\/agora.xtec.cat\/iesvilamajor\/?p=2404"},"modified":"2023-06-20T11:40:31","modified_gmt":"2023-06-20T09:40:31","slug":"feines-destiu-per-a-lalumnat","status":"publish","type":"post","link":"https:\/\/agora.xtec.cat\/iesvilamajor\/general\/feines-destiu-per-a-lalumnat\/","title":{"rendered":"Feines d&#8217;estiu per a l&#8217;alumnat!"},"content":{"rendered":"<div><strong>\u00a0<\/strong><\/div>\n<div><a href=\"https:\/\/sites.google.com\/xtec.cat\/institut-vilamajor\/inici\" target=\"_blank\" rel=\"noopener\"><img loading=\"lazy\" decoding=\"async\" class=\"wp-image-2405 aligncenter\" src=\"https:\/\/agora.xtec.cat\/iesvilamajor\/wp-content\/uploads\/usu2625\/2023\/06\/unnamed-1024x576.png\" alt=\"\" width=\"667\" height=\"375\" srcset=\"https:\/\/agora.xtec.cat\/iesvilamajor\/wp-content\/uploads\/usu2625\/2023\/06\/unnamed-1024x576.png 1024w, https:\/\/agora.xtec.cat\/iesvilamajor\/wp-content\/uploads\/usu2625\/2023\/06\/unnamed-300x169.png 300w, https:\/\/agora.xtec.cat\/iesvilamajor\/wp-content\/uploads\/usu2625\/2023\/06\/unnamed-768x432.png 768w, https:\/\/agora.xtec.cat\/iesvilamajor\/wp-content\/uploads\/usu2625\/2023\/06\/unnamed.png 1366w\" sizes=\"auto, (max-width: 667px) 100vw, 667px\" \/><\/a><\/div>\n<div><\/div>\n<p><strong>Alumnat i fam\u00edlies,<\/strong><\/p>\n<p class=\"CjVfdc\" style=\"text-align: justify;\"><span class=\"C9DxTc \">En aquest <\/span><a href=\"https:\/\/sites.google.com\/xtec.cat\/institut-vilamajor\/inici\"><strong><span class=\"C9DxTc \">SITE de tasques d&#8217;estiu<\/span><\/strong><\/a><span class=\"C9DxTc \"> hi trobar\u00e0s una s\u00e8rie d&#8217;activitats que t&#8217;ajudaran a millorar l&#8217;assoliment de les mat\u00e8ries, per\u00f2 no es tracta nom\u00e9s d&#8217;un grapat d&#8217;exercicis. <\/span><span class=\"C9DxTc \">Et proposarem activitats educatives, divertides,<\/span> <span class=\"C9DxTc \">engrescadores, creatives, enginyoses, &#8230; que et facin passar una bona estona amb nosaltres! Trobar\u00e0s reptes, jocs, propostes per posar-te en forma, lectures, cinema, art, &#8230;<\/span><span class=\"C9DxTc \">i molt m\u00e9s!<\/span><\/p>\n<div><\/div>\n<div><strong>Som-hi!<\/strong><\/div>\n","protected":false},"excerpt":{"rendered":"<p>\u00a0 Alumnat i fam\u00edlies, En aquest SITE de tasques d&#8217;estiu hi trobar\u00e0s una s\u00e8rie d&#8217;activitats que t&#8217;ajudaran a millorar l&#8217;assoliment de les mat\u00e8ries, per\u00f2 no es tracta nom\u00e9s d&#8217;un grapat d&#8217;exercicis. Et proposarem activitats educatives, divertides, engrescadores, creatives, enginyoses, &#8230; que et facin passar una bona estona amb nosaltres! Trobar\u00e0s reptes, jocs, propostes per posar-te [&hellip;]<\/p>\n","protected":false},"author":3,"featured_media":0,"comment_status":"closed","ping_status":"closed","sticky":false,"template":"","format":"standard","meta":{"_bbp_topic_count":0,"_bbp_reply_count":0,"_bbp_total_topic_count":0,"_bbp_total_reply_count":0,"_bbp_voice_count":0,"_bbp_anonymous_reply_count":0,"_bbp_topic_count_hidden":0,"_bbp_reply_count_hidden":0,"_bbp_forum_subforum_count":0,"site-sidebar-layout":"default","site-content-layout":"","ast-site-content-layout":"","site-content-style":"default","site-sidebar-style":"default","ast-global-header-display":"","ast-banner-title-visibility":"","ast-main-header-display":"","ast-hfb-above-header-display":"","ast-hfb-below-header-display":"","ast-hfb-mobile-header-display":"","site-post-title":"","ast-breadcrumbs-content":"","ast-featured-img":"","footer-sml-layout":"","theme-transparent-header-meta":"","adv-header-id-meta":"","stick-header-meta":"","header-above-stick-meta":"","header-main-stick-meta":"","header-below-stick-meta":"","astra-migrate-meta-layouts":"default","ast-page-background-enabled":"default","ast-page-background-meta":{"desktop":{"background-color":"var(--ast-global-color-4)","background-image":"","background-repeat":"repeat","background-position":"center center","background-size":"auto","background-attachment":"scroll","background-type":"","background-media":"","overlay-type":"","overlay-color":"","overlay-opacity":"","overlay-gradient":""},"tablet":{"background-color":"","background-image":"","background-repeat":"repeat","background-position":"center center","background-size":"auto","background-attachment":"scroll","background-type":"","background-media":"","overlay-type":"","overlay-color":"","overlay-opacity":"","overlay-gradient":""},"mobile":{"background-color":"","background-image":"","background-repeat":"repeat","background-position":"center center","background-size":"auto","background-attachment":"scroll","background-type":"","background-media":"","overlay-type":"","overlay-color":"","overlay-opacity":"","overlay-gradient":""}},"ast-content-background-meta":{"desktop":{"background-color":"var(--ast-global-color-5)","background-image":"","background-repeat":"repeat","background-position":"center center","background-size":"auto","background-attachment":"scroll","background-type":"","background-media":"","overlay-type":"","overlay-color":"","overlay-opacity":"","overlay-gradient":""},"tablet":{"background-color":"var(--ast-global-color-5)","background-image":"","background-repeat":"repeat","background-position":"center center","background-size":"auto","background-attachment":"scroll","background-type":"","background-media":"","overlay-type":"","overlay-color":"","overlay-opacity":"","overlay-gradient":""},"mobile":{"background-color":"var(--ast-global-color-5)","background-image":"","background-repeat":"repeat","background-position":"center center","background-size":"auto","background-attachment":"scroll","background-type":"","background-media":"","overlay-type":"","overlay-color":"","overlay-opacity":"","overlay-gradient":""}},"footnotes":""},"categories":[1,29],"tags":[],"class_list":["post-2404","post","type-post","status-publish","format-standard","hentry","category-general","category-portada"],"post_mailing_queue_ids":[],"_links":{"self":[{"href":"https:\/\/agora.xtec.cat\/iesvilamajor\/wp-json\/wp\/v2\/posts\/2404","targetHints":{"allow":["GET"]}}],"collection":[{"href":"https:\/\/agora.xtec.cat\/iesvilamajor\/wp-json\/wp\/v2\/posts"}],"about":[{"href":"https:\/\/agora.xtec.cat\/iesvilamajor\/wp-json\/wp\/v2\/types\/post"}],"author":[{"embeddable":true,"href":"https:\/\/agora.xtec.cat\/iesvilamajor\/wp-json\/wp\/v2\/users\/3"}],"replies":[{"embeddable":true,"href":"https:\/\/agora.xtec.cat\/iesvilamajor\/wp-json\/wp\/v2\/comments?post=2404"}],"version-history":[{"count":3,"href":"https:\/\/agora.xtec.cat\/iesvilamajor\/wp-json\/wp\/v2\/posts\/2404\/revisions"}],"predecessor-version":[{"id":2410,"href":"https:\/\/agora.xtec.cat\/iesvilamajor\/wp-json\/wp\/v2\/posts\/2404\/revisions\/2410"}],"wp:attachment":[{"href":"https:\/\/agora.xtec.cat\/iesvilamajor\/wp-json\/wp\/v2\/media?parent=2404"}],"wp:term":[{"taxonomy":"category","embeddable":true,"href":"https:\/\/agora.xtec.cat\/iesvilamajor\/wp-json\/wp\/v2\/categories?post=2404"},{"taxonomy":"post_tag","embeddable":true,"href":"https:\/\/agora.xtec.cat\/iesvilamajor\/wp-json\/wp\/v2\/tags?post=2404"}],"curies":[{"name":"wp","href":"https:\/\/api.w.org\/{rel}","templated":true}]}}