{"id":2253,"date":"2023-02-06T09:08:57","date_gmt":"2023-02-06T08:08:57","guid":{"rendered":"https:\/\/agora.xtec.cat\/iesvilamajor\/?p=2253"},"modified":"2023-03-06T13:01:00","modified_gmt":"2023-03-06T12:01:00","slug":"portes-obertes-deso-curs-2023-2024","status":"publish","type":"post","link":"https:\/\/agora.xtec.cat\/iesvilamajor\/portada\/portes-obertes-deso-curs-2023-2024\/","title":{"rendered":"Portes Obertes d&#8217;ESO, curs 2023-2024"},"content":{"rendered":"<p style=\"text-align: justify;\"><span style=\"color: #000000;\"><strong>Benvolgudes fam\u00edlies,<\/strong><\/span><\/p>\n<div>\n<div>\n<p><span style=\"color: #000000;\">Enguany la <strong><a style=\"color: #000000;\" href=\"https:\/\/agora.xtec.cat\/iesvilamajor\/infoalumnat-families\/presentacions-reunions\/\" target=\"_blank\" rel=\"noopener\">Jornada de Portes Obertes d&#8217;ESO de l&#8217;institut Vilamajor<\/a><\/strong> es celebrar\u00e0 dimarts 21 i dimarts 28 de febrer:<\/span><\/p>\n<h6 style=\"padding-left: 40px;\"><span style=\"color: #000000;\"><strong>Dimarts 21 de febrer a les 17h a l&#8217;institut:<\/strong> <a style=\"color: #000000;\" href=\"https:\/\/drive.google.com\/file\/d\/1SeBLITnAwF-Xs8rZgXqhOxpF0qqpBQCb\/view?usp=sharing\" target=\"_blank\" rel=\"noopener\"><strong>Presentaci\u00f3 del Projecte Educatiu de Centre<\/strong><\/a>. <\/span><\/h6>\n<p style=\"padding-left: 40px;\"><span style=\"color: #000000;\"><strong>Dimarts 28 de febrer de les 16:30 a les 18h a l&#8217;institut:<\/strong> visita al centre.<br \/>\n<\/span><\/p>\n<p><span style=\"color: #000000;\">El nostre alumnat, el professorat i l&#8217;equip directiu us explicarem el projecte educatiu, com \u00e9s el dia a dia al Vilamajor i us ensenyarem les aules, la biblioteca, els tallers, el gimn\u00e0s, els laboratoris, el taller de dibuix, la cantina &#8230;<\/span><\/p>\n<\/div>\n<\/div>\n<p><span style=\"color: #000000;\">Us hi esperem amb il\u00b7lusi\u00f3!<\/span><\/p>\n<p style=\"text-align: justify;\"><span style=\"color: #000000;\"><strong>Salutacions ben cordials, e<\/strong><strong>quip directiu INS Vilamajor<\/strong><\/span><\/p>\n<p><a href=\"https:\/\/agora.xtec.cat\/iesvilamajor\/wp-content\/uploads\/usu2625\/2023\/02\/Portes-Obertes-23_24-Web_ESO.jpg\"><img loading=\"lazy\" decoding=\"async\" class=\"wp-image-2254 alignleft\" src=\"https:\/\/agora.xtec.cat\/iesvilamajor\/wp-content\/uploads\/usu2625\/2023\/02\/Portes-Obertes-23_24-Web_ESO-724x1024.jpg\" alt=\"\" width=\"290\" height=\"410\" srcset=\"https:\/\/agora.xtec.cat\/iesvilamajor\/wp-content\/uploads\/usu2625\/2023\/02\/Portes-Obertes-23_24-Web_ESO-724x1024.jpg 724w, https:\/\/agora.xtec.cat\/iesvilamajor\/wp-content\/uploads\/usu2625\/2023\/02\/Portes-Obertes-23_24-Web_ESO-212x300.jpg 212w, https:\/\/agora.xtec.cat\/iesvilamajor\/wp-content\/uploads\/usu2625\/2023\/02\/Portes-Obertes-23_24-Web_ESO-768x1086.jpg 768w, https:\/\/agora.xtec.cat\/iesvilamajor\/wp-content\/uploads\/usu2625\/2023\/02\/Portes-Obertes-23_24-Web_ESO-1086x1536.jpg 1086w, https:\/\/agora.xtec.cat\/iesvilamajor\/wp-content\/uploads\/usu2625\/2023\/02\/Portes-Obertes-23_24-Web_ESO.jpg 1387w\" sizes=\"auto, (max-width: 290px) 100vw, 290px\" \/><\/a><\/p>\n","protected":false},"excerpt":{"rendered":"<p>Benvolgudes fam\u00edlies, Enguany la Jornada de Portes Obertes d&#8217;ESO de l&#8217;institut Vilamajor es celebrar\u00e0 dimarts 21 i dimarts 28 de febrer: Dimarts 21 de febrer a les 17h a l&#8217;institut: Presentaci\u00f3 del Projecte Educatiu de Centre. Dimarts 28 de febrer de les 16:30 a les 18h a l&#8217;institut: visita al centre. El nostre alumnat, el [&hellip;]<\/p>\n","protected":false},"author":3,"featured_media":0,"comment_status":"open","ping_status":"closed","sticky":false,"template":"","format":"standard","meta":{"_bbp_topic_count":0,"_bbp_reply_count":0,"_bbp_total_topic_count":0,"_bbp_total_reply_count":0,"_bbp_voice_count":0,"_bbp_anonymous_reply_count":0,"_bbp_topic_count_hidden":0,"_bbp_reply_count_hidden":0,"_bbp_forum_subforum_count":0,"site-sidebar-layout":"default","site-content-layout":"","ast-site-content-layout":"","site-content-style":"default","site-sidebar-style":"default","ast-global-header-display":"","ast-banner-title-visibility":"","ast-main-header-display":"","ast-hfb-above-header-display":"","ast-hfb-below-header-display":"","ast-hfb-mobile-header-display":"","site-post-title":"","ast-breadcrumbs-content":"","ast-featured-img":"","footer-sml-layout":"","theme-transparent-header-meta":"","adv-header-id-meta":"","stick-header-meta":"","header-above-stick-meta":"","header-main-stick-meta":"","header-below-stick-meta":"","astra-migrate-meta-layouts":"default","ast-page-background-enabled":"default","ast-page-background-meta":{"desktop":{"background-color":"var(--ast-global-color-4)","background-image":"","background-repeat":"repeat","background-position":"center center","background-size":"auto","background-attachment":"scroll","background-type":"","background-media":"","overlay-type":"","overlay-color":"","overlay-opacity":"","overlay-gradient":""},"tablet":{"background-color":"","background-image":"","background-repeat":"repeat","background-position":"center center","background-size":"auto","background-attachment":"scroll","background-type":"","background-media":"","overlay-type":"","overlay-color":"","overlay-opacity":"","overlay-gradient":""},"mobile":{"background-color":"","background-image":"","background-repeat":"repeat","background-position":"center center","background-size":"auto","background-attachment":"scroll","background-type":"","background-media":"","overlay-type":"","overlay-color":"","overlay-opacity":"","overlay-gradient":""}},"ast-content-background-meta":{"desktop":{"background-color":"var(--ast-global-color-5)","background-image":"","background-repeat":"repeat","background-position":"center center","background-size":"auto","background-attachment":"scroll","background-type":"","background-media":"","overlay-type":"","overlay-color":"","overlay-opacity":"","overlay-gradient":""},"tablet":{"background-color":"var(--ast-global-color-5)","background-image":"","background-repeat":"repeat","background-position":"center center","background-size":"auto","background-attachment":"scroll","background-type":"","background-media":"","overlay-type":"","overlay-color":"","overlay-opacity":"","overlay-gradient":""},"mobile":{"background-color":"var(--ast-global-color-5)","background-image":"","background-repeat":"repeat","background-position":"center center","background-size":"auto","background-attachment":"scroll","background-type":"","background-media":"","overlay-type":"","overlay-color":"","overlay-opacity":"","overlay-gradient":""}},"footnotes":""},"categories":[29],"tags":[],"class_list":["post-2253","post","type-post","status-publish","format-standard","hentry","category-portada"],"post_mailing_queue_ids":[],"_links":{"self":[{"href":"https:\/\/agora.xtec.cat\/iesvilamajor\/wp-json\/wp\/v2\/posts\/2253","targetHints":{"allow":["GET"]}}],"collection":[{"href":"https:\/\/agora.xtec.cat\/iesvilamajor\/wp-json\/wp\/v2\/posts"}],"about":[{"href":"https:\/\/agora.xtec.cat\/iesvilamajor\/wp-json\/wp\/v2\/types\/post"}],"author":[{"embeddable":true,"href":"https:\/\/agora.xtec.cat\/iesvilamajor\/wp-json\/wp\/v2\/users\/3"}],"replies":[{"embeddable":true,"href":"https:\/\/agora.xtec.cat\/iesvilamajor\/wp-json\/wp\/v2\/comments?post=2253"}],"version-history":[{"count":3,"href":"https:\/\/agora.xtec.cat\/iesvilamajor\/wp-json\/wp\/v2\/posts\/2253\/revisions"}],"predecessor-version":[{"id":2324,"href":"https:\/\/agora.xtec.cat\/iesvilamajor\/wp-json\/wp\/v2\/posts\/2253\/revisions\/2324"}],"wp:attachment":[{"href":"https:\/\/agora.xtec.cat\/iesvilamajor\/wp-json\/wp\/v2\/media?parent=2253"}],"wp:term":[{"taxonomy":"category","embeddable":true,"href":"https:\/\/agora.xtec.cat\/iesvilamajor\/wp-json\/wp\/v2\/categories?post=2253"},{"taxonomy":"post_tag","embeddable":true,"href":"https:\/\/agora.xtec.cat\/iesvilamajor\/wp-json\/wp\/v2\/tags?post=2253"}],"curies":[{"name":"wp","href":"https:\/\/api.w.org\/{rel}","templated":true}]}}