{"id":7999,"date":"2021-06-01T19:02:17","date_gmt":"2021-06-01T17:02:17","guid":{"rendered":"http:\/\/agora.xtec.cat\/iesvila-seca\/?p=7999"},"modified":"2021-06-01T19:02:17","modified_gmt":"2021-06-01T17:02:17","slug":"linstitut-vila-seca-presenta-el-llibre-des-daltres-ulls","status":"publish","type":"post","link":"https:\/\/agora.xtec.cat\/iesvila-seca\/eso\/eso-4\/linstitut-vila-seca-presenta-el-llibre-des-daltres-ulls\/","title":{"rendered":"L\u2019institut Vila-seca presenta el llibre Des d\u2019altres ulls"},"content":{"rendered":"\r\n\t<div class=\"slideshow_container slideshow_container_style-light\" style=\"height: 300px; \" data-slideshow-id=\"7995\" data-style-name=\"style-light\" data-style-version=\"2.3.1\" >\r\n\r\n\t\t\t\t\t<div class=\"slideshow_loading_icon\"><\/div>\r\n\t\t\r\n\t\t<div class=\"slideshow_content\" style=\"display: none;\">\r\n\r\n\t\t\t<div class=\"slideshow_view\">\r\n\t\t\t\t<div class=\"slideshow_slide slideshow_slide_image\">\r\n\t\t\t\t\t\t\t\t\t\t\t<img src=\"https:\/\/agora.xtec.cat\/iesvila-seca\/wp-content\/uploads\/usu475\/2021\/06\/IMG20210531102216.jpg\" alt=\"IMG20210531102216\" width=\"3000\" height=\"2419\" \/>\r\n\t\t\t\t\t\t\t\t\t\t<div class=\"slideshow_description_box slideshow_transparent\">\r\n\t\t\t\t\t\t<div class=\"slideshow_title\">IMG20210531102216<\/div>\t\t\t\t\t\t\t\t\t\t\t<\/div>\r\n\t\t\t\t<\/div>\r\n\r\n\t\t\t\t\t\t<div style=\"clear: both;\"><\/div><\/div><div class=\"slideshow_view\">\r\n\t\t\t\t<div class=\"slideshow_slide slideshow_slide_image\">\r\n\t\t\t\t\t\t\t\t\t\t\t<img src=\"https:\/\/agora.xtec.cat\/iesvila-seca\/wp-content\/uploads\/usu475\/2021\/06\/210531-L\u2019institut-Vila-seca-presenta-el-llibre-.jpg\" alt=\"210531-L\u2019institut Vila-seca presenta el llibre\" width=\"1107\" height=\"1476\" \/>\r\n\t\t\t\t\t\t\t\t\t\t<div class=\"slideshow_description_box slideshow_transparent\">\r\n\t\t\t\t\t\t<div class=\"slideshow_title\">210531-L\u2019institut Vila-seca presenta el llibre<\/div>\t\t\t\t\t\t\t\t\t\t\t<\/div>\r\n\t\t\t\t<\/div>\r\n\r\n\t\t\t\t\t\t<div style=\"clear: both;\"><\/div><\/div><div class=\"slideshow_view\">\r\n\t\t\t\t<div class=\"slideshow_slide slideshow_slide_image\">\r\n\t\t\t\t\t\t\t\t\t\t\t<img src=\"https:\/\/agora.xtec.cat\/iesvila-seca\/wp-content\/uploads\/usu475\/2021\/06\/IMG20210531102221.jpg\" alt=\"IMG20210531102221\" width=\"3000\" height=\"4000\" \/>\r\n\t\t\t\t\t\t\t\t\t\t<div class=\"slideshow_description_box slideshow_transparent\">\r\n\t\t\t\t\t\t<div class=\"slideshow_title\">IMG20210531102221<\/div>\t\t\t\t\t\t\t\t\t\t\t<\/div>\r\n\t\t\t\t<\/div>\r\n\r\n\t\t\t\t\t\t<div style=\"clear: both;\"><\/div><\/div>\r\n\t\t<\/div>\r\n\r\n\t\t<div class=\"slideshow_controlPanel slideshow_transparent\" style=\"display: none;\"><ul><li class=\"slideshow_togglePlay\" data-play-text=\"Visualitza\" data-pause-text=\"Pausa\"><\/li><\/ul><\/div>\r\n\r\n\t\t<div class=\"slideshow_button slideshow_previous slideshow_transparent\" role=\"button\" data-previous-text=\"Anterior\" style=\"display: none;\"><\/div>\r\n\t\t<div class=\"slideshow_button slideshow_next slideshow_transparent\" role=\"button\" data-next-text=\"Seg\u00fcent\" style=\"display: none;\"><\/div>\r\n\r\n\t\t<div class=\"slideshow_pagination\" style=\"display: none;\" data-go-to-text=\"V\u00e9s a la diapositiva\"><div class=\"slideshow_pagination_center\"><\/div><\/div>\r\n\r\n\t\t<!-- WordPress Slideshow Version 2.3.1 -->\r\n\r\n\t\t\t<\/div>\r\n\r\n\n<p style=\"text-align: justify;\">Com tots sabem, aquest ha estat un curs excepcional. Moltes de les activitats que el departament de Llengua catalana i literatura acostumava a organitzar en el nostre centre (teatre, xerrades, concursos presencials&#8230;) es van haver d\u2019anul\u00b7lar.<\/p>\n<p style=\"text-align: justify;\">Per tot aix\u00f2, vam considerar la possibilitat de realitzar un projecte que impliqu\u00e9s tots els alumnes d\u2019una manera diferent i original.<\/p>\n<p style=\"text-align: justify;\">Des de fa alguns cursos, el nostre departament organitza un concurs de microrelats. Sempre hem celebrat la qualitat i originalitat de molts dels microcontes presentats. \u00c9s per aix\u00f2 que vam decidir de publicar-los en forma de llibre. A m\u00e9s, vol\u00edem comptar amb la col\u00b7laboraci\u00f3 del departament d\u2019educaci\u00f3 visual i pl\u00e0stica per tal que cadascun dels microrelats seleccionats tingu\u00e9s la seva corresponent il\u00b7lustraci\u00f3.<\/p>\n<p style=\"text-align: justify;\">Despr\u00e9s de fer una tria entre m\u00e9s de 400 relats, en vam seleccionar 27. Cadascun d\u2019ells aniria acompanyat de la il\u00b7lustraci\u00f3 d\u2019un alumne o alumna de 4t d\u2019ESO. Els alumnes d\u2019aquest curs van triar l\u2019estil d\u2019un artista reconegut per tal d\u2019inspirar-se i realitzar la seva obra. En total, 55 alumnes del centre han participat en el projecte.<\/p>\n<p style=\"text-align: justify;\">El resultat \u00e9s el llibre que us presentem:\u00a0<i>Des d\u2019altres ulls<\/i>. El recull pren el t\u00edtol del relat de l\u2019alumna Carla Teruel, de 4t C, autora tamb\u00e9 de la il\u00b7lustraci\u00f3 de la portada. \u00c9s un t\u00edtol molt significatiu, ja que representa la visi\u00f3 que els nostres alumnes tenen de temes molt interessants: l\u2019ecologia, l\u2019amor, la por, la solitud&#8230;La vida, en definitiva.<\/p>\n<p style=\"text-align: justify;\">En un any ple de virtualitat i pantalles, hem volgut reivindicar el valor de l\u2019art i la lletra impresa. Esperem que gaudiu tant d\u2019aquesta obra com nosaltres hem gaudit elaborant-la.<\/p>\n<p style=\"text-align: justify;\">\n<p style=\"text-align: justify;\">Ruth Segado. Cap de departament de Llengua catalana i literatura<\/p>\n<p style=\"text-align: justify;\">\n","protected":false},"excerpt":{"rendered":"<p>Com tots sabem, aquest ha estat un curs excepcional. Moltes de les activitats que el departament de Llengua catalana i literatura acostumava a organitzar en el nostre centre (teatre, xerrades, concursos presencials&#8230;) es van haver d\u2019anul\u00b7lar. Per tot aix\u00f2, vam considerar la possibilitat de realitzar un projecte que impliqu\u00e9s tots els alumnes d\u2019una manera diferent [&hellip;]<\/p>\n","protected":false},"author":1,"featured_media":7998,"comment_status":"closed","ping_status":"closed","sticky":false,"template":"","format":"standard","meta":{"_bbp_topic_count":0,"_bbp_reply_count":0,"_bbp_total_topic_count":0,"_bbp_total_reply_count":0,"_bbp_voice_count":0,"_bbp_anonymous_reply_count":0,"_bbp_topic_count_hidden":0,"_bbp_reply_count_hidden":0,"_bbp_forum_subforum_count":0,"site-sidebar-layout":"default","site-content-layout":"","ast-site-content-layout":"","site-content-style":"default","site-sidebar-style":"default","ast-global-header-display":"","ast-banner-title-visibility":"","ast-main-header-display":"","ast-hfb-above-header-display":"","ast-hfb-below-header-display":"","ast-hfb-mobile-header-display":"","site-post-title":"","ast-breadcrumbs-content":"","ast-featured-img":"","footer-sml-layout":"","theme-transparent-header-meta":"","adv-header-id-meta":"","stick-header-meta":"","header-above-stick-meta":"","header-main-stick-meta":"","header-below-stick-meta":"","astra-migrate-meta-layouts":"default","ast-page-background-enabled":"default","ast-page-background-meta":{"desktop":{"background-color":"var(--ast-global-color-4)","background-image":"","background-repeat":"repeat","background-position":"center center","background-size":"auto","background-attachment":"scroll","background-type":"","background-media":"","overlay-type":"","overlay-color":"","overlay-opacity":"","overlay-gradient":""},"tablet":{"background-color":"","background-image":"","background-repeat":"repeat","background-position":"center center","background-size":"auto","background-attachment":"scroll","background-type":"","background-media":"","overlay-type":"","overlay-color":"","overlay-opacity":"","overlay-gradient":""},"mobile":{"background-color":"","background-image":"","background-repeat":"repeat","background-position":"center center","background-size":"auto","background-attachment":"scroll","background-type":"","background-media":"","overlay-type":"","overlay-color":"","overlay-opacity":"","overlay-gradient":""}},"ast-content-background-meta":{"desktop":{"background-color":"var(--ast-global-color-5)","background-image":"","background-repeat":"repeat","background-position":"center center","background-size":"auto","background-attachment":"scroll","background-type":"","background-media":"","overlay-type":"","overlay-color":"","overlay-opacity":"","overlay-gradient":""},"tablet":{"background-color":"var(--ast-global-color-5)","background-image":"","background-repeat":"repeat","background-position":"center center","background-size":"auto","background-attachment":"scroll","background-type":"","background-media":"","overlay-type":"","overlay-color":"","overlay-opacity":"","overlay-gradient":""},"mobile":{"background-color":"var(--ast-global-color-5)","background-image":"","background-repeat":"repeat","background-position":"center center","background-size":"auto","background-attachment":"scroll","background-type":"","background-media":"","overlay-type":"","overlay-color":"","overlay-opacity":"","overlay-gradient":""}},"footnotes":""},"categories":[7,29],"tags":[],"class_list":["post-7999","post","type-post","status-publish","format-standard","has-post-thumbnail","hentry","category-eso-4","category-portada"],"post_mailing_queue_ids":[],"_links":{"self":[{"href":"https:\/\/agora.xtec.cat\/iesvila-seca\/wp-json\/wp\/v2\/posts\/7999","targetHints":{"allow":["GET"]}}],"collection":[{"href":"https:\/\/agora.xtec.cat\/iesvila-seca\/wp-json\/wp\/v2\/posts"}],"about":[{"href":"https:\/\/agora.xtec.cat\/iesvila-seca\/wp-json\/wp\/v2\/types\/post"}],"author":[{"embeddable":true,"href":"https:\/\/agora.xtec.cat\/iesvila-seca\/wp-json\/wp\/v2\/users\/1"}],"replies":[{"embeddable":true,"href":"https:\/\/agora.xtec.cat\/iesvila-seca\/wp-json\/wp\/v2\/comments?post=7999"}],"version-history":[{"count":1,"href":"https:\/\/agora.xtec.cat\/iesvila-seca\/wp-json\/wp\/v2\/posts\/7999\/revisions"}],"predecessor-version":[{"id":8000,"href":"https:\/\/agora.xtec.cat\/iesvila-seca\/wp-json\/wp\/v2\/posts\/7999\/revisions\/8000"}],"wp:featuredmedia":[{"embeddable":true,"href":"https:\/\/agora.xtec.cat\/iesvila-seca\/wp-json\/wp\/v2\/media\/7998"}],"wp:attachment":[{"href":"https:\/\/agora.xtec.cat\/iesvila-seca\/wp-json\/wp\/v2\/media?parent=7999"}],"wp:term":[{"taxonomy":"category","embeddable":true,"href":"https:\/\/agora.xtec.cat\/iesvila-seca\/wp-json\/wp\/v2\/categories?post=7999"},{"taxonomy":"post_tag","embeddable":true,"href":"https:\/\/agora.xtec.cat\/iesvila-seca\/wp-json\/wp\/v2\/tags?post=7999"}],"curies":[{"name":"wp","href":"https:\/\/api.w.org\/{rel}","templated":true}]}}