{"id":7808,"date":"2021-04-16T09:37:01","date_gmt":"2021-04-16T07:37:01","guid":{"rendered":"http:\/\/agora.xtec.cat\/iesvila-seca\/?p=7808"},"modified":"2021-04-16T09:39:21","modified_gmt":"2021-04-16T07:39:21","slug":"mes-servei-comunitari","status":"publish","type":"post","link":"https:\/\/agora.xtec.cat\/iesvila-seca\/general\/mes-servei-comunitari\/","title":{"rendered":"M\u00e9s Servei Comunitari\u2026\u00a0"},"content":{"rendered":"<p><a href=\"https:\/\/agora.xtec.cat\/iesvila-seca\/wp-content\/uploads\/usu475\/2021\/04\/Servei-Comunitari-Reside\u2560\u00c7ncia.jpg\"><img loading=\"lazy\" decoding=\"async\" class=\"alignnone size-large wp-image-7810\" src=\"https:\/\/agora.xtec.cat\/iesvila-seca\/wp-content\/uploads\/usu475\/2021\/04\/Servei-Comunitari-Reside\u2560\u00c7ncia-580x1024.jpg\" alt=\"\" width=\"290\" height=\"512\" srcset=\"https:\/\/agora.xtec.cat\/iesvila-seca\/wp-content\/uploads\/usu475\/2021\/04\/Servei-Comunitari-Reside\u2560\u00c7ncia-580x1024.jpg 580w, https:\/\/agora.xtec.cat\/iesvila-seca\/wp-content\/uploads\/usu475\/2021\/04\/Servei-Comunitari-Reside\u2560\u00c7ncia-170x300.jpg 170w, https:\/\/agora.xtec.cat\/iesvila-seca\/wp-content\/uploads\/usu475\/2021\/04\/Servei-Comunitari-Reside\u2560\u00c7ncia.jpg 720w\" sizes=\"auto, (max-width: 290px) 100vw, 290px\" \/><\/a><\/p>\n<p>Al febrer vam comen\u00e7ar el projecte m\u00e9s\u00a0entranyable de tots els que hem previst en el marc del Servei Comunitari per aquest curs: el que es duu a terme en col\u00b7laboraci\u00f3 amb la Resid\u00e8ncia Vila-seca. Un total de 22 nois i noies del nostre institut participen en videotrucades amb avis i \u00e0vies del municipi. Joves i grans estan gaudint, i molt, d\u2019aquestes trobades virtuals en qu\u00e8 uns i altres comparteixen les seves viv\u00e8ncies i les seves visions particulars del m\u00f3n.<\/p>\n<p>Tot plegat, una lli\u00e7\u00f3 de vida pel nostre alumnat. Molts expliquen amb els ulls plens d\u2019emoci\u00f3 que l&#8217;experi\u00e8ncia viscuda els ha enriquit molt, i alguns d\u2019ells han arribat a establir un vincle tan fort amb els seus \u201cavis virtuals\u201d que han demanat fer una trobada presencial amb els avis quan la pand\u00e8mia ho permeti. Pel que fa als residents, tots es mostren enormement satisfets amb el projecte i esperen impacients que arribin els dimarts i els dijous per a poder compartir una estona amb els seus \u201cn\u00e9ts postissos\u201d, com els anomena carinyosament una de les \u00e0vies participants.<\/p>\n<p>S\u00f3n moltes les virtuts de l\u2019intercanvi generacional: d\u2019una banda, \u00e9s un instrument potent per mirar de combatre el risc d\u2019exclusi\u00f3 social del col\u00b7lectiu de gent gran; d\u2019una altra, pot esdevenir una eina molt \u00fatil que ajudi els joves a valorar el que tenen i a relativitzar petits problemes que, sovint, els desborden i no poden manegar.<\/p>\n<p>Moltes gr\u00e0cies a tothom que ha participat o est\u00e0 participant en el projecte per la vostra il\u00b7lusi\u00f3 i el vostre amor!<\/p>\n<p>Raquel Gancholas Aranda, Servei Comunitari<\/p>\n","protected":false},"excerpt":{"rendered":"<p>Al febrer vam comen\u00e7ar el projecte m\u00e9s\u00a0entranyable de tots els que hem previst en el marc del Servei Comunitari per aquest curs: el que es duu a terme en col\u00b7laboraci\u00f3 amb la Resid\u00e8ncia Vila-seca. Un total de 22 nois i noies del nostre institut participen en videotrucades amb avis i \u00e0vies del municipi. Joves i [&hellip;]<\/p>\n","protected":false},"author":1,"featured_media":0,"comment_status":"closed","ping_status":"closed","sticky":false,"template":"","format":"standard","meta":{"_bbp_topic_count":0,"_bbp_reply_count":0,"_bbp_total_topic_count":0,"_bbp_total_reply_count":0,"_bbp_voice_count":0,"_bbp_anonymous_reply_count":0,"_bbp_topic_count_hidden":0,"_bbp_reply_count_hidden":0,"_bbp_forum_subforum_count":0,"site-sidebar-layout":"default","site-content-layout":"","ast-site-content-layout":"","site-content-style":"default","site-sidebar-style":"default","ast-global-header-display":"","ast-banner-title-visibility":"","ast-main-header-display":"","ast-hfb-above-header-display":"","ast-hfb-below-header-display":"","ast-hfb-mobile-header-display":"","site-post-title":"","ast-breadcrumbs-content":"","ast-featured-img":"","footer-sml-layout":"","theme-transparent-header-meta":"","adv-header-id-meta":"","stick-header-meta":"","header-above-stick-meta":"","header-main-stick-meta":"","header-below-stick-meta":"","astra-migrate-meta-layouts":"default","ast-page-background-enabled":"default","ast-page-background-meta":{"desktop":{"background-color":"var(--ast-global-color-4)","background-image":"","background-repeat":"repeat","background-position":"center center","background-size":"auto","background-attachment":"scroll","background-type":"","background-media":"","overlay-type":"","overlay-color":"","overlay-opacity":"","overlay-gradient":""},"tablet":{"background-color":"","background-image":"","background-repeat":"repeat","background-position":"center center","background-size":"auto","background-attachment":"scroll","background-type":"","background-media":"","overlay-type":"","overlay-color":"","overlay-opacity":"","overlay-gradient":""},"mobile":{"background-color":"","background-image":"","background-repeat":"repeat","background-position":"center center","background-size":"auto","background-attachment":"scroll","background-type":"","background-media":"","overlay-type":"","overlay-color":"","overlay-opacity":"","overlay-gradient":""}},"ast-content-background-meta":{"desktop":{"background-color":"var(--ast-global-color-5)","background-image":"","background-repeat":"repeat","background-position":"center center","background-size":"auto","background-attachment":"scroll","background-type":"","background-media":"","overlay-type":"","overlay-color":"","overlay-opacity":"","overlay-gradient":""},"tablet":{"background-color":"var(--ast-global-color-5)","background-image":"","background-repeat":"repeat","background-position":"center center","background-size":"auto","background-attachment":"scroll","background-type":"","background-media":"","overlay-type":"","overlay-color":"","overlay-opacity":"","overlay-gradient":""},"mobile":{"background-color":"var(--ast-global-color-5)","background-image":"","background-repeat":"repeat","background-position":"center center","background-size":"auto","background-attachment":"scroll","background-type":"","background-media":"","overlay-type":"","overlay-color":"","overlay-opacity":"","overlay-gradient":""}},"footnotes":""},"categories":[1,29],"tags":[],"class_list":["post-7808","post","type-post","status-publish","format-standard","hentry","category-general","category-portada"],"post_mailing_queue_ids":[],"_links":{"self":[{"href":"https:\/\/agora.xtec.cat\/iesvila-seca\/wp-json\/wp\/v2\/posts\/7808","targetHints":{"allow":["GET"]}}],"collection":[{"href":"https:\/\/agora.xtec.cat\/iesvila-seca\/wp-json\/wp\/v2\/posts"}],"about":[{"href":"https:\/\/agora.xtec.cat\/iesvila-seca\/wp-json\/wp\/v2\/types\/post"}],"author":[{"embeddable":true,"href":"https:\/\/agora.xtec.cat\/iesvila-seca\/wp-json\/wp\/v2\/users\/1"}],"replies":[{"embeddable":true,"href":"https:\/\/agora.xtec.cat\/iesvila-seca\/wp-json\/wp\/v2\/comments?post=7808"}],"version-history":[{"count":2,"href":"https:\/\/agora.xtec.cat\/iesvila-seca\/wp-json\/wp\/v2\/posts\/7808\/revisions"}],"predecessor-version":[{"id":7811,"href":"https:\/\/agora.xtec.cat\/iesvila-seca\/wp-json\/wp\/v2\/posts\/7808\/revisions\/7811"}],"wp:attachment":[{"href":"https:\/\/agora.xtec.cat\/iesvila-seca\/wp-json\/wp\/v2\/media?parent=7808"}],"wp:term":[{"taxonomy":"category","embeddable":true,"href":"https:\/\/agora.xtec.cat\/iesvila-seca\/wp-json\/wp\/v2\/categories?post=7808"},{"taxonomy":"post_tag","embeddable":true,"href":"https:\/\/agora.xtec.cat\/iesvila-seca\/wp-json\/wp\/v2\/tags?post=7808"}],"curies":[{"name":"wp","href":"https:\/\/api.w.org\/{rel}","templated":true}]}}