{"id":7616,"date":"2021-02-19T12:27:35","date_gmt":"2021-02-19T11:27:35","guid":{"rendered":"http:\/\/agora.xtec.cat\/iesvila-seca\/?p=7616"},"modified":"2021-02-21T16:34:58","modified_gmt":"2021-02-21T15:34:58","slug":"curs-de-formacio-moodle-per-al-professorat-de-linstitut","status":"publish","type":"post","link":"https:\/\/agora.xtec.cat\/iesvila-seca\/general\/curs-de-formacio-moodle-per-al-professorat-de-linstitut\/","title":{"rendered":"Curs de formaci\u00f3 Moodle per al professorat de l\u2019institut"},"content":{"rendered":"<p><a href=\"https:\/\/agora.xtec.cat\/iesvila-seca\/wp-content\/uploads\/usu475\/2021\/02\/210212-Curs-de-formacio\u2560\u00fc-Moodle-per-al-professorat-de-linstitut..png\"><img loading=\"lazy\" decoding=\"async\" class=\"size-large wp-image-7618 aligncenter\" src=\"https:\/\/agora.xtec.cat\/iesvila-seca\/wp-content\/uploads\/usu475\/2021\/02\/210212-Curs-de-formacio\u2560\u00fc-Moodle-per-al-professorat-de-linstitut.-1024x565.png\" alt=\"\" width=\"512\" height=\"282\" srcset=\"https:\/\/agora.xtec.cat\/iesvila-seca\/wp-content\/uploads\/usu475\/2021\/02\/210212-Curs-de-formacio\u2560\u00fc-Moodle-per-al-professorat-de-linstitut.-1024x565.png 1024w, https:\/\/agora.xtec.cat\/iesvila-seca\/wp-content\/uploads\/usu475\/2021\/02\/210212-Curs-de-formacio\u2560\u00fc-Moodle-per-al-professorat-de-linstitut.-300x166.png 300w, https:\/\/agora.xtec.cat\/iesvila-seca\/wp-content\/uploads\/usu475\/2021\/02\/210212-Curs-de-formacio\u2560\u00fc-Moodle-per-al-professorat-de-linstitut.-768x424.png 768w, https:\/\/agora.xtec.cat\/iesvila-seca\/wp-content\/uploads\/usu475\/2021\/02\/210212-Curs-de-formacio\u2560\u00fc-Moodle-per-al-professorat-de-linstitut..png 1518w\" sizes=\"auto, (max-width: 512px) 100vw, 512px\" \/><\/a><\/p>\n<p style=\"text-align: justify;\">Les mesures contra la propagaci\u00f3 de la Covid han fet que durant aquest curs s&#8217;hagin hagut de confinar diferents grups d&#8217;alumnes que han de realitzar classes virtuals amb els seus professors i professores. La possibilitat d&#8217;un confinament total, com al mar\u00e7, tamb\u00e9 preocupa els membres de la comunitat educativa. Per aquest motiu, entre el professorat va sorgir la necessitat de formar-se en la utilitzaci\u00f3 del Moodle. Aquesta \u00e9s una plataforma molt coneguda\u00a0 que ofereix moltes possibilitats per a realitzar cursos en format telem\u00e0tic: des de penjar materials de forma interactiva fins a realitzar q\u00fcestionaris autoavaluables.<\/p>\n<p style=\"text-align: justify;\">En coordinaci\u00f3 amb el centre de recursos pedag\u00f2gics del Tarragon\u00e8s s&#8217;ha organitzat un curs de formaci\u00f3 de 16 hores impartit pel professor del centre Andreu Faro. Al curs s&#8217;hi han inscrit 34 professors del nostre institut, la meitat del claustre, tot un \u00e8xit.<\/p>\n<p style=\"text-align: justify;\">Per tal de facilitar el seguiment de les vuit sessions i que cada docent adeq\u00fci la seva dedicaci\u00f3 en funci\u00f3 de la seva disponibilitat, el curs s&#8217;ha muntat a trav\u00e9s d&#8217;uns v\u00eddeo tutorials pr\u00e0ctics de cada tema. Tamb\u00e9 unes tasques que els professors han de realitzar per posar en pr\u00e0ctica els aprenentatges.<\/p>\n<p style=\"text-align: justify;\">Per ara, la rebuda ha estat molt bona i els docents manifesten el seu entusiasme per l&#8217;aven\u00e7 en el domini del Moodle. Alguns d&#8217;ells ja ho posen en pr\u00e0ctica directament amb els seus alumnes.<\/p>\n<p style=\"text-align: justify;\">El curs t\u00e9 previst tancar-se durant el mes d&#8217;abril de l&#8217;any 2021. Els participants que hagin completat totes les tasques rebran el certificat de formaci\u00f3 per\u00f2 el m\u00e9s important \u00e9s que se sentin capa\u00e7os per a millorar les activitats d&#8217;ensenyament i aprenentatge a trav\u00e9s de la plataforma Moodle. Sens dubte, professors i alumnes sortiran beneficiats de la utilitzaci\u00f3 d&#8217;aquesta eina tan vers\u00e0til.<\/p>\n<p style=\"text-align: justify;\">Mosquis. Redacci\u00f3<\/p>\n","protected":false},"excerpt":{"rendered":"<p>Les mesures contra la propagaci\u00f3 de la Covid han fet que durant aquest curs s&#8217;hagin hagut de confinar diferents grups d&#8217;alumnes que han de realitzar classes virtuals amb els seus professors i professores. La possibilitat d&#8217;un confinament total, com al mar\u00e7, tamb\u00e9 preocupa els membres de la comunitat educativa. Per aquest motiu, entre el professorat [&hellip;]<\/p>\n","protected":false},"author":1,"featured_media":0,"comment_status":"closed","ping_status":"closed","sticky":false,"template":"","format":"standard","meta":{"_bbp_topic_count":0,"_bbp_reply_count":0,"_bbp_total_topic_count":0,"_bbp_total_reply_count":0,"_bbp_voice_count":0,"_bbp_anonymous_reply_count":0,"_bbp_topic_count_hidden":0,"_bbp_reply_count_hidden":0,"_bbp_forum_subforum_count":0,"site-sidebar-layout":"default","site-content-layout":"","ast-site-content-layout":"","site-content-style":"default","site-sidebar-style":"default","ast-global-header-display":"","ast-banner-title-visibility":"","ast-main-header-display":"","ast-hfb-above-header-display":"","ast-hfb-below-header-display":"","ast-hfb-mobile-header-display":"","site-post-title":"","ast-breadcrumbs-content":"","ast-featured-img":"","footer-sml-layout":"","theme-transparent-header-meta":"","adv-header-id-meta":"","stick-header-meta":"","header-above-stick-meta":"","header-main-stick-meta":"","header-below-stick-meta":"","astra-migrate-meta-layouts":"default","ast-page-background-enabled":"default","ast-page-background-meta":{"desktop":{"background-color":"var(--ast-global-color-4)","background-image":"","background-repeat":"repeat","background-position":"center center","background-size":"auto","background-attachment":"scroll","background-type":"","background-media":"","overlay-type":"","overlay-color":"","overlay-opacity":"","overlay-gradient":""},"tablet":{"background-color":"","background-image":"","background-repeat":"repeat","background-position":"center center","background-size":"auto","background-attachment":"scroll","background-type":"","background-media":"","overlay-type":"","overlay-color":"","overlay-opacity":"","overlay-gradient":""},"mobile":{"background-color":"","background-image":"","background-repeat":"repeat","background-position":"center center","background-size":"auto","background-attachment":"scroll","background-type":"","background-media":"","overlay-type":"","overlay-color":"","overlay-opacity":"","overlay-gradient":""}},"ast-content-background-meta":{"desktop":{"background-color":"var(--ast-global-color-5)","background-image":"","background-repeat":"repeat","background-position":"center center","background-size":"auto","background-attachment":"scroll","background-type":"","background-media":"","overlay-type":"","overlay-color":"","overlay-opacity":"","overlay-gradient":""},"tablet":{"background-color":"var(--ast-global-color-5)","background-image":"","background-repeat":"repeat","background-position":"center center","background-size":"auto","background-attachment":"scroll","background-type":"","background-media":"","overlay-type":"","overlay-color":"","overlay-opacity":"","overlay-gradient":""},"mobile":{"background-color":"var(--ast-global-color-5)","background-image":"","background-repeat":"repeat","background-position":"center center","background-size":"auto","background-attachment":"scroll","background-type":"","background-media":"","overlay-type":"","overlay-color":"","overlay-opacity":"","overlay-gradient":""}},"footnotes":""},"categories":[1,29],"tags":[],"class_list":["post-7616","post","type-post","status-publish","format-standard","hentry","category-general","category-portada"],"post_mailing_queue_ids":[],"_links":{"self":[{"href":"https:\/\/agora.xtec.cat\/iesvila-seca\/wp-json\/wp\/v2\/posts\/7616","targetHints":{"allow":["GET"]}}],"collection":[{"href":"https:\/\/agora.xtec.cat\/iesvila-seca\/wp-json\/wp\/v2\/posts"}],"about":[{"href":"https:\/\/agora.xtec.cat\/iesvila-seca\/wp-json\/wp\/v2\/types\/post"}],"author":[{"embeddable":true,"href":"https:\/\/agora.xtec.cat\/iesvila-seca\/wp-json\/wp\/v2\/users\/1"}],"replies":[{"embeddable":true,"href":"https:\/\/agora.xtec.cat\/iesvila-seca\/wp-json\/wp\/v2\/comments?post=7616"}],"version-history":[{"count":3,"href":"https:\/\/agora.xtec.cat\/iesvila-seca\/wp-json\/wp\/v2\/posts\/7616\/revisions"}],"predecessor-version":[{"id":7626,"href":"https:\/\/agora.xtec.cat\/iesvila-seca\/wp-json\/wp\/v2\/posts\/7616\/revisions\/7626"}],"wp:attachment":[{"href":"https:\/\/agora.xtec.cat\/iesvila-seca\/wp-json\/wp\/v2\/media?parent=7616"}],"wp:term":[{"taxonomy":"category","embeddable":true,"href":"https:\/\/agora.xtec.cat\/iesvila-seca\/wp-json\/wp\/v2\/categories?post=7616"},{"taxonomy":"post_tag","embeddable":true,"href":"https:\/\/agora.xtec.cat\/iesvila-seca\/wp-json\/wp\/v2\/tags?post=7616"}],"curies":[{"name":"wp","href":"https:\/\/api.w.org\/{rel}","templated":true}]}}