{"id":7579,"date":"2021-01-22T13:44:32","date_gmt":"2021-01-22T12:44:32","guid":{"rendered":"http:\/\/agora.xtec.cat\/iesvila-seca\/?p=7579"},"modified":"2021-01-22T13:47:02","modified_gmt":"2021-01-22T12:47:02","slug":"compartim-els-llibres-que-ja-no-llegirem","status":"publish","type":"post","link":"https:\/\/agora.xtec.cat\/iesvila-seca\/general\/compartim-els-llibres-que-ja-no-llegirem\/","title":{"rendered":"Compartim els llibres que ja no llegirem"},"content":{"rendered":"<p><a href=\"https:\/\/agora.xtec.cat\/iesvila-seca\/wp-content\/uploads\/usu475\/2021\/01\/La-Libros.png\"><img loading=\"lazy\" decoding=\"async\" class=\"alignnone size-large wp-image-7582\" src=\"https:\/\/agora.xtec.cat\/iesvila-seca\/wp-content\/uploads\/usu475\/2021\/01\/La-Libros-1024x457.png\" alt=\"\" width=\"1024\" height=\"457\" srcset=\"https:\/\/agora.xtec.cat\/iesvila-seca\/wp-content\/uploads\/usu475\/2021\/01\/La-Libros-1024x457.png 1024w, https:\/\/agora.xtec.cat\/iesvila-seca\/wp-content\/uploads\/usu475\/2021\/01\/La-Libros-300x134.png 300w, https:\/\/agora.xtec.cat\/iesvila-seca\/wp-content\/uploads\/usu475\/2021\/01\/La-Libros-768x343.png 768w, https:\/\/agora.xtec.cat\/iesvila-seca\/wp-content\/uploads\/usu475\/2021\/01\/La-Libros.png 1102w\" sizes=\"auto, (max-width: 1024px) 100vw, 1024px\" \/><\/a><\/p>\n<p>Les integrants de la comissi\u00f3 de la biblioteca volem demanar-vos una petita col\u00b7laboraci\u00f3 per tal d\u2019ampliar el cat\u00e0leg de llibres de la biblioteca del centre; \u00e9s per aix\u00f2 que us demanem que porteu totes aquelles novel\u00b7les que teniu al fons de la prestatgeria i que esteu segurs i segures que no llegireu mai m\u00e9s. La idea \u00e9s que les deixeu a la biblioteca del centre per tal que uns altres alumnes en puguin fer \u00fas i aix\u00ed fem possible tenir m\u00e9s lectures disponibles. Recordeu que tamb\u00e9 reciclem i aix\u00ed podem presumir d\u2019escola verda.<br \/>\nPenseu en aquelles lectures obligat\u00f2ries de 1r, 2n, 3r i 4t d\u2019ESO&#8230; segur que n\u2019hi haur\u00e0 alguna que podries reciclar.<br \/>\nCom que som en un institut de secund\u00e0ria i els lectors i les lectores sou vosaltres, els llibres han de ser juvenils i no infantils, \u00e9s a dir, lectures a partir d\u2019 11 anys.<br \/>\nTeniu dues opcions per tal de deixar-los: o b\u00e9 passar per la biblioteca d\u2019 11:00 a 11:15 (hora del pati) o b\u00e9 donar-los a la vostra professora de llengua i literatura castellanes.<br \/>\nGr\u00e0cies!<br \/>\nSara Morales. Comissi\u00f3 de biblioteca.<\/p>\n","protected":false},"excerpt":{"rendered":"<p>Les integrants de la comissi\u00f3 de la biblioteca volem demanar-vos una petita col\u00b7laboraci\u00f3 per tal d\u2019ampliar el cat\u00e0leg de llibres de la biblioteca del centre; \u00e9s per aix\u00f2 que us demanem que porteu totes aquelles novel\u00b7les que teniu al fons de la prestatgeria i que esteu segurs i segures que no llegireu mai m\u00e9s. La [&hellip;]<\/p>\n","protected":false},"author":1,"featured_media":0,"comment_status":"closed","ping_status":"closed","sticky":false,"template":"","format":"standard","meta":{"_bbp_topic_count":0,"_bbp_reply_count":0,"_bbp_total_topic_count":0,"_bbp_total_reply_count":0,"_bbp_voice_count":0,"_bbp_anonymous_reply_count":0,"_bbp_topic_count_hidden":0,"_bbp_reply_count_hidden":0,"_bbp_forum_subforum_count":0,"site-sidebar-layout":"default","site-content-layout":"","ast-site-content-layout":"","site-content-style":"default","site-sidebar-style":"default","ast-global-header-display":"","ast-banner-title-visibility":"","ast-main-header-display":"","ast-hfb-above-header-display":"","ast-hfb-below-header-display":"","ast-hfb-mobile-header-display":"","site-post-title":"","ast-breadcrumbs-content":"","ast-featured-img":"","footer-sml-layout":"","theme-transparent-header-meta":"","adv-header-id-meta":"","stick-header-meta":"","header-above-stick-meta":"","header-main-stick-meta":"","header-below-stick-meta":"","astra-migrate-meta-layouts":"default","ast-page-background-enabled":"default","ast-page-background-meta":{"desktop":{"background-color":"var(--ast-global-color-4)","background-image":"","background-repeat":"repeat","background-position":"center center","background-size":"auto","background-attachment":"scroll","background-type":"","background-media":"","overlay-type":"","overlay-color":"","overlay-opacity":"","overlay-gradient":""},"tablet":{"background-color":"","background-image":"","background-repeat":"repeat","background-position":"center center","background-size":"auto","background-attachment":"scroll","background-type":"","background-media":"","overlay-type":"","overlay-color":"","overlay-opacity":"","overlay-gradient":""},"mobile":{"background-color":"","background-image":"","background-repeat":"repeat","background-position":"center center","background-size":"auto","background-attachment":"scroll","background-type":"","background-media":"","overlay-type":"","overlay-color":"","overlay-opacity":"","overlay-gradient":""}},"ast-content-background-meta":{"desktop":{"background-color":"var(--ast-global-color-5)","background-image":"","background-repeat":"repeat","background-position":"center center","background-size":"auto","background-attachment":"scroll","background-type":"","background-media":"","overlay-type":"","overlay-color":"","overlay-opacity":"","overlay-gradient":""},"tablet":{"background-color":"var(--ast-global-color-5)","background-image":"","background-repeat":"repeat","background-position":"center center","background-size":"auto","background-attachment":"scroll","background-type":"","background-media":"","overlay-type":"","overlay-color":"","overlay-opacity":"","overlay-gradient":""},"mobile":{"background-color":"var(--ast-global-color-5)","background-image":"","background-repeat":"repeat","background-position":"center center","background-size":"auto","background-attachment":"scroll","background-type":"","background-media":"","overlay-type":"","overlay-color":"","overlay-opacity":"","overlay-gradient":""}},"footnotes":""},"categories":[1,29],"tags":[],"class_list":["post-7579","post","type-post","status-publish","format-standard","hentry","category-general","category-portada"],"post_mailing_queue_ids":[],"_links":{"self":[{"href":"https:\/\/agora.xtec.cat\/iesvila-seca\/wp-json\/wp\/v2\/posts\/7579","targetHints":{"allow":["GET"]}}],"collection":[{"href":"https:\/\/agora.xtec.cat\/iesvila-seca\/wp-json\/wp\/v2\/posts"}],"about":[{"href":"https:\/\/agora.xtec.cat\/iesvila-seca\/wp-json\/wp\/v2\/types\/post"}],"author":[{"embeddable":true,"href":"https:\/\/agora.xtec.cat\/iesvila-seca\/wp-json\/wp\/v2\/users\/1"}],"replies":[{"embeddable":true,"href":"https:\/\/agora.xtec.cat\/iesvila-seca\/wp-json\/wp\/v2\/comments?post=7579"}],"version-history":[{"count":2,"href":"https:\/\/agora.xtec.cat\/iesvila-seca\/wp-json\/wp\/v2\/posts\/7579\/revisions"}],"predecessor-version":[{"id":7583,"href":"https:\/\/agora.xtec.cat\/iesvila-seca\/wp-json\/wp\/v2\/posts\/7579\/revisions\/7583"}],"wp:attachment":[{"href":"https:\/\/agora.xtec.cat\/iesvila-seca\/wp-json\/wp\/v2\/media?parent=7579"}],"wp:term":[{"taxonomy":"category","embeddable":true,"href":"https:\/\/agora.xtec.cat\/iesvila-seca\/wp-json\/wp\/v2\/categories?post=7579"},{"taxonomy":"post_tag","embeddable":true,"href":"https:\/\/agora.xtec.cat\/iesvila-seca\/wp-json\/wp\/v2\/tags?post=7579"}],"curies":[{"name":"wp","href":"https:\/\/api.w.org\/{rel}","templated":true}]}}