{"id":7547,"date":"2020-12-18T09:23:37","date_gmt":"2020-12-18T08:23:37","guid":{"rendered":"http:\/\/agora.xtec.cat\/iesvila-seca\/?p=7547"},"modified":"2020-12-18T09:23:37","modified_gmt":"2020-12-18T08:23:37","slug":"aquesta-marato-toca-a-tothom-i-a-linstitut-va-tocar-a-3r-deso","status":"publish","type":"post","link":"https:\/\/agora.xtec.cat\/iesvila-seca\/general\/aquesta-marato-toca-a-tothom-i-a-linstitut-va-tocar-a-3r-deso\/","title":{"rendered":"Aquesta Marat\u00f3 toca a tothom \u2013 i a l\u2019Institut va tocar a 3r d\u2019ESO"},"content":{"rendered":"\r\n\t<div class=\"slideshow_container slideshow_container_style-light\" style=\"height: 300px; \" data-slideshow-id=\"7539\" data-style-name=\"style-light\" data-style-version=\"2.3.1\" >\r\n\r\n\t\t\t\t\t<div class=\"slideshow_loading_icon\"><\/div>\r\n\t\t\r\n\t\t<div class=\"slideshow_content\" style=\"display: none;\">\r\n\r\n\t\t\t<div class=\"slideshow_view\">\r\n\t\t\t\t<div class=\"slideshow_slide slideshow_slide_image\">\r\n\t\t\t\t\t\t\t\t\t\t\t<img src=\"https:\/\/agora.xtec.cat\/iesvila-seca\/wp-content\/uploads\/usu475\/2020\/12\/IMG_20201214_141503.jpg\" alt=\"IMG_20201214_141503\" width=\"2493\" height=\"1870\" \/>\r\n\t\t\t\t\t\t\t\t\t\t<div class=\"slideshow_description_box slideshow_transparent\">\r\n\t\t\t\t\t\t<div class=\"slideshow_title\">IMG_20201214_141503<\/div>\t\t\t\t\t\t\t\t\t\t\t<\/div>\r\n\t\t\t\t<\/div>\r\n\r\n\t\t\t\t\t\t<div style=\"clear: both;\"><\/div><\/div><div class=\"slideshow_view\">\r\n\t\t\t\t<div class=\"slideshow_slide slideshow_slide_image\">\r\n\t\t\t\t\t\t\t\t\t\t\t<img src=\"https:\/\/agora.xtec.cat\/iesvila-seca\/wp-content\/uploads\/usu475\/2020\/12\/IMG_20201214_135110.jpg\" alt=\"IMG_20201214_135110\" width=\"2493\" height=\"1870\" \/>\r\n\t\t\t\t\t\t\t\t\t\t<div class=\"slideshow_description_box slideshow_transparent\">\r\n\t\t\t\t\t\t<div class=\"slideshow_title\">IMG_20201214_135110<\/div>\t\t\t\t\t\t\t\t\t\t\t<\/div>\r\n\t\t\t\t<\/div>\r\n\r\n\t\t\t\t\t\t<div style=\"clear: both;\"><\/div><\/div><div class=\"slideshow_view\">\r\n\t\t\t\t<div class=\"slideshow_slide slideshow_slide_image\">\r\n\t\t\t\t\t\t\t\t\t\t\t<img src=\"https:\/\/agora.xtec.cat\/iesvila-seca\/wp-content\/uploads\/usu475\/2020\/12\/IMG_20201214_131649.jpg\" alt=\"IMG_20201214_131649\" width=\"2493\" height=\"1870\" \/>\r\n\t\t\t\t\t\t\t\t\t\t<div class=\"slideshow_description_box slideshow_transparent\">\r\n\t\t\t\t\t\t<div class=\"slideshow_title\">IMG_20201214_131649<\/div>\t\t\t\t\t\t\t\t\t\t\t<\/div>\r\n\t\t\t\t<\/div>\r\n\r\n\t\t\t\t\t\t<div style=\"clear: both;\"><\/div><\/div><div class=\"slideshow_view\">\r\n\t\t\t\t<div class=\"slideshow_slide slideshow_slide_image\">\r\n\t\t\t\t\t\t\t\t\t\t\t<img src=\"https:\/\/agora.xtec.cat\/iesvila-seca\/wp-content\/uploads\/usu475\/2020\/12\/IMG_20201214_124811.jpg\" alt=\"IMG_20201214_124811\" width=\"2493\" height=\"1870\" \/>\r\n\t\t\t\t\t\t\t\t\t\t<div class=\"slideshow_description_box slideshow_transparent\">\r\n\t\t\t\t\t\t<div class=\"slideshow_title\">IMG_20201214_124811<\/div>\t\t\t\t\t\t\t\t\t\t\t<\/div>\r\n\t\t\t\t<\/div>\r\n\r\n\t\t\t\t\t\t<div style=\"clear: both;\"><\/div><\/div><div class=\"slideshow_view\">\r\n\t\t\t\t<div class=\"slideshow_slide slideshow_slide_image\">\r\n\t\t\t\t\t\t\t\t\t\t\t<img src=\"https:\/\/agora.xtec.cat\/iesvila-seca\/wp-content\/uploads\/usu475\/2020\/12\/IMG_20201214_124754.jpg\" alt=\"IMG_20201214_124754\" width=\"2493\" height=\"1870\" \/>\r\n\t\t\t\t\t\t\t\t\t\t<div class=\"slideshow_description_box slideshow_transparent\">\r\n\t\t\t\t\t\t<div class=\"slideshow_title\">IMG_20201214_124754<\/div>\t\t\t\t\t\t\t\t\t\t\t<\/div>\r\n\t\t\t\t<\/div>\r\n\r\n\t\t\t\t\t\t<div style=\"clear: both;\"><\/div><\/div><div class=\"slideshow_view\">\r\n\t\t\t\t<div class=\"slideshow_slide slideshow_slide_image\">\r\n\t\t\t\t\t\t\t\t\t\t\t<img src=\"https:\/\/agora.xtec.cat\/iesvila-seca\/wp-content\/uploads\/usu475\/2020\/12\/IMG_20201214_124405.jpg\" alt=\"IMG_20201214_124405\" width=\"2493\" height=\"1870\" \/>\r\n\t\t\t\t\t\t\t\t\t\t<div class=\"slideshow_description_box slideshow_transparent\">\r\n\t\t\t\t\t\t<div class=\"slideshow_title\">IMG_20201214_124405<\/div>\t\t\t\t\t\t\t\t\t\t\t<\/div>\r\n\t\t\t\t<\/div>\r\n\r\n\t\t\t\t\t\t<div style=\"clear: both;\"><\/div><\/div><div class=\"slideshow_view\">\r\n\t\t\t\t<div class=\"slideshow_slide slideshow_slide_image\">\r\n\t\t\t\t\t\t\t\t\t\t\t<img src=\"https:\/\/agora.xtec.cat\/iesvila-seca\/wp-content\/uploads\/usu475\/2020\/12\/IMG_20201214_101604.jpg\" alt=\"IMG_20201214_101604\" width=\"2493\" height=\"1870\" \/>\r\n\t\t\t\t\t\t\t\t\t\t<div class=\"slideshow_description_box slideshow_transparent\">\r\n\t\t\t\t\t\t<div class=\"slideshow_title\">IMG_20201214_101604<\/div>\t\t\t\t\t\t\t\t\t\t\t<\/div>\r\n\t\t\t\t<\/div>\r\n\r\n\t\t\t\t\t\t<div style=\"clear: both;\"><\/div><\/div>\r\n\t\t<\/div>\r\n\r\n\t\t<div class=\"slideshow_controlPanel slideshow_transparent\" style=\"display: none;\"><ul><li class=\"slideshow_togglePlay\" data-play-text=\"Visualitza\" data-pause-text=\"Pausa\"><\/li><\/ul><\/div>\r\n\r\n\t\t<div class=\"slideshow_button slideshow_previous slideshow_transparent\" role=\"button\" data-previous-text=\"Anterior\" style=\"display: none;\"><\/div>\r\n\t\t<div class=\"slideshow_button slideshow_next slideshow_transparent\" role=\"button\" data-next-text=\"Seg\u00fcent\" style=\"display: none;\"><\/div>\r\n\r\n\t\t<div class=\"slideshow_pagination\" style=\"display: none;\" data-go-to-text=\"V\u00e9s a la diapositiva\"><div class=\"slideshow_pagination_center\"><\/div><\/div>\r\n\r\n\t\t<!-- WordPress Slideshow Version 2.3.1 -->\r\n\r\n\t\t\t<\/div>\r\n\r\n\n<p style=\"text-align: justify;\">La mat\u00e8ria de Biologia i Geologia de 3r d\u2019ESO t\u00e9 com a objectiu acad\u00e8mic assolir un\u00a0 coneixement b\u00e0sic del nostre cos: la seva anatomia, fisiologia i la relaci\u00f3 que t\u00e9 amb els h\u00e0bits que desenvolupem al llarg de la nostra vida. En aquest sentit, la xerrada de la Marat\u00f3 \u00e9s important per vincular el plantejament te\u00f2ric amb els fets de l&#8217;actualitat.<\/p>\n<p style=\"text-align: justify;\">A causa de\u00a0 la situaci\u00f3 d&#8217;emerg\u00e8ncia sanit\u00e0ria i als protocols que s&#8217;han establert en Educaci\u00f3, les xerrades d\u2019enguany s&#8217;han realitzat en format de videoconfer\u00e8ncia virtual. Tot i la dist\u00e0ncia f\u00edsica amb la monitora, s\u2019ha d\u2019agrair la predisposici\u00f3 i voluntat d\u2019informar i formar de la Gl\u00f2ria que ha estat cinc hores \u201cpassejant\u201d per les classes de 3r d\u2019ESO, contestant\u00a0 totes les preguntes que li vam fer.<\/p>\n<p style=\"text-align: justify;\">La marat\u00f3 de TV3 d&#8217;aquest any t\u00e9 l&#8217;objectiu de recollir fons per a la recerca cient\u00edfica d\u2019una malaltia tan greu com \u00e9s la provocada pel coronavirus SARS-CoV-2. Al mateix temps \u00e9s una eina poderosa per conscienciar la poblaci\u00f3 sobre les mesures preventives per mantenir a ratlla el virus que ha canviat l\u2019any 2020 i per a molta gent (massa) els ha canviat i canviar\u00e0 la vida.<\/p>\n<p style=\"text-align: justify;\">\u00c9s important ser conscients de com de petit \u00e9s l&#8217;\u00e9sser hum\u00e0 davant de la natura i del\u00a0 respecte que li devem\u00a0 per\u00f2 tamb\u00e9 de la for\u00e7a de la humanitat quan exercim com a tal i deixem de mirar-nos el melic per\u00a0 mirar pel b\u00e9 com\u00fa. Aix\u00f2 ens permetr\u00e0 seguir com a esp\u00e8cie i protegir els nostres \u00e9ssers m\u00e9s estimats.<\/p>\n<p style=\"text-align: justify;\">Us animem a seguir el programa especial de TV3 del diumenge 20 de desembre, a col\u00b7laborar amb la recerca i sobretot a mantenir les normes de seguretat sanit\u00e0ries: mascareta, dist\u00e0ncia i higiene de mans, per\u00f2 tamb\u00e9 ventilaci\u00f3 d&#8217;espais tancats. I per Nadal&#8230; fem un Nadal diferent, emotiu, \u00edntim i del Nadal que coneixem&#8230; en vindran m\u00e9s!<\/p>\n<p style=\"text-align: justify;\">Isabel Mendes. Departament de Ci\u00e8ncies Naturals.<\/p>\n","protected":false},"excerpt":{"rendered":"<p>La mat\u00e8ria de Biologia i Geologia de 3r d\u2019ESO t\u00e9 com a objectiu acad\u00e8mic assolir un\u00a0 coneixement b\u00e0sic del nostre cos: la seva anatomia, fisiologia i la relaci\u00f3 que t\u00e9 amb els h\u00e0bits que desenvolupem al llarg de la nostra vida. En aquest sentit, la xerrada de la Marat\u00f3 \u00e9s important per vincular el plantejament [&hellip;]<\/p>\n","protected":false},"author":1,"featured_media":7546,"comment_status":"closed","ping_status":"closed","sticky":false,"template":"","format":"standard","meta":{"_bbp_topic_count":0,"_bbp_reply_count":0,"_bbp_total_topic_count":0,"_bbp_total_reply_count":0,"_bbp_voice_count":0,"_bbp_anonymous_reply_count":0,"_bbp_topic_count_hidden":0,"_bbp_reply_count_hidden":0,"_bbp_forum_subforum_count":0,"site-sidebar-layout":"default","site-content-layout":"","ast-site-content-layout":"","site-content-style":"default","site-sidebar-style":"default","ast-global-header-display":"","ast-banner-title-visibility":"","ast-main-header-display":"","ast-hfb-above-header-display":"","ast-hfb-below-header-display":"","ast-hfb-mobile-header-display":"","site-post-title":"","ast-breadcrumbs-content":"","ast-featured-img":"","footer-sml-layout":"","theme-transparent-header-meta":"","adv-header-id-meta":"","stick-header-meta":"","header-above-stick-meta":"","header-main-stick-meta":"","header-below-stick-meta":"","astra-migrate-meta-layouts":"default","ast-page-background-enabled":"default","ast-page-background-meta":{"desktop":{"background-color":"var(--ast-global-color-4)","background-image":"","background-repeat":"repeat","background-position":"center center","background-size":"auto","background-attachment":"scroll","background-type":"","background-media":"","overlay-type":"","overlay-color":"","overlay-opacity":"","overlay-gradient":""},"tablet":{"background-color":"","background-image":"","background-repeat":"repeat","background-position":"center center","background-size":"auto","background-attachment":"scroll","background-type":"","background-media":"","overlay-type":"","overlay-color":"","overlay-opacity":"","overlay-gradient":""},"mobile":{"background-color":"","background-image":"","background-repeat":"repeat","background-position":"center center","background-size":"auto","background-attachment":"scroll","background-type":"","background-media":"","overlay-type":"","overlay-color":"","overlay-opacity":"","overlay-gradient":""}},"ast-content-background-meta":{"desktop":{"background-color":"var(--ast-global-color-5)","background-image":"","background-repeat":"repeat","background-position":"center center","background-size":"auto","background-attachment":"scroll","background-type":"","background-media":"","overlay-type":"","overlay-color":"","overlay-opacity":"","overlay-gradient":""},"tablet":{"background-color":"var(--ast-global-color-5)","background-image":"","background-repeat":"repeat","background-position":"center center","background-size":"auto","background-attachment":"scroll","background-type":"","background-media":"","overlay-type":"","overlay-color":"","overlay-opacity":"","overlay-gradient":""},"mobile":{"background-color":"var(--ast-global-color-5)","background-image":"","background-repeat":"repeat","background-position":"center center","background-size":"auto","background-attachment":"scroll","background-type":"","background-media":"","overlay-type":"","overlay-color":"","overlay-opacity":"","overlay-gradient":""}},"footnotes":""},"categories":[1,29],"tags":[],"class_list":["post-7547","post","type-post","status-publish","format-standard","has-post-thumbnail","hentry","category-general","category-portada"],"post_mailing_queue_ids":[],"_links":{"self":[{"href":"https:\/\/agora.xtec.cat\/iesvila-seca\/wp-json\/wp\/v2\/posts\/7547","targetHints":{"allow":["GET"]}}],"collection":[{"href":"https:\/\/agora.xtec.cat\/iesvila-seca\/wp-json\/wp\/v2\/posts"}],"about":[{"href":"https:\/\/agora.xtec.cat\/iesvila-seca\/wp-json\/wp\/v2\/types\/post"}],"author":[{"embeddable":true,"href":"https:\/\/agora.xtec.cat\/iesvila-seca\/wp-json\/wp\/v2\/users\/1"}],"replies":[{"embeddable":true,"href":"https:\/\/agora.xtec.cat\/iesvila-seca\/wp-json\/wp\/v2\/comments?post=7547"}],"version-history":[{"count":1,"href":"https:\/\/agora.xtec.cat\/iesvila-seca\/wp-json\/wp\/v2\/posts\/7547\/revisions"}],"predecessor-version":[{"id":7548,"href":"https:\/\/agora.xtec.cat\/iesvila-seca\/wp-json\/wp\/v2\/posts\/7547\/revisions\/7548"}],"wp:featuredmedia":[{"embeddable":true,"href":"https:\/\/agora.xtec.cat\/iesvila-seca\/wp-json\/wp\/v2\/media\/7546"}],"wp:attachment":[{"href":"https:\/\/agora.xtec.cat\/iesvila-seca\/wp-json\/wp\/v2\/media?parent=7547"}],"wp:term":[{"taxonomy":"category","embeddable":true,"href":"https:\/\/agora.xtec.cat\/iesvila-seca\/wp-json\/wp\/v2\/categories?post=7547"},{"taxonomy":"post_tag","embeddable":true,"href":"https:\/\/agora.xtec.cat\/iesvila-seca\/wp-json\/wp\/v2\/tags?post=7547"}],"curies":[{"name":"wp","href":"https:\/\/api.w.org\/{rel}","templated":true}]}}