{"id":6981,"date":"2020-06-19T12:06:13","date_gmt":"2020-06-19T10:06:13","guid":{"rendered":"http:\/\/agora.xtec.cat\/iesvila-seca\/?p=6981"},"modified":"2020-06-25T10:46:05","modified_gmt":"2020-06-25T08:46:05","slug":"la-van-trobar-surant-al-port","status":"publish","type":"post","link":"https:\/\/agora.xtec.cat\/iesvila-seca\/general\/la-van-trobar-surant-al-port\/","title":{"rendered":"La van trobar surant al port"},"content":{"rendered":"<p><a href=\"https:\/\/agora.xtec.cat\/iesvila-seca\/wp-content\/uploads\/usu475\/2020\/06\/Captura-de-Pantalla-2020-06-23-a-les-15.01.48.png\"><img loading=\"lazy\" decoding=\"async\" class=\"size-full wp-image-7047 aligncenter\" src=\"https:\/\/agora.xtec.cat\/iesvila-seca\/wp-content\/uploads\/usu475\/2020\/06\/Captura-de-Pantalla-2020-06-23-a-les-15.01.48.png\" alt=\"\" width=\"692\" height=\"679\" srcset=\"https:\/\/agora.xtec.cat\/iesvila-seca\/wp-content\/uploads\/usu475\/2020\/06\/Captura-de-Pantalla-2020-06-23-a-les-15.01.48.png 692w, https:\/\/agora.xtec.cat\/iesvila-seca\/wp-content\/uploads\/usu475\/2020\/06\/Captura-de-Pantalla-2020-06-23-a-les-15.01.48-300x294.png 300w\" sizes=\"auto, (max-width: 692px) 100vw, 692px\" \/><\/a><\/p>\n<p style=\"text-align: justify;\">Cada any l&#8217;institut Vila-seca presenta alumnes de 2n batxillerat al premi port de Tarragona. \u00c9s un concurs per a joves estudiants que demostren les seves habilitats creadores a l&#8217;hora d&#8217;escriure un relat curt: d&#8217;entre les normes que els participants han de seguir, la que m\u00e9s destaca \u00e9s que s&#8217; expliqui un fet que succeeixi al litoral tarragon\u00ed. Enguany l&#8217;alumna Andrea Corral de 2n batxillerat A hi ha participat. Tot i la pand\u00e8mia que estem vivint i que ha\u00a0\u00a0fet anul\u00b7lar molts actes i esdeveniments, aquest concurs ha pogut sobreviure pel fet que tot era on line.<\/p>\n<p style=\"text-align: justify;\">I ahir es va saber el veredicte: l&#8217;Andrea no ha guanyat el primer premi per\u00f2 s\u00ed que ha estat seleccionada perqu\u00e8 el seu conte acabi formant part d&#8217;un llibre en format digital. Tota una bona elecci\u00f3 per part del jurat. No us explicar\u00e9 de qu\u00e8 va el conte tot i que ho podeu intuir pel t\u00edtol: aix\u00f2 ho deixo per vosaltres quan el pugueu llegir i de ben segur que no us defraudar\u00e0 gens.<\/p>\n<p style=\"text-align: justify;\">Montse Marc\u00e8<\/p>\n","protected":false},"excerpt":{"rendered":"<p>Cada any l&#8217;institut Vila-seca presenta alumnes de 2n batxillerat al premi port de Tarragona. \u00c9s un concurs per a joves estudiants que demostren les seves habilitats creadores a l&#8217;hora d&#8217;escriure un relat curt: d&#8217;entre les normes que els participants han de seguir, la que m\u00e9s destaca \u00e9s que s&#8217; expliqui un fet que succeeixi al [&hellip;]<\/p>\n","protected":false},"author":1,"featured_media":0,"comment_status":"closed","ping_status":"closed","sticky":false,"template":"","format":"standard","meta":{"_bbp_topic_count":0,"_bbp_reply_count":0,"_bbp_total_topic_count":0,"_bbp_total_reply_count":0,"_bbp_voice_count":0,"_bbp_anonymous_reply_count":0,"_bbp_topic_count_hidden":0,"_bbp_reply_count_hidden":0,"_bbp_forum_subforum_count":0,"site-sidebar-layout":"default","site-content-layout":"","ast-site-content-layout":"","site-content-style":"default","site-sidebar-style":"default","ast-global-header-display":"","ast-banner-title-visibility":"","ast-main-header-display":"","ast-hfb-above-header-display":"","ast-hfb-below-header-display":"","ast-hfb-mobile-header-display":"","site-post-title":"","ast-breadcrumbs-content":"","ast-featured-img":"","footer-sml-layout":"","theme-transparent-header-meta":"","adv-header-id-meta":"","stick-header-meta":"","header-above-stick-meta":"","header-main-stick-meta":"","header-below-stick-meta":"","astra-migrate-meta-layouts":"default","ast-page-background-enabled":"default","ast-page-background-meta":{"desktop":{"background-color":"var(--ast-global-color-4)","background-image":"","background-repeat":"repeat","background-position":"center center","background-size":"auto","background-attachment":"scroll","background-type":"","background-media":"","overlay-type":"","overlay-color":"","overlay-opacity":"","overlay-gradient":""},"tablet":{"background-color":"","background-image":"","background-repeat":"repeat","background-position":"center center","background-size":"auto","background-attachment":"scroll","background-type":"","background-media":"","overlay-type":"","overlay-color":"","overlay-opacity":"","overlay-gradient":""},"mobile":{"background-color":"","background-image":"","background-repeat":"repeat","background-position":"center center","background-size":"auto","background-attachment":"scroll","background-type":"","background-media":"","overlay-type":"","overlay-color":"","overlay-opacity":"","overlay-gradient":""}},"ast-content-background-meta":{"desktop":{"background-color":"var(--ast-global-color-5)","background-image":"","background-repeat":"repeat","background-position":"center center","background-size":"auto","background-attachment":"scroll","background-type":"","background-media":"","overlay-type":"","overlay-color":"","overlay-opacity":"","overlay-gradient":""},"tablet":{"background-color":"var(--ast-global-color-5)","background-image":"","background-repeat":"repeat","background-position":"center center","background-size":"auto","background-attachment":"scroll","background-type":"","background-media":"","overlay-type":"","overlay-color":"","overlay-opacity":"","overlay-gradient":""},"mobile":{"background-color":"var(--ast-global-color-5)","background-image":"","background-repeat":"repeat","background-position":"center center","background-size":"auto","background-attachment":"scroll","background-type":"","background-media":"","overlay-type":"","overlay-color":"","overlay-opacity":"","overlay-gradient":""}},"footnotes":""},"categories":[8,1,29],"tags":[],"class_list":["post-6981","post","type-post","status-publish","format-standard","hentry","category-batxillerat","category-general","category-portada"],"post_mailing_queue_ids":[],"_links":{"self":[{"href":"https:\/\/agora.xtec.cat\/iesvila-seca\/wp-json\/wp\/v2\/posts\/6981","targetHints":{"allow":["GET"]}}],"collection":[{"href":"https:\/\/agora.xtec.cat\/iesvila-seca\/wp-json\/wp\/v2\/posts"}],"about":[{"href":"https:\/\/agora.xtec.cat\/iesvila-seca\/wp-json\/wp\/v2\/types\/post"}],"author":[{"embeddable":true,"href":"https:\/\/agora.xtec.cat\/iesvila-seca\/wp-json\/wp\/v2\/users\/1"}],"replies":[{"embeddable":true,"href":"https:\/\/agora.xtec.cat\/iesvila-seca\/wp-json\/wp\/v2\/comments?post=6981"}],"version-history":[{"count":3,"href":"https:\/\/agora.xtec.cat\/iesvila-seca\/wp-json\/wp\/v2\/posts\/6981\/revisions"}],"predecessor-version":[{"id":7111,"href":"https:\/\/agora.xtec.cat\/iesvila-seca\/wp-json\/wp\/v2\/posts\/6981\/revisions\/7111"}],"wp:attachment":[{"href":"https:\/\/agora.xtec.cat\/iesvila-seca\/wp-json\/wp\/v2\/media?parent=6981"}],"wp:term":[{"taxonomy":"category","embeddable":true,"href":"https:\/\/agora.xtec.cat\/iesvila-seca\/wp-json\/wp\/v2\/categories?post=6981"},{"taxonomy":"post_tag","embeddable":true,"href":"https:\/\/agora.xtec.cat\/iesvila-seca\/wp-json\/wp\/v2\/tags?post=6981"}],"curies":[{"name":"wp","href":"https:\/\/api.w.org\/{rel}","templated":true}]}}