{"id":5918,"date":"2020-01-21T12:45:21","date_gmt":"2020-01-21T11:45:21","guid":{"rendered":"http:\/\/agora.xtec.cat\/iesvila-seca\/?p=5918"},"modified":"2020-06-23T17:13:20","modified_gmt":"2020-06-23T15:13:20","slug":"lins-vila-seca-crea-el-seu-primer-esdeveniment-a-etwinning-2","status":"publish","type":"post","link":"https:\/\/agora.xtec.cat\/iesvila-seca\/general\/lins-vila-seca-crea-el-seu-primer-esdeveniment-a-etwinning-2\/","title":{"rendered":"L\u2019INS Vila-seca crea el seu primer esdeveniment a eTwinning\u00a0"},"content":{"rendered":"<table style=\"border-style: none;\">\n<tbody>\n<tr>\n<td style=\"vertical-align: top;\"><a href=\"https:\/\/agora.xtec.cat\/iesvila-seca\/wp-content\/uploads\/usu475\/2020\/01\/Captura-de-pantalla-2020-01-14-a-las-13.11.39.png\"><img loading=\"lazy\" decoding=\"async\" class=\"size-full wp-image-6000 aligncenter\" src=\"https:\/\/agora.xtec.cat\/iesvila-seca\/wp-content\/uploads\/usu475\/2020\/01\/Captura-de-pantalla-2020-01-14-a-las-13.11.39.png\" alt=\"\" width=\"406\" height=\"405\" srcset=\"https:\/\/agora.xtec.cat\/iesvila-seca\/wp-content\/uploads\/usu475\/2020\/01\/Captura-de-pantalla-2020-01-14-a-las-13.11.39.png 406w, https:\/\/agora.xtec.cat\/iesvila-seca\/wp-content\/uploads\/usu475\/2020\/01\/Captura-de-pantalla-2020-01-14-a-las-13.11.39-150x150.png 150w, https:\/\/agora.xtec.cat\/iesvila-seca\/wp-content\/uploads\/usu475\/2020\/01\/Captura-de-pantalla-2020-01-14-a-las-13.11.39-300x300.png 300w\" sizes=\"auto, (max-width: 406px) 100vw, 406px\" \/><\/a><\/td>\n<td>El passat 25 de novembre, dia internacional contra la viol\u00e8ncia de g\u00e8nere, el departament de castell\u00e0 va crear el seu primer esdeveniment eTwinning. V\u00e0rem convidar\u00a0 diferents instituts europeus a compartir recursos per tal de sensibilitzar els nostres alumnes: uns mitjan\u00e7ant can\u00e7ons, altres lectures, fent murals, visualitzant pel\u00b7l\u00edcules i altres coses; tots van lluir orgullosos el llacet lila a la solapa.<\/p>\n<p>Montse Marsal. Coordinadora eTwinning.<\/td>\n<\/tr>\n<\/tbody>\n<\/table>\n","protected":false},"excerpt":{"rendered":"<p>El passat 25 de novembre, dia internacional contra la viol\u00e8ncia de g\u00e8nere, el departament de castell\u00e0 va crear el seu primer esdeveniment eTwinning. V\u00e0rem convidar\u00a0 diferents instituts europeus a compartir recursos per tal de sensibilitzar els nostres alumnes: uns mitjan\u00e7ant can\u00e7ons, altres lectures, fent murals, visualitzant pel\u00b7l\u00edcules i altres coses; tots van lluir orgullosos el [&hellip;]<\/p>\n","protected":false},"author":1,"featured_media":0,"comment_status":"closed","ping_status":"closed","sticky":false,"template":"","format":"standard","meta":{"_bbp_topic_count":0,"_bbp_reply_count":0,"_bbp_total_topic_count":0,"_bbp_total_reply_count":0,"_bbp_voice_count":0,"_bbp_anonymous_reply_count":0,"_bbp_topic_count_hidden":0,"_bbp_reply_count_hidden":0,"_bbp_forum_subforum_count":0,"site-sidebar-layout":"default","site-content-layout":"","ast-site-content-layout":"","site-content-style":"default","site-sidebar-style":"default","ast-global-header-display":"","ast-banner-title-visibility":"","ast-main-header-display":"","ast-hfb-above-header-display":"","ast-hfb-below-header-display":"","ast-hfb-mobile-header-display":"","site-post-title":"","ast-breadcrumbs-content":"","ast-featured-img":"","footer-sml-layout":"","theme-transparent-header-meta":"","adv-header-id-meta":"","stick-header-meta":"","header-above-stick-meta":"","header-main-stick-meta":"","header-below-stick-meta":"","astra-migrate-meta-layouts":"default","ast-page-background-enabled":"default","ast-page-background-meta":{"desktop":{"background-color":"var(--ast-global-color-4)","background-image":"","background-repeat":"repeat","background-position":"center center","background-size":"auto","background-attachment":"scroll","background-type":"","background-media":"","overlay-type":"","overlay-color":"","overlay-opacity":"","overlay-gradient":""},"tablet":{"background-color":"","background-image":"","background-repeat":"repeat","background-position":"center center","background-size":"auto","background-attachment":"scroll","background-type":"","background-media":"","overlay-type":"","overlay-color":"","overlay-opacity":"","overlay-gradient":""},"mobile":{"background-color":"","background-image":"","background-repeat":"repeat","background-position":"center center","background-size":"auto","background-attachment":"scroll","background-type":"","background-media":"","overlay-type":"","overlay-color":"","overlay-opacity":"","overlay-gradient":""}},"ast-content-background-meta":{"desktop":{"background-color":"var(--ast-global-color-5)","background-image":"","background-repeat":"repeat","background-position":"center center","background-size":"auto","background-attachment":"scroll","background-type":"","background-media":"","overlay-type":"","overlay-color":"","overlay-opacity":"","overlay-gradient":""},"tablet":{"background-color":"var(--ast-global-color-5)","background-image":"","background-repeat":"repeat","background-position":"center center","background-size":"auto","background-attachment":"scroll","background-type":"","background-media":"","overlay-type":"","overlay-color":"","overlay-opacity":"","overlay-gradient":""},"mobile":{"background-color":"var(--ast-global-color-5)","background-image":"","background-repeat":"repeat","background-position":"center center","background-size":"auto","background-attachment":"scroll","background-type":"","background-media":"","overlay-type":"","overlay-color":"","overlay-opacity":"","overlay-gradient":""}},"footnotes":""},"categories":[1,29],"tags":[],"class_list":["post-5918","post","type-post","status-publish","format-standard","hentry","category-general","category-portada"],"post_mailing_queue_ids":[],"_links":{"self":[{"href":"https:\/\/agora.xtec.cat\/iesvila-seca\/wp-json\/wp\/v2\/posts\/5918","targetHints":{"allow":["GET"]}}],"collection":[{"href":"https:\/\/agora.xtec.cat\/iesvila-seca\/wp-json\/wp\/v2\/posts"}],"about":[{"href":"https:\/\/agora.xtec.cat\/iesvila-seca\/wp-json\/wp\/v2\/types\/post"}],"author":[{"embeddable":true,"href":"https:\/\/agora.xtec.cat\/iesvila-seca\/wp-json\/wp\/v2\/users\/1"}],"replies":[{"embeddable":true,"href":"https:\/\/agora.xtec.cat\/iesvila-seca\/wp-json\/wp\/v2\/comments?post=5918"}],"version-history":[{"count":3,"href":"https:\/\/agora.xtec.cat\/iesvila-seca\/wp-json\/wp\/v2\/posts\/5918\/revisions"}],"predecessor-version":[{"id":7094,"href":"https:\/\/agora.xtec.cat\/iesvila-seca\/wp-json\/wp\/v2\/posts\/5918\/revisions\/7094"}],"wp:attachment":[{"href":"https:\/\/agora.xtec.cat\/iesvila-seca\/wp-json\/wp\/v2\/media?parent=5918"}],"wp:term":[{"taxonomy":"category","embeddable":true,"href":"https:\/\/agora.xtec.cat\/iesvila-seca\/wp-json\/wp\/v2\/categories?post=5918"},{"taxonomy":"post_tag","embeddable":true,"href":"https:\/\/agora.xtec.cat\/iesvila-seca\/wp-json\/wp\/v2\/tags?post=5918"}],"curies":[{"name":"wp","href":"https:\/\/api.w.org\/{rel}","templated":true}]}}