{"id":5726,"date":"2019-11-13T13:26:50","date_gmt":"2019-11-13T12:26:50","guid":{"rendered":"http:\/\/agora.xtec.cat\/iesvila-seca\/?p=5726"},"modified":"2019-11-13T13:26:50","modified_gmt":"2019-11-13T12:26:50","slug":"panellets-cooperatius","status":"publish","type":"post","link":"https:\/\/agora.xtec.cat\/iesvila-seca\/general\/panellets-cooperatius\/","title":{"rendered":"Panellets cooperatius\u00a0"},"content":{"rendered":"<p>Aquest \u00faltim dimecres d\u2019octubre, els alumnes del PFI i alguns companys de l\u2019Aula d\u2019Acollida hem realitzat una activitat conjunta per apropar-nos i con\u00e8ixer millor la tradici\u00f3 de la Castanyada. Aix\u00ed que hem posat les mans a la massa&#8230; i tots a fer panellets!!<\/p>\n<p>Pr\u00e8viament, als alumnes d\u2019Aula d\u2019Acollida se\u2019ls havia parlat d\u2019aquesta tradici\u00f3 catalana i se&#8217;ls havia explicat com se celebra el dia de Tots Sants en diferents zones del m\u00f3n: el Magosto a Ast\u00faries o Gal\u00edcia; a Xina, el Festival de Ching Ming; a M\u00e8xic, el D\u00eda de los Muertos; a l&#8217; \u00cdndia, el Mahalaya; i als pa\u00efsos anglosaxons, Halloween. Moltes d\u2019 aquestes celebracions provenen dels celtes i la celebraci\u00f3 del Samhain.<\/p>\n<p>Els alumnes del PFI, que ja havien practicat anteriorment, han facilitat la recepta dels panellets als companys de l\u2019Aula d\u2019Acollida i han esdevingut els mentors de l\u2019activitat. En grupets redu\u00efts, hem practicat la recepta entre tots, cuinat i experimentat l\u2019experi\u00e8ncia, i el millor per a tothom&#8230; degustar una molt bona feina en equip.<\/p>\n<p>Judit Arbon\u00e8s, S\u00edlvia Bonet.<\/p>\n","protected":false},"excerpt":{"rendered":"<p>Aquest \u00faltim dimecres d\u2019octubre, els alumnes del PFI i alguns companys de l\u2019Aula d\u2019Acollida hem realitzat una activitat conjunta per apropar-nos i con\u00e8ixer millor la tradici\u00f3 de la Castanyada. Aix\u00ed que hem posat les mans a la massa&#8230; i tots a fer panellets!! Pr\u00e8viament, als alumnes d\u2019Aula d\u2019Acollida se\u2019ls havia parlat d\u2019aquesta tradici\u00f3 catalana i [&hellip;]<\/p>\n","protected":false},"author":1,"featured_media":0,"comment_status":"closed","ping_status":"closed","sticky":false,"template":"","format":"standard","meta":{"_bbp_topic_count":0,"_bbp_reply_count":0,"_bbp_total_topic_count":0,"_bbp_total_reply_count":0,"_bbp_voice_count":0,"_bbp_anonymous_reply_count":0,"_bbp_topic_count_hidden":0,"_bbp_reply_count_hidden":0,"_bbp_forum_subforum_count":0,"site-sidebar-layout":"default","site-content-layout":"","ast-site-content-layout":"","site-content-style":"default","site-sidebar-style":"default","ast-global-header-display":"","ast-banner-title-visibility":"","ast-main-header-display":"","ast-hfb-above-header-display":"","ast-hfb-below-header-display":"","ast-hfb-mobile-header-display":"","site-post-title":"","ast-breadcrumbs-content":"","ast-featured-img":"","footer-sml-layout":"","theme-transparent-header-meta":"","adv-header-id-meta":"","stick-header-meta":"","header-above-stick-meta":"","header-main-stick-meta":"","header-below-stick-meta":"","astra-migrate-meta-layouts":"default","ast-page-background-enabled":"default","ast-page-background-meta":{"desktop":{"background-color":"var(--ast-global-color-4)","background-image":"","background-repeat":"repeat","background-position":"center center","background-size":"auto","background-attachment":"scroll","background-type":"","background-media":"","overlay-type":"","overlay-color":"","overlay-opacity":"","overlay-gradient":""},"tablet":{"background-color":"","background-image":"","background-repeat":"repeat","background-position":"center center","background-size":"auto","background-attachment":"scroll","background-type":"","background-media":"","overlay-type":"","overlay-color":"","overlay-opacity":"","overlay-gradient":""},"mobile":{"background-color":"","background-image":"","background-repeat":"repeat","background-position":"center center","background-size":"auto","background-attachment":"scroll","background-type":"","background-media":"","overlay-type":"","overlay-color":"","overlay-opacity":"","overlay-gradient":""}},"ast-content-background-meta":{"desktop":{"background-color":"var(--ast-global-color-5)","background-image":"","background-repeat":"repeat","background-position":"center center","background-size":"auto","background-attachment":"scroll","background-type":"","background-media":"","overlay-type":"","overlay-color":"","overlay-opacity":"","overlay-gradient":""},"tablet":{"background-color":"var(--ast-global-color-5)","background-image":"","background-repeat":"repeat","background-position":"center center","background-size":"auto","background-attachment":"scroll","background-type":"","background-media":"","overlay-type":"","overlay-color":"","overlay-opacity":"","overlay-gradient":""},"mobile":{"background-color":"var(--ast-global-color-5)","background-image":"","background-repeat":"repeat","background-position":"center center","background-size":"auto","background-attachment":"scroll","background-type":"","background-media":"","overlay-type":"","overlay-color":"","overlay-opacity":"","overlay-gradient":""}},"footnotes":""},"categories":[1,100,29],"tags":[],"class_list":["post-5726","post","type-post","status-publish","format-standard","hentry","category-general","category-pip","category-portada"],"post_mailing_queue_ids":[],"_links":{"self":[{"href":"https:\/\/agora.xtec.cat\/iesvila-seca\/wp-json\/wp\/v2\/posts\/5726","targetHints":{"allow":["GET"]}}],"collection":[{"href":"https:\/\/agora.xtec.cat\/iesvila-seca\/wp-json\/wp\/v2\/posts"}],"about":[{"href":"https:\/\/agora.xtec.cat\/iesvila-seca\/wp-json\/wp\/v2\/types\/post"}],"author":[{"embeddable":true,"href":"https:\/\/agora.xtec.cat\/iesvila-seca\/wp-json\/wp\/v2\/users\/1"}],"replies":[{"embeddable":true,"href":"https:\/\/agora.xtec.cat\/iesvila-seca\/wp-json\/wp\/v2\/comments?post=5726"}],"version-history":[{"count":1,"href":"https:\/\/agora.xtec.cat\/iesvila-seca\/wp-json\/wp\/v2\/posts\/5726\/revisions"}],"predecessor-version":[{"id":5727,"href":"https:\/\/agora.xtec.cat\/iesvila-seca\/wp-json\/wp\/v2\/posts\/5726\/revisions\/5727"}],"wp:attachment":[{"href":"https:\/\/agora.xtec.cat\/iesvila-seca\/wp-json\/wp\/v2\/media?parent=5726"}],"wp:term":[{"taxonomy":"category","embeddable":true,"href":"https:\/\/agora.xtec.cat\/iesvila-seca\/wp-json\/wp\/v2\/categories?post=5726"},{"taxonomy":"post_tag","embeddable":true,"href":"https:\/\/agora.xtec.cat\/iesvila-seca\/wp-json\/wp\/v2\/tags?post=5726"}],"curies":[{"name":"wp","href":"https:\/\/api.w.org\/{rel}","templated":true}]}}