{"id":5724,"date":"2019-11-13T13:25:46","date_gmt":"2019-11-13T12:25:46","guid":{"rendered":"http:\/\/agora.xtec.cat\/iesvila-seca\/?p=5724"},"modified":"2019-11-13T13:25:46","modified_gmt":"2019-11-13T12:25:46","slug":"exposicio-de-comics-de-primer-d-eso-2","status":"publish","type":"post","link":"https:\/\/agora.xtec.cat\/iesvila-seca\/eso\/eso-1\/exposicio-de-comics-de-primer-d-eso-2\/","title":{"rendered":"Exposici\u00f3 de c\u00f2mics de primer d&#8217; ESO"},"content":{"rendered":"<p style=\"text-align: justify;\">Durant les primeres setmanes de curs, el Departament de Llengua Castellana ha proposat als alumnes de primer\u00a0 la realitzaci\u00f3 d&#8217;un c\u00f2mic. El llenguatge narratiu en vinyetes \u00e9s part del temari del curs per\u00f2, a m\u00e9s, aquesta activitat \u00e9s una bona excusa per tal de fomentar el treball en grup i el coneixement mutu dels alumnes que acaben d&#8217;arribar al nostre institut.<\/p>\n<p style=\"text-align: justify;\">En primer lloc, els alumnes reben les nocions m\u00e9s importants de com desenvolupar una hist\u00f2ria en un c\u00f2mic. A continuaci\u00f3, els estudiants comencen\u00a0la feina i en grups de dos o tres concreten una hist\u00f2ria en vinyetes. El gui\u00f3 inicial \u00e9s corregit per la professora corresponent i a continuaci\u00f3 passen a la part gr\u00e0fica, on els joves hauran de plasmar amb di\u00e0legs i dibuixos la seva proposta.<\/p>\n<p style=\"text-align: justify;\">El resultat el podem contemplar a l&#8217;entrada de l&#8217;institut, on trobarem penjats els diferents c\u00f2mics realitzats pels nostres alumnes de primer.<\/p>\n<p style=\"text-align: justify;\">El Departament de Llengua Castellana valora molt positivament aquest iniciativa ja que ha servit perqu\u00e8 els nois i noies nouvinguts es coneguin i fins i tot es formin grups d&#8217;amics que ara s\u00f3n inseparables. Amb tot, els joves han tingut l&#8217;oportunitat de desenvolupar les seves dots narratives tant escrites com dibuixades en un llenguatge, el dels dibuixos, que els \u00e9s molt pr\u00f2xim.<\/p>\n<p style=\"text-align: justify;\">Mosquis. Redacci\u00f3.<\/p>\n","protected":false},"excerpt":{"rendered":"<p>Durant les primeres setmanes de curs, el Departament de Llengua Castellana ha proposat als alumnes de primer\u00a0 la realitzaci\u00f3 d&#8217;un c\u00f2mic. El llenguatge narratiu en vinyetes \u00e9s part del temari del curs per\u00f2, a m\u00e9s, aquesta activitat \u00e9s una bona excusa per tal de fomentar el treball en grup i el coneixement mutu dels alumnes [&hellip;]<\/p>\n","protected":false},"author":1,"featured_media":0,"comment_status":"closed","ping_status":"closed","sticky":false,"template":"","format":"standard","meta":{"_bbp_topic_count":0,"_bbp_reply_count":0,"_bbp_total_topic_count":0,"_bbp_total_reply_count":0,"_bbp_voice_count":0,"_bbp_anonymous_reply_count":0,"_bbp_topic_count_hidden":0,"_bbp_reply_count_hidden":0,"_bbp_forum_subforum_count":0,"site-sidebar-layout":"default","site-content-layout":"","ast-site-content-layout":"","site-content-style":"default","site-sidebar-style":"default","ast-global-header-display":"","ast-banner-title-visibility":"","ast-main-header-display":"","ast-hfb-above-header-display":"","ast-hfb-below-header-display":"","ast-hfb-mobile-header-display":"","site-post-title":"","ast-breadcrumbs-content":"","ast-featured-img":"","footer-sml-layout":"","theme-transparent-header-meta":"","adv-header-id-meta":"","stick-header-meta":"","header-above-stick-meta":"","header-main-stick-meta":"","header-below-stick-meta":"","astra-migrate-meta-layouts":"default","ast-page-background-enabled":"default","ast-page-background-meta":{"desktop":{"background-color":"var(--ast-global-color-4)","background-image":"","background-repeat":"repeat","background-position":"center center","background-size":"auto","background-attachment":"scroll","background-type":"","background-media":"","overlay-type":"","overlay-color":"","overlay-opacity":"","overlay-gradient":""},"tablet":{"background-color":"","background-image":"","background-repeat":"repeat","background-position":"center center","background-size":"auto","background-attachment":"scroll","background-type":"","background-media":"","overlay-type":"","overlay-color":"","overlay-opacity":"","overlay-gradient":""},"mobile":{"background-color":"","background-image":"","background-repeat":"repeat","background-position":"center center","background-size":"auto","background-attachment":"scroll","background-type":"","background-media":"","overlay-type":"","overlay-color":"","overlay-opacity":"","overlay-gradient":""}},"ast-content-background-meta":{"desktop":{"background-color":"var(--ast-global-color-5)","background-image":"","background-repeat":"repeat","background-position":"center center","background-size":"auto","background-attachment":"scroll","background-type":"","background-media":"","overlay-type":"","overlay-color":"","overlay-opacity":"","overlay-gradient":""},"tablet":{"background-color":"var(--ast-global-color-5)","background-image":"","background-repeat":"repeat","background-position":"center center","background-size":"auto","background-attachment":"scroll","background-type":"","background-media":"","overlay-type":"","overlay-color":"","overlay-opacity":"","overlay-gradient":""},"mobile":{"background-color":"var(--ast-global-color-5)","background-image":"","background-repeat":"repeat","background-position":"center center","background-size":"auto","background-attachment":"scroll","background-type":"","background-media":"","overlay-type":"","overlay-color":"","overlay-opacity":"","overlay-gradient":""}},"footnotes":""},"categories":[4,29],"tags":[],"class_list":["post-5724","post","type-post","status-publish","format-standard","hentry","category-eso-1","category-portada"],"post_mailing_queue_ids":[],"_links":{"self":[{"href":"https:\/\/agora.xtec.cat\/iesvila-seca\/wp-json\/wp\/v2\/posts\/5724","targetHints":{"allow":["GET"]}}],"collection":[{"href":"https:\/\/agora.xtec.cat\/iesvila-seca\/wp-json\/wp\/v2\/posts"}],"about":[{"href":"https:\/\/agora.xtec.cat\/iesvila-seca\/wp-json\/wp\/v2\/types\/post"}],"author":[{"embeddable":true,"href":"https:\/\/agora.xtec.cat\/iesvila-seca\/wp-json\/wp\/v2\/users\/1"}],"replies":[{"embeddable":true,"href":"https:\/\/agora.xtec.cat\/iesvila-seca\/wp-json\/wp\/v2\/comments?post=5724"}],"version-history":[{"count":1,"href":"https:\/\/agora.xtec.cat\/iesvila-seca\/wp-json\/wp\/v2\/posts\/5724\/revisions"}],"predecessor-version":[{"id":5725,"href":"https:\/\/agora.xtec.cat\/iesvila-seca\/wp-json\/wp\/v2\/posts\/5724\/revisions\/5725"}],"wp:attachment":[{"href":"https:\/\/agora.xtec.cat\/iesvila-seca\/wp-json\/wp\/v2\/media?parent=5724"}],"wp:term":[{"taxonomy":"category","embeddable":true,"href":"https:\/\/agora.xtec.cat\/iesvila-seca\/wp-json\/wp\/v2\/categories?post=5724"},{"taxonomy":"post_tag","embeddable":true,"href":"https:\/\/agora.xtec.cat\/iesvila-seca\/wp-json\/wp\/v2\/tags?post=5724"}],"curies":[{"name":"wp","href":"https:\/\/api.w.org\/{rel}","templated":true}]}}