{"id":5595,"date":"2019-10-04T09:22:19","date_gmt":"2019-10-04T07:22:19","guid":{"rendered":"http:\/\/agora.xtec.cat\/iesvila-seca\/?p=5595"},"modified":"2019-10-08T12:40:06","modified_gmt":"2019-10-08T10:40:06","slug":"setmana-pel-clima-3","status":"publish","type":"post","link":"https:\/\/agora.xtec.cat\/iesvila-seca\/general\/setmana-pel-clima-3\/","title":{"rendered":"Setmana pel clima"},"content":{"rendered":"<p style=\"text-align: justify;\">Del 24 al 27 de setembre, els alumnes, els professors i el PAS del centre van realitzar una s\u00e8rie d&#8217;accions reivindicatives durant la setmana pel clima, que s&#8217;adre\u00e7aven a la lluita contra el canvi clim\u00e0tic. Totes aquestes accions es van dur a terme per fer-nos agafar consci\u00e8ncia i fer-nos adonar de la greu situaci\u00f3 clim\u00e0tica en qu\u00e8 ens trobem.<\/p>\n<p style=\"text-align: justify;\">Aquestes accions de protesta van comen\u00e7ar dimarts quan els alumnes van portar una samarreta verda i van acabar divendres en una aturada al pati de l&#8217;institut on els alumnes van expressar la seva preocupaci\u00f3 i rebuig al canvi clim\u00e0tic amb uns cartells realitzats durant aquests dies.<\/p>\n<p style=\"text-align: justify;\">El professorat tamb\u00e9 ha aprofitat les classes per tal de fer reflexions sobre el canvi clim\u00e0tic i els efectes que estem produint tots els humans sobre el medi ambient. Aquestes reflexions ens han servit per valorar la fragilitat del nostre medi i els efectes que pot provocar en les nostres vides. D&#8217;altra banda els alumnes tamb\u00e9 han treballat petits canvis i accions que poden fer a casa per tal de reduir els efectes del canvi clim\u00e0tic.<\/p>\n<p style=\"text-align: justify;\">Txema Jornet. Coordinador d&#8217; Escola Verda<\/p>\n","protected":false},"excerpt":{"rendered":"<p>Del 24 al 27 de setembre, els alumnes, els professors i el PAS del centre van realitzar una s\u00e8rie d&#8217;accions reivindicatives durant la setmana pel clima, que s&#8217;adre\u00e7aven a la lluita contra el canvi clim\u00e0tic. Totes aquestes accions es van dur a terme per fer-nos agafar consci\u00e8ncia i fer-nos adonar de la greu situaci\u00f3 clim\u00e0tica [&hellip;]<\/p>\n","protected":false},"author":1,"featured_media":0,"comment_status":"closed","ping_status":"closed","sticky":false,"template":"","format":"standard","meta":{"_bbp_topic_count":0,"_bbp_reply_count":0,"_bbp_total_topic_count":0,"_bbp_total_reply_count":0,"_bbp_voice_count":0,"_bbp_anonymous_reply_count":0,"_bbp_topic_count_hidden":0,"_bbp_reply_count_hidden":0,"_bbp_forum_subforum_count":0,"site-sidebar-layout":"default","site-content-layout":"","ast-site-content-layout":"","site-content-style":"default","site-sidebar-style":"default","ast-global-header-display":"","ast-banner-title-visibility":"","ast-main-header-display":"","ast-hfb-above-header-display":"","ast-hfb-below-header-display":"","ast-hfb-mobile-header-display":"","site-post-title":"","ast-breadcrumbs-content":"","ast-featured-img":"","footer-sml-layout":"","theme-transparent-header-meta":"","adv-header-id-meta":"","stick-header-meta":"","header-above-stick-meta":"","header-main-stick-meta":"","header-below-stick-meta":"","astra-migrate-meta-layouts":"default","ast-page-background-enabled":"default","ast-page-background-meta":{"desktop":{"background-color":"var(--ast-global-color-4)","background-image":"","background-repeat":"repeat","background-position":"center center","background-size":"auto","background-attachment":"scroll","background-type":"","background-media":"","overlay-type":"","overlay-color":"","overlay-opacity":"","overlay-gradient":""},"tablet":{"background-color":"","background-image":"","background-repeat":"repeat","background-position":"center center","background-size":"auto","background-attachment":"scroll","background-type":"","background-media":"","overlay-type":"","overlay-color":"","overlay-opacity":"","overlay-gradient":""},"mobile":{"background-color":"","background-image":"","background-repeat":"repeat","background-position":"center center","background-size":"auto","background-attachment":"scroll","background-type":"","background-media":"","overlay-type":"","overlay-color":"","overlay-opacity":"","overlay-gradient":""}},"ast-content-background-meta":{"desktop":{"background-color":"var(--ast-global-color-5)","background-image":"","background-repeat":"repeat","background-position":"center center","background-size":"auto","background-attachment":"scroll","background-type":"","background-media":"","overlay-type":"","overlay-color":"","overlay-opacity":"","overlay-gradient":""},"tablet":{"background-color":"var(--ast-global-color-5)","background-image":"","background-repeat":"repeat","background-position":"center center","background-size":"auto","background-attachment":"scroll","background-type":"","background-media":"","overlay-type":"","overlay-color":"","overlay-opacity":"","overlay-gradient":""},"mobile":{"background-color":"var(--ast-global-color-5)","background-image":"","background-repeat":"repeat","background-position":"center center","background-size":"auto","background-attachment":"scroll","background-type":"","background-media":"","overlay-type":"","overlay-color":"","overlay-opacity":"","overlay-gradient":""}},"footnotes":""},"categories":[1,29],"tags":[],"class_list":["post-5595","post","type-post","status-publish","format-standard","hentry","category-general","category-portada"],"post_mailing_queue_ids":[],"_links":{"self":[{"href":"https:\/\/agora.xtec.cat\/iesvila-seca\/wp-json\/wp\/v2\/posts\/5595","targetHints":{"allow":["GET"]}}],"collection":[{"href":"https:\/\/agora.xtec.cat\/iesvila-seca\/wp-json\/wp\/v2\/posts"}],"about":[{"href":"https:\/\/agora.xtec.cat\/iesvila-seca\/wp-json\/wp\/v2\/types\/post"}],"author":[{"embeddable":true,"href":"https:\/\/agora.xtec.cat\/iesvila-seca\/wp-json\/wp\/v2\/users\/1"}],"replies":[{"embeddable":true,"href":"https:\/\/agora.xtec.cat\/iesvila-seca\/wp-json\/wp\/v2\/comments?post=5595"}],"version-history":[{"count":2,"href":"https:\/\/agora.xtec.cat\/iesvila-seca\/wp-json\/wp\/v2\/posts\/5595\/revisions"}],"predecessor-version":[{"id":5608,"href":"https:\/\/agora.xtec.cat\/iesvila-seca\/wp-json\/wp\/v2\/posts\/5595\/revisions\/5608"}],"wp:attachment":[{"href":"https:\/\/agora.xtec.cat\/iesvila-seca\/wp-json\/wp\/v2\/media?parent=5595"}],"wp:term":[{"taxonomy":"category","embeddable":true,"href":"https:\/\/agora.xtec.cat\/iesvila-seca\/wp-json\/wp\/v2\/categories?post=5595"},{"taxonomy":"post_tag","embeddable":true,"href":"https:\/\/agora.xtec.cat\/iesvila-seca\/wp-json\/wp\/v2\/tags?post=5595"}],"curies":[{"name":"wp","href":"https:\/\/api.w.org\/{rel}","templated":true}]}}