{"id":5349,"date":"2019-06-19T16:49:06","date_gmt":"2019-06-19T14:49:06","guid":{"rendered":"http:\/\/agora.xtec.cat\/iesvila-seca\/?p=5349"},"modified":"2019-06-20T07:54:17","modified_gmt":"2019-06-20T05:54:17","slug":"obres-del-renaixement-a-ulls-dels-experts-2","status":"publish","type":"post","link":"https:\/\/agora.xtec.cat\/iesvila-seca\/eso\/eso-3\/obres-del-renaixement-a-ulls-dels-experts-2\/","title":{"rendered":"Obres del Renaixement, a ulls dels experts"},"content":{"rendered":"<p style=\"text-align: justify;\">Els alumnes de 3r d&#8217;ESO s&#8217;han convertit en uns experts de l&#8217;art del Renaixement i, com a tals, ho han demostrat amb unes lli\u00e7ons d&#8217;aut\u00e8ntics sobre algunes obres mestres d&#8217;aquest per\u00edode hist\u00f2ric. Utilitzant l&#8217;aplicaci\u00f3 digital <i>Voicethread<\/i>, cada alumne ha creat una presentaci\u00f3 on explica el significat, la forma i el valor d&#8217;una obra mestra d&#8217;artistes com Tizi\u00e0, Rafael, Giorgione, Bramante o Miquel \u00c0ngel, entre d&#8217;altres.<\/p>\n<p style=\"text-align: justify;\">El treball, desenvolupat dins l&#8217;assignatura de Ci\u00e8ncies Socials, ha perm\u00e8s als alumnes con\u00e8ixer m\u00e9s a fons les caracter\u00edstiques d&#8217;aquest moviment art\u00edstic, aix\u00ed com per desenvolupar la compet\u00e8ncia digital i l&#8217;expressi\u00f3 oral. Podeu veure algunes de les formidables presentacions fent clic en els seg\u00fcents enlla\u00e7os:<\/p>\n<p><a href=\"https:\/\/voicethread.com\/myvoice\/thread\/12602937\/75628939\/70391664\" target=\"_blank\" rel=\"noopener noreferrer\" data-saferedirecturl=\"https:\/\/www.google.com\/url?q=https:\/\/voicethread.com\/myvoice\/thread\/12602937\/75628939\/70391664&amp;source=gmail&amp;ust=1561038988159000&amp;usg=AFQjCNFTsApO2RUoB95LDj3J4fBgil55Gg\"><i>L&#8217;Anunciaci\u00f3<\/i>\u00a0de Fra Angelico<\/a><\/p>\n<p><a href=\"https:\/\/voicethread.com\/myvoice\/thread\/12602999\/75629736\/70389615\" target=\"_blank\" rel=\"noopener noreferrer\" data-saferedirecturl=\"https:\/\/www.google.com\/url?q=https:\/\/voicethread.com\/myvoice\/thread\/12602999\/75629736\/70389615&amp;source=gmail&amp;ust=1561038988159000&amp;usg=AFQjCNHThAnRN694aIWvxVSPMMAgC9Pixg\"><i>Lavatori de peus<\/i>\u00a0de Tintoretto<\/a><\/p>\n<p><a href=\"https:\/\/voicethread.com\/myvoice\/thread\/12599780\/75609240\/70374858\" target=\"_blank\" rel=\"noopener noreferrer\" data-saferedirecturl=\"https:\/\/www.google.com\/url?q=https:\/\/voicethread.com\/myvoice\/thread\/12599780\/75609240\/70374858&amp;source=gmail&amp;ust=1561038988159000&amp;usg=AFQjCNFfXTvIh0UYSt5GmEqQfo8nTzlEYA\"><i>Les noces de Can\u00e0<\/i>\u00a0de Il Veronese<\/a><\/p>\n<p><a href=\"https:\/\/voicethread.com\/myvoice\/thread\/12600381\/75612249\/70384751\" target=\"_blank\" rel=\"noopener noreferrer\" data-saferedirecturl=\"https:\/\/www.google.com\/url?q=https:\/\/voicethread.com\/myvoice\/thread\/12600381\/75612249\/70384751&amp;source=gmail&amp;ust=1561038988159000&amp;usg=AFQjCNFvZlcrfbQN_HCZW6wTX127hbHDJQ\"><i>La porta del parad\u00eds<\/i>\u00a0de Ghiberti<\/a><\/p>\n<p><a href=\"https:\/\/voicethread.com\/myvoice\/thread\/12602279\/75625055\/70391076\" target=\"_blank\" rel=\"noopener noreferrer\" data-saferedirecturl=\"https:\/\/www.google.com\/url?q=https:\/\/voicethread.com\/myvoice\/thread\/12602279\/75625055\/70391076&amp;source=gmail&amp;ust=1561038988159000&amp;usg=AFQjCNFvpacG9Q0-Ohr6jL7DTdfIqGCRIQ\"><i>L&#8217;origen de la Via L\u00e0ctia<\/i>\u00a0de Tintoretto<\/a><\/p>\n<p><a href=\"https:\/\/voicethread.com\/myvoice\/thread\/12602958\/75629117\/70387968\" target=\"_blank\" rel=\"noopener noreferrer\" data-saferedirecturl=\"https:\/\/www.google.com\/url?q=https:\/\/voicethread.com\/myvoice\/thread\/12602958\/75629117\/70387968&amp;source=gmail&amp;ust=1561038988159000&amp;usg=AFQjCNGIUC2q2MPWntYhXbjNa0W3OBEyaQ\"><i>La flagel\u00b7laci\u00f3 de Crist\u00a0<\/i>de Piero della Francesca<\/a><\/p>\n<p><b>Josep Roig. Departament de Ci\u00e8ncies Socials.<\/b><\/p>\n","protected":false},"excerpt":{"rendered":"<p>Els alumnes de 3r d&#8217;ESO s&#8217;han convertit en uns experts de l&#8217;art del Renaixement i, com a tals, ho han demostrat amb unes lli\u00e7ons d&#8217;aut\u00e8ntics sobre algunes obres mestres d&#8217;aquest per\u00edode hist\u00f2ric. Utilitzant l&#8217;aplicaci\u00f3 digital Voicethread, cada alumne ha creat una presentaci\u00f3 on explica el significat, la forma i el valor d&#8217;una obra mestra d&#8217;artistes [&hellip;]<\/p>\n","protected":false},"author":1,"featured_media":0,"comment_status":"closed","ping_status":"closed","sticky":false,"template":"","format":"standard","meta":{"_bbp_topic_count":0,"_bbp_reply_count":0,"_bbp_total_topic_count":0,"_bbp_total_reply_count":0,"_bbp_voice_count":0,"_bbp_anonymous_reply_count":0,"_bbp_topic_count_hidden":0,"_bbp_reply_count_hidden":0,"_bbp_forum_subforum_count":0,"site-sidebar-layout":"default","site-content-layout":"","ast-site-content-layout":"","site-content-style":"default","site-sidebar-style":"default","ast-global-header-display":"","ast-banner-title-visibility":"","ast-main-header-display":"","ast-hfb-above-header-display":"","ast-hfb-below-header-display":"","ast-hfb-mobile-header-display":"","site-post-title":"","ast-breadcrumbs-content":"","ast-featured-img":"","footer-sml-layout":"","theme-transparent-header-meta":"","adv-header-id-meta":"","stick-header-meta":"","header-above-stick-meta":"","header-main-stick-meta":"","header-below-stick-meta":"","astra-migrate-meta-layouts":"default","ast-page-background-enabled":"default","ast-page-background-meta":{"desktop":{"background-color":"var(--ast-global-color-4)","background-image":"","background-repeat":"repeat","background-position":"center center","background-size":"auto","background-attachment":"scroll","background-type":"","background-media":"","overlay-type":"","overlay-color":"","overlay-opacity":"","overlay-gradient":""},"tablet":{"background-color":"","background-image":"","background-repeat":"repeat","background-position":"center center","background-size":"auto","background-attachment":"scroll","background-type":"","background-media":"","overlay-type":"","overlay-color":"","overlay-opacity":"","overlay-gradient":""},"mobile":{"background-color":"","background-image":"","background-repeat":"repeat","background-position":"center center","background-size":"auto","background-attachment":"scroll","background-type":"","background-media":"","overlay-type":"","overlay-color":"","overlay-opacity":"","overlay-gradient":""}},"ast-content-background-meta":{"desktop":{"background-color":"var(--ast-global-color-5)","background-image":"","background-repeat":"repeat","background-position":"center center","background-size":"auto","background-attachment":"scroll","background-type":"","background-media":"","overlay-type":"","overlay-color":"","overlay-opacity":"","overlay-gradient":""},"tablet":{"background-color":"var(--ast-global-color-5)","background-image":"","background-repeat":"repeat","background-position":"center center","background-size":"auto","background-attachment":"scroll","background-type":"","background-media":"","overlay-type":"","overlay-color":"","overlay-opacity":"","overlay-gradient":""},"mobile":{"background-color":"var(--ast-global-color-5)","background-image":"","background-repeat":"repeat","background-position":"center center","background-size":"auto","background-attachment":"scroll","background-type":"","background-media":"","overlay-type":"","overlay-color":"","overlay-opacity":"","overlay-gradient":""}},"footnotes":""},"categories":[6,29],"tags":[],"class_list":["post-5349","post","type-post","status-publish","format-standard","hentry","category-eso-3","category-portada"],"post_mailing_queue_ids":[],"_links":{"self":[{"href":"https:\/\/agora.xtec.cat\/iesvila-seca\/wp-json\/wp\/v2\/posts\/5349","targetHints":{"allow":["GET"]}}],"collection":[{"href":"https:\/\/agora.xtec.cat\/iesvila-seca\/wp-json\/wp\/v2\/posts"}],"about":[{"href":"https:\/\/agora.xtec.cat\/iesvila-seca\/wp-json\/wp\/v2\/types\/post"}],"author":[{"embeddable":true,"href":"https:\/\/agora.xtec.cat\/iesvila-seca\/wp-json\/wp\/v2\/users\/1"}],"replies":[{"embeddable":true,"href":"https:\/\/agora.xtec.cat\/iesvila-seca\/wp-json\/wp\/v2\/comments?post=5349"}],"version-history":[{"count":3,"href":"https:\/\/agora.xtec.cat\/iesvila-seca\/wp-json\/wp\/v2\/posts\/5349\/revisions"}],"predecessor-version":[{"id":5352,"href":"https:\/\/agora.xtec.cat\/iesvila-seca\/wp-json\/wp\/v2\/posts\/5349\/revisions\/5352"}],"wp:attachment":[{"href":"https:\/\/agora.xtec.cat\/iesvila-seca\/wp-json\/wp\/v2\/media?parent=5349"}],"wp:term":[{"taxonomy":"category","embeddable":true,"href":"https:\/\/agora.xtec.cat\/iesvila-seca\/wp-json\/wp\/v2\/categories?post=5349"},{"taxonomy":"post_tag","embeddable":true,"href":"https:\/\/agora.xtec.cat\/iesvila-seca\/wp-json\/wp\/v2\/tags?post=5349"}],"curies":[{"name":"wp","href":"https:\/\/api.w.org\/{rel}","templated":true}]}}