{"id":5338,"date":"2019-06-14T10:06:44","date_gmt":"2019-06-14T08:06:44","guid":{"rendered":"http:\/\/agora.xtec.cat\/iesvila-seca\/?p=5338"},"modified":"2019-06-14T10:06:44","modified_gmt":"2019-06-14T08:06:44","slug":"coneixem-el-parc-de-la-torre-den-dolca-2","status":"publish","type":"post","link":"https:\/\/agora.xtec.cat\/iesvila-seca\/general\/coneixem-el-parc-de-la-torre-den-dolca-2\/","title":{"rendered":"Coneixem el Parc de la Torre d&#8217;en Dol\u00e7a"},"content":{"rendered":"<p style=\"text-align: justify;\">Dins de les activitats del Pla d\u2019Entorn promogudes per l&#8217;Ajuntament de Vila-seca, cada curs els nostres alumnes realitzen una visita al Parc de la Torre d&#8217;en Dol\u00e7a.<\/p>\n<p style=\"text-align: justify;\">L&#8217;activitat s&#8217;inicia a primera hora amb una xerrada per part de les monitores sobre l&#8217;aigua i les seves propietats. \u00c9s una xerrada de car\u00e0cter pr\u00e0ctic on els alumnes, a l&#8217;aula, analitzen diferents\u00a0par\u00e0metres de l&#8217;aigua.<\/p>\n<p style=\"text-align: justify;\">Seguidament, els estudiants es dirigeixen al parc on,\u00a0 guiats per les monitores,\u00a0 aprofundeixen en el coneixement d&#8217;aquesta \u00e0rea que habitualment visitem el dia de les curses de cavalls, durant la Festa Major de Sant Antoni.<\/p>\n<p style=\"text-align: justify;\">Els joves aprenen sobre el terreny diferents q\u00fcestions sobre natura, bot\u00e0nica o fauna que pot trobar-se en aquest espai natural. L&#8217;objectiu \u00e9s aprofundir en el coneixement d&#8217;aquesta zona verda\u00a0per a estimar-la, protegir-la i, en definitiva, posar-la en valor com a espai privilegiat del qual gaudim els vila-secans.<\/p>\n<p style=\"text-align: justify;\">Mosquis. Redacci\u00f3.<\/p>\n","protected":false},"excerpt":{"rendered":"<p>Dins de les activitats del Pla d\u2019Entorn promogudes per l&#8217;Ajuntament de Vila-seca, cada curs els nostres alumnes realitzen una visita al Parc de la Torre d&#8217;en Dol\u00e7a. L&#8217;activitat s&#8217;inicia a primera hora amb una xerrada per part de les monitores sobre l&#8217;aigua i les seves propietats. \u00c9s una xerrada de car\u00e0cter pr\u00e0ctic on els alumnes, [&hellip;]<\/p>\n","protected":false},"author":1,"featured_media":0,"comment_status":"closed","ping_status":"closed","sticky":false,"template":"","format":"standard","meta":{"_bbp_topic_count":0,"_bbp_reply_count":0,"_bbp_total_topic_count":0,"_bbp_total_reply_count":0,"_bbp_voice_count":0,"_bbp_anonymous_reply_count":0,"_bbp_topic_count_hidden":0,"_bbp_reply_count_hidden":0,"_bbp_forum_subforum_count":0,"site-sidebar-layout":"default","site-content-layout":"","ast-site-content-layout":"","site-content-style":"default","site-sidebar-style":"default","ast-global-header-display":"","ast-banner-title-visibility":"","ast-main-header-display":"","ast-hfb-above-header-display":"","ast-hfb-below-header-display":"","ast-hfb-mobile-header-display":"","site-post-title":"","ast-breadcrumbs-content":"","ast-featured-img":"","footer-sml-layout":"","theme-transparent-header-meta":"","adv-header-id-meta":"","stick-header-meta":"","header-above-stick-meta":"","header-main-stick-meta":"","header-below-stick-meta":"","astra-migrate-meta-layouts":"default","ast-page-background-enabled":"default","ast-page-background-meta":{"desktop":{"background-color":"var(--ast-global-color-4)","background-image":"","background-repeat":"repeat","background-position":"center center","background-size":"auto","background-attachment":"scroll","background-type":"","background-media":"","overlay-type":"","overlay-color":"","overlay-opacity":"","overlay-gradient":""},"tablet":{"background-color":"","background-image":"","background-repeat":"repeat","background-position":"center center","background-size":"auto","background-attachment":"scroll","background-type":"","background-media":"","overlay-type":"","overlay-color":"","overlay-opacity":"","overlay-gradient":""},"mobile":{"background-color":"","background-image":"","background-repeat":"repeat","background-position":"center center","background-size":"auto","background-attachment":"scroll","background-type":"","background-media":"","overlay-type":"","overlay-color":"","overlay-opacity":"","overlay-gradient":""}},"ast-content-background-meta":{"desktop":{"background-color":"var(--ast-global-color-5)","background-image":"","background-repeat":"repeat","background-position":"center center","background-size":"auto","background-attachment":"scroll","background-type":"","background-media":"","overlay-type":"","overlay-color":"","overlay-opacity":"","overlay-gradient":""},"tablet":{"background-color":"var(--ast-global-color-5)","background-image":"","background-repeat":"repeat","background-position":"center center","background-size":"auto","background-attachment":"scroll","background-type":"","background-media":"","overlay-type":"","overlay-color":"","overlay-opacity":"","overlay-gradient":""},"mobile":{"background-color":"var(--ast-global-color-5)","background-image":"","background-repeat":"repeat","background-position":"center center","background-size":"auto","background-attachment":"scroll","background-type":"","background-media":"","overlay-type":"","overlay-color":"","overlay-opacity":"","overlay-gradient":""}},"footnotes":""},"categories":[1,29],"tags":[],"class_list":["post-5338","post","type-post","status-publish","format-standard","hentry","category-general","category-portada"],"post_mailing_queue_ids":[],"_links":{"self":[{"href":"https:\/\/agora.xtec.cat\/iesvila-seca\/wp-json\/wp\/v2\/posts\/5338","targetHints":{"allow":["GET"]}}],"collection":[{"href":"https:\/\/agora.xtec.cat\/iesvila-seca\/wp-json\/wp\/v2\/posts"}],"about":[{"href":"https:\/\/agora.xtec.cat\/iesvila-seca\/wp-json\/wp\/v2\/types\/post"}],"author":[{"embeddable":true,"href":"https:\/\/agora.xtec.cat\/iesvila-seca\/wp-json\/wp\/v2\/users\/1"}],"replies":[{"embeddable":true,"href":"https:\/\/agora.xtec.cat\/iesvila-seca\/wp-json\/wp\/v2\/comments?post=5338"}],"version-history":[{"count":1,"href":"https:\/\/agora.xtec.cat\/iesvila-seca\/wp-json\/wp\/v2\/posts\/5338\/revisions"}],"predecessor-version":[{"id":5339,"href":"https:\/\/agora.xtec.cat\/iesvila-seca\/wp-json\/wp\/v2\/posts\/5338\/revisions\/5339"}],"wp:attachment":[{"href":"https:\/\/agora.xtec.cat\/iesvila-seca\/wp-json\/wp\/v2\/media?parent=5338"}],"wp:term":[{"taxonomy":"category","embeddable":true,"href":"https:\/\/agora.xtec.cat\/iesvila-seca\/wp-json\/wp\/v2\/categories?post=5338"},{"taxonomy":"post_tag","embeddable":true,"href":"https:\/\/agora.xtec.cat\/iesvila-seca\/wp-json\/wp\/v2\/tags?post=5338"}],"curies":[{"name":"wp","href":"https:\/\/api.w.org\/{rel}","templated":true}]}}