{"id":5282,"date":"2019-06-13T10:38:03","date_gmt":"2019-06-13T08:38:03","guid":{"rendered":"http:\/\/agora.xtec.cat\/iesvila-seca\/?p=5282"},"modified":"2019-06-13T10:38:03","modified_gmt":"2019-06-13T08:38:03","slug":"black-pink-a-barcelona","status":"publish","type":"post","link":"https:\/\/agora.xtec.cat\/iesvila-seca\/eso\/eso-3\/black-pink-a-barcelona\/","title":{"rendered":"BLACK PINK A BARCELONA"},"content":{"rendered":"<p>El passat 28 de maig es va dur a terme un dels concerts m\u00e9s esperats de l&#8217;any. Aquest concert era, ni m\u00e9s ni menys, que el de Black Pink, un grup sudcore\u00e0 format per 4 noies: Jisoo, Jennie, Ros\u00e9 i Lisa.<\/p>\n<p>Va tenir lloc al Palau de Sant Jordi de Barcelona, que t\u00e9 una capacitat de 17.000 persones. Aquest cop hi van assistir 10.000 i jo vaig tenir la sort de ser una d&#8217;aquestes, ja que les entrades es van esgotar en menys d&#8217;una setmana en el moment en qu\u00e8 van sortir a la venda.<\/p>\n<p>Kim Jisoo, Kim Jennie, Park Chaeyoung i Lisa Manoban estan fent hist\u00f2ria en el m\u00f3n del K-Pop. Tots els seus v\u00eddeoclips tenen m\u00e9s de 200.000.000 de reproduccions i \u00e9s que, com sempre es diu, tot esfor\u00e7 t\u00e9 la seva recompensa.<\/p>\n<p>Milers de fans van ser els que van fer cua durant llargues hores. Cal destacar que moltes persones van passar nits acampant fora del Palau per poder entrar els primers. En el meu cas, vaig estar fent cua durant cinc hores. Hi havia quatre portes per entrar al recinte. Una al costat del Palau era l&#8217;entrada VIP. Despr\u00e9s de tanta espera, es va obrir la porta i vaig entrar corrents a comprar un lightstick.<\/p>\n<p>Una vegada el vaig tenir, vaig entrar al recinte. Es podia sentir la felicitat a l&#8217;aire, transmesa per cadascuna de les persones que \u00e9rem presents. Em vaig dirigir cap al meu seient, que estava situat a les grades, a la part dreta. Hi havia l&#8217;escenari principal i un de secundari, \u00a0al mig de la pista.<\/p>\n<p>Abans que comenc\u00e9s l&#8217;espectacle, van posar totes les seves can\u00e7ons a les dues grans pantalles que hi havia a cada costat de l&#8217;escenari principal. Tothom les va cantar i una vegada van acabar, elles van apar\u00e8ixer a l&#8217;escenari cantant la can\u00e7\u00f3 \u201cKill this love\u201d. Tots vam comen\u00e7ar a cridar. Es podia notar l&#8217;admiraci\u00f3 al m\u00e0xim. Una can\u00e7\u00f3 rere l&#8217;altra i els nervis i l&#8217;emoci\u00f3 en totes. Durant el concert van haver-hi diverses intervencions per part d&#8217;elles per dedicar-nos unes paraules. Van parlar en angl\u00e8s i van dir unes frases en castell\u00e0 : \u201c Os queremos, Barcelona! Aix\u00f2 va ser molt significatiu per a tots.<\/p>\n<p>Finalment, va acabar el concert, que va durar dues hores i es van acomiadar amb la can\u00e7\u00f3 \u201cStay with me\u201d.<\/p>\n<p>Aquell dia va ser un dels millors de la meva vida perqu\u00e8 vaig poder veure-les en persona i sentir-les cantar en directe. Trigar\u00e9 temps en assimilar tantes emocions!<\/p>\n<p>Paola Dom\u00ednguez Escrichs (3r B)<\/p>\n","protected":false},"excerpt":{"rendered":"<p>El passat 28 de maig es va dur a terme un dels concerts m\u00e9s esperats de l&#8217;any. Aquest concert era, ni m\u00e9s ni menys, que el de Black Pink, un grup sudcore\u00e0 format per 4 noies: Jisoo, Jennie, Ros\u00e9 i Lisa. Va tenir lloc al Palau de Sant Jordi de Barcelona, que t\u00e9 una capacitat [&hellip;]<\/p>\n","protected":false},"author":1,"featured_media":0,"comment_status":"closed","ping_status":"closed","sticky":false,"template":"","format":"standard","meta":{"_bbp_topic_count":0,"_bbp_reply_count":0,"_bbp_total_topic_count":0,"_bbp_total_reply_count":0,"_bbp_voice_count":0,"_bbp_anonymous_reply_count":0,"_bbp_topic_count_hidden":0,"_bbp_reply_count_hidden":0,"_bbp_forum_subforum_count":0,"site-sidebar-layout":"default","site-content-layout":"","ast-site-content-layout":"","site-content-style":"default","site-sidebar-style":"default","ast-global-header-display":"","ast-banner-title-visibility":"","ast-main-header-display":"","ast-hfb-above-header-display":"","ast-hfb-below-header-display":"","ast-hfb-mobile-header-display":"","site-post-title":"","ast-breadcrumbs-content":"","ast-featured-img":"","footer-sml-layout":"","theme-transparent-header-meta":"","adv-header-id-meta":"","stick-header-meta":"","header-above-stick-meta":"","header-main-stick-meta":"","header-below-stick-meta":"","astra-migrate-meta-layouts":"default","ast-page-background-enabled":"default","ast-page-background-meta":{"desktop":{"background-color":"var(--ast-global-color-4)","background-image":"","background-repeat":"repeat","background-position":"center center","background-size":"auto","background-attachment":"scroll","background-type":"","background-media":"","overlay-type":"","overlay-color":"","overlay-opacity":"","overlay-gradient":""},"tablet":{"background-color":"","background-image":"","background-repeat":"repeat","background-position":"center center","background-size":"auto","background-attachment":"scroll","background-type":"","background-media":"","overlay-type":"","overlay-color":"","overlay-opacity":"","overlay-gradient":""},"mobile":{"background-color":"","background-image":"","background-repeat":"repeat","background-position":"center center","background-size":"auto","background-attachment":"scroll","background-type":"","background-media":"","overlay-type":"","overlay-color":"","overlay-opacity":"","overlay-gradient":""}},"ast-content-background-meta":{"desktop":{"background-color":"var(--ast-global-color-5)","background-image":"","background-repeat":"repeat","background-position":"center center","background-size":"auto","background-attachment":"scroll","background-type":"","background-media":"","overlay-type":"","overlay-color":"","overlay-opacity":"","overlay-gradient":""},"tablet":{"background-color":"var(--ast-global-color-5)","background-image":"","background-repeat":"repeat","background-position":"center center","background-size":"auto","background-attachment":"scroll","background-type":"","background-media":"","overlay-type":"","overlay-color":"","overlay-opacity":"","overlay-gradient":""},"mobile":{"background-color":"var(--ast-global-color-5)","background-image":"","background-repeat":"repeat","background-position":"center center","background-size":"auto","background-attachment":"scroll","background-type":"","background-media":"","overlay-type":"","overlay-color":"","overlay-opacity":"","overlay-gradient":""}},"footnotes":""},"categories":[6,29],"tags":[],"class_list":["post-5282","post","type-post","status-publish","format-standard","hentry","category-eso-3","category-portada"],"post_mailing_queue_ids":[],"_links":{"self":[{"href":"https:\/\/agora.xtec.cat\/iesvila-seca\/wp-json\/wp\/v2\/posts\/5282","targetHints":{"allow":["GET"]}}],"collection":[{"href":"https:\/\/agora.xtec.cat\/iesvila-seca\/wp-json\/wp\/v2\/posts"}],"about":[{"href":"https:\/\/agora.xtec.cat\/iesvila-seca\/wp-json\/wp\/v2\/types\/post"}],"author":[{"embeddable":true,"href":"https:\/\/agora.xtec.cat\/iesvila-seca\/wp-json\/wp\/v2\/users\/1"}],"replies":[{"embeddable":true,"href":"https:\/\/agora.xtec.cat\/iesvila-seca\/wp-json\/wp\/v2\/comments?post=5282"}],"version-history":[{"count":1,"href":"https:\/\/agora.xtec.cat\/iesvila-seca\/wp-json\/wp\/v2\/posts\/5282\/revisions"}],"predecessor-version":[{"id":5283,"href":"https:\/\/agora.xtec.cat\/iesvila-seca\/wp-json\/wp\/v2\/posts\/5282\/revisions\/5283"}],"wp:attachment":[{"href":"https:\/\/agora.xtec.cat\/iesvila-seca\/wp-json\/wp\/v2\/media?parent=5282"}],"wp:term":[{"taxonomy":"category","embeddable":true,"href":"https:\/\/agora.xtec.cat\/iesvila-seca\/wp-json\/wp\/v2\/categories?post=5282"},{"taxonomy":"post_tag","embeddable":true,"href":"https:\/\/agora.xtec.cat\/iesvila-seca\/wp-json\/wp\/v2\/tags?post=5282"}],"curies":[{"name":"wp","href":"https:\/\/api.w.org\/{rel}","templated":true}]}}