{"id":5245,"date":"2019-05-27T09:18:46","date_gmt":"2019-05-27T07:18:46","guid":{"rendered":"http:\/\/agora.xtec.cat\/iesvila-seca\/?p=5245"},"modified":"2019-05-27T09:18:46","modified_gmt":"2019-05-27T07:18:46","slug":"coneixent-que-es-la-espectroscopia-a-liciq-2","status":"publish","type":"post","link":"https:\/\/agora.xtec.cat\/iesvila-seca\/batxillerat\/coneixent-que-es-la-espectroscopia-a-liciq-2\/","title":{"rendered":"Coneixent qu\u00e8 \u00e9s la espectrosc\u00f2pia a l\u2019ICIQ"},"content":{"rendered":"<div class=\"gs\">\n<div class=\"\">\n<div id=\":1ab\" class=\"ii gt\">\n<div id=\":1aa\" class=\"a3s aXjCH \">\n<div>\n<div>\n<p style=\"text-align: justify;\">El dilluns,\u00a0 20 de maig,\u00a0 vam anar a l&#8217;ICIQ, (Institut Catal\u00e0 de Investigaci\u00f3 Qu\u00edmica a Tarragona). L&#8217;ICIQ freq\u00fcentement organitza tallers i sessions per divulgar la ci\u00e8ncia i la qu\u00edmica entre els estudiants.<\/p>\n<p style=\"text-align: justify;\">Aquesta vegada, ens van oferir una sessi\u00f3 per con\u00e8ixer en directe l&#8217;espectrosc\u00f2pia infraroja, RMN i l&#8217;espectrosc\u00f2pia de masses. Aquestes s\u00f3n unes t\u00e8cniques molt utilitzades en l&#8217;an\u00e0lisi qu\u00edmica per determinar l&#8217;estructura i el tipus de subst\u00e0ncies que hi ha en una mostra. La visita \u00e9s doblement interessant,\u00a0 ja que a les PAU de qu\u00edmica fa anys que apareix alguna pregunta sobre espectrosc\u00f2pia. Despr\u00e9s de la detallada explicaci\u00f3 te\u00f2rica, els nostres estudiants van tenir l&#8217;oportunitat de con\u00e8ixer els laboratoris on estan instal\u00b7lats els espectroscopis. S\u00f3n instruments molt cars, a l&#8217;abast nom\u00e9s d&#8217;universitats o centres d&#8217;alta investigaci\u00f3 i tenim el privilegi de poder-los visitar a uns escassos 10 minuts de Vila-seca. Esperem tornar l&#8217;any que ve.<\/p>\n<p style=\"text-align: justify;\">Andreu Faro i Susana Mallafr\u00e9. Departament de Ci\u00e8ncies Naturals.<\/p>\n<p class=\"yj6qo\" style=\"text-align: justify;\">\n<div class=\"adL\"><\/div>\n<\/div>\n<\/div>\n<div class=\"adL\">\n<div><\/div>\n<\/div>\n<\/div>\n<\/div>\n<div class=\"hi\"><\/div>\n<\/div>\n<\/div>\n","protected":false},"excerpt":{"rendered":"<p>El dilluns,\u00a0 20 de maig,\u00a0 vam anar a l&#8217;ICIQ, (Institut Catal\u00e0 de Investigaci\u00f3 Qu\u00edmica a Tarragona). L&#8217;ICIQ freq\u00fcentement organitza tallers i sessions per divulgar la ci\u00e8ncia i la qu\u00edmica entre els estudiants. Aquesta vegada, ens van oferir una sessi\u00f3 per con\u00e8ixer en directe l&#8217;espectrosc\u00f2pia infraroja, RMN i l&#8217;espectrosc\u00f2pia de masses. Aquestes s\u00f3n unes t\u00e8cniques molt [&hellip;]<\/p>\n","protected":false},"author":1,"featured_media":0,"comment_status":"closed","ping_status":"closed","sticky":false,"template":"","format":"standard","meta":{"_bbp_topic_count":0,"_bbp_reply_count":0,"_bbp_total_topic_count":0,"_bbp_total_reply_count":0,"_bbp_voice_count":0,"_bbp_anonymous_reply_count":0,"_bbp_topic_count_hidden":0,"_bbp_reply_count_hidden":0,"_bbp_forum_subforum_count":0,"site-sidebar-layout":"default","site-content-layout":"","ast-site-content-layout":"","site-content-style":"default","site-sidebar-style":"default","ast-global-header-display":"","ast-banner-title-visibility":"","ast-main-header-display":"","ast-hfb-above-header-display":"","ast-hfb-below-header-display":"","ast-hfb-mobile-header-display":"","site-post-title":"","ast-breadcrumbs-content":"","ast-featured-img":"","footer-sml-layout":"","theme-transparent-header-meta":"","adv-header-id-meta":"","stick-header-meta":"","header-above-stick-meta":"","header-main-stick-meta":"","header-below-stick-meta":"","astra-migrate-meta-layouts":"default","ast-page-background-enabled":"default","ast-page-background-meta":{"desktop":{"background-color":"var(--ast-global-color-4)","background-image":"","background-repeat":"repeat","background-position":"center center","background-size":"auto","background-attachment":"scroll","background-type":"","background-media":"","overlay-type":"","overlay-color":"","overlay-opacity":"","overlay-gradient":""},"tablet":{"background-color":"","background-image":"","background-repeat":"repeat","background-position":"center center","background-size":"auto","background-attachment":"scroll","background-type":"","background-media":"","overlay-type":"","overlay-color":"","overlay-opacity":"","overlay-gradient":""},"mobile":{"background-color":"","background-image":"","background-repeat":"repeat","background-position":"center center","background-size":"auto","background-attachment":"scroll","background-type":"","background-media":"","overlay-type":"","overlay-color":"","overlay-opacity":"","overlay-gradient":""}},"ast-content-background-meta":{"desktop":{"background-color":"var(--ast-global-color-5)","background-image":"","background-repeat":"repeat","background-position":"center center","background-size":"auto","background-attachment":"scroll","background-type":"","background-media":"","overlay-type":"","overlay-color":"","overlay-opacity":"","overlay-gradient":""},"tablet":{"background-color":"var(--ast-global-color-5)","background-image":"","background-repeat":"repeat","background-position":"center center","background-size":"auto","background-attachment":"scroll","background-type":"","background-media":"","overlay-type":"","overlay-color":"","overlay-opacity":"","overlay-gradient":""},"mobile":{"background-color":"var(--ast-global-color-5)","background-image":"","background-repeat":"repeat","background-position":"center center","background-size":"auto","background-attachment":"scroll","background-type":"","background-media":"","overlay-type":"","overlay-color":"","overlay-opacity":"","overlay-gradient":""}},"footnotes":""},"categories":[8,29],"tags":[],"class_list":["post-5245","post","type-post","status-publish","format-standard","hentry","category-batxillerat","category-portada"],"post_mailing_queue_ids":[],"_links":{"self":[{"href":"https:\/\/agora.xtec.cat\/iesvila-seca\/wp-json\/wp\/v2\/posts\/5245","targetHints":{"allow":["GET"]}}],"collection":[{"href":"https:\/\/agora.xtec.cat\/iesvila-seca\/wp-json\/wp\/v2\/posts"}],"about":[{"href":"https:\/\/agora.xtec.cat\/iesvila-seca\/wp-json\/wp\/v2\/types\/post"}],"author":[{"embeddable":true,"href":"https:\/\/agora.xtec.cat\/iesvila-seca\/wp-json\/wp\/v2\/users\/1"}],"replies":[{"embeddable":true,"href":"https:\/\/agora.xtec.cat\/iesvila-seca\/wp-json\/wp\/v2\/comments?post=5245"}],"version-history":[{"count":1,"href":"https:\/\/agora.xtec.cat\/iesvila-seca\/wp-json\/wp\/v2\/posts\/5245\/revisions"}],"predecessor-version":[{"id":5246,"href":"https:\/\/agora.xtec.cat\/iesvila-seca\/wp-json\/wp\/v2\/posts\/5245\/revisions\/5246"}],"wp:attachment":[{"href":"https:\/\/agora.xtec.cat\/iesvila-seca\/wp-json\/wp\/v2\/media?parent=5245"}],"wp:term":[{"taxonomy":"category","embeddable":true,"href":"https:\/\/agora.xtec.cat\/iesvila-seca\/wp-json\/wp\/v2\/categories?post=5245"},{"taxonomy":"post_tag","embeddable":true,"href":"https:\/\/agora.xtec.cat\/iesvila-seca\/wp-json\/wp\/v2\/tags?post=5245"}],"curies":[{"name":"wp","href":"https:\/\/api.w.org\/{rel}","templated":true}]}}