{"id":5197,"date":"2019-05-21T11:39:37","date_gmt":"2019-05-21T09:39:37","guid":{"rendered":"http:\/\/agora.xtec.cat\/iesvila-seca\/?p=5197"},"modified":"2019-05-21T11:39:37","modified_gmt":"2019-05-21T09:39:37","slug":"dracula-teatre-en-angles-per-als-alumnes-de-1r-batxillerat-2","status":"publish","type":"post","link":"https:\/\/agora.xtec.cat\/iesvila-seca\/batxillerat\/dracula-teatre-en-angles-per-als-alumnes-de-1r-batxillerat-2\/","title":{"rendered":"\u201cDracula\u201d, teatre en angl\u00e8s  per als alumnes de 1r batxillerat."},"content":{"rendered":"<p style=\"text-align: justify;\">El passat dimecres 13 d\u2019abril,\u00a0 els alumnes de 1r de batxillerat van traslladar-se al teatre Metropol de Tarragona per veure l\u2019obra\u00a0<i>Dracula<\/i>\u00a0en angl\u00e8s.<\/p>\n<p style=\"text-align: justify;\">L\u2019adaptaci\u00f3 de l\u2019obra cl\u00e0ssica de Bram Stoker, feta per la companyia IPA Productions ha estat, com a m\u00ednim, sorprenent. L\u2019espectacle,\u00a0un musical de 60 minuts de durada, era \u00edntegrament en angl\u00e8s i, en lloc de ser una hist\u00f2ria de terror, es podria dir que aquesta\u00a0versi\u00f3 era m\u00e9s aviat\u00a0 una com\u00e8dia. El Jonathan i la Mina, el professor Van Helsing i Dr\u00e0cula ens mostren una hist\u00f2ria d\u2019amor i vampirs\u00a0molt divertida, on Dr\u00e0cula \u00e9s un gran fan del Rock i tots semblen embogits.<\/p>\n<p style=\"text-align: justify;\">En finalitzar l\u2019obra, tots nosaltres, alumnes i professores, ten\u00edem un gran somriure! \u00c9s una adaptaci\u00f3 c\u00f2mica molt\u00a0recomanable i la sortida va ser molt profitosa.<\/p>\n<p style=\"text-align: justify;\">Sandra Hipp i M\u00f2nica Torregrosa. Departament Lleng\u00fces Estrangeres<\/p>\n","protected":false},"excerpt":{"rendered":"<p>El passat dimecres 13 d\u2019abril,\u00a0 els alumnes de 1r de batxillerat van traslladar-se al teatre Metropol de Tarragona per veure l\u2019obra\u00a0Dracula\u00a0en angl\u00e8s. L\u2019adaptaci\u00f3 de l\u2019obra cl\u00e0ssica de Bram Stoker, feta per la companyia IPA Productions ha estat, com a m\u00ednim, sorprenent. L\u2019espectacle,\u00a0un musical de 60 minuts de durada, era \u00edntegrament en angl\u00e8s i, en lloc [&hellip;]<\/p>\n","protected":false},"author":1,"featured_media":0,"comment_status":"closed","ping_status":"closed","sticky":false,"template":"","format":"standard","meta":{"_bbp_topic_count":0,"_bbp_reply_count":0,"_bbp_total_topic_count":0,"_bbp_total_reply_count":0,"_bbp_voice_count":0,"_bbp_anonymous_reply_count":0,"_bbp_topic_count_hidden":0,"_bbp_reply_count_hidden":0,"_bbp_forum_subforum_count":0,"site-sidebar-layout":"default","site-content-layout":"","ast-site-content-layout":"","site-content-style":"default","site-sidebar-style":"default","ast-global-header-display":"","ast-banner-title-visibility":"","ast-main-header-display":"","ast-hfb-above-header-display":"","ast-hfb-below-header-display":"","ast-hfb-mobile-header-display":"","site-post-title":"","ast-breadcrumbs-content":"","ast-featured-img":"","footer-sml-layout":"","theme-transparent-header-meta":"","adv-header-id-meta":"","stick-header-meta":"","header-above-stick-meta":"","header-main-stick-meta":"","header-below-stick-meta":"","astra-migrate-meta-layouts":"default","ast-page-background-enabled":"default","ast-page-background-meta":{"desktop":{"background-color":"var(--ast-global-color-4)","background-image":"","background-repeat":"repeat","background-position":"center center","background-size":"auto","background-attachment":"scroll","background-type":"","background-media":"","overlay-type":"","overlay-color":"","overlay-opacity":"","overlay-gradient":""},"tablet":{"background-color":"","background-image":"","background-repeat":"repeat","background-position":"center center","background-size":"auto","background-attachment":"scroll","background-type":"","background-media":"","overlay-type":"","overlay-color":"","overlay-opacity":"","overlay-gradient":""},"mobile":{"background-color":"","background-image":"","background-repeat":"repeat","background-position":"center center","background-size":"auto","background-attachment":"scroll","background-type":"","background-media":"","overlay-type":"","overlay-color":"","overlay-opacity":"","overlay-gradient":""}},"ast-content-background-meta":{"desktop":{"background-color":"var(--ast-global-color-5)","background-image":"","background-repeat":"repeat","background-position":"center center","background-size":"auto","background-attachment":"scroll","background-type":"","background-media":"","overlay-type":"","overlay-color":"","overlay-opacity":"","overlay-gradient":""},"tablet":{"background-color":"var(--ast-global-color-5)","background-image":"","background-repeat":"repeat","background-position":"center center","background-size":"auto","background-attachment":"scroll","background-type":"","background-media":"","overlay-type":"","overlay-color":"","overlay-opacity":"","overlay-gradient":""},"mobile":{"background-color":"var(--ast-global-color-5)","background-image":"","background-repeat":"repeat","background-position":"center center","background-size":"auto","background-attachment":"scroll","background-type":"","background-media":"","overlay-type":"","overlay-color":"","overlay-opacity":"","overlay-gradient":""}},"footnotes":""},"categories":[8,29],"tags":[],"class_list":["post-5197","post","type-post","status-publish","format-standard","hentry","category-batxillerat","category-portada"],"post_mailing_queue_ids":[],"_links":{"self":[{"href":"https:\/\/agora.xtec.cat\/iesvila-seca\/wp-json\/wp\/v2\/posts\/5197","targetHints":{"allow":["GET"]}}],"collection":[{"href":"https:\/\/agora.xtec.cat\/iesvila-seca\/wp-json\/wp\/v2\/posts"}],"about":[{"href":"https:\/\/agora.xtec.cat\/iesvila-seca\/wp-json\/wp\/v2\/types\/post"}],"author":[{"embeddable":true,"href":"https:\/\/agora.xtec.cat\/iesvila-seca\/wp-json\/wp\/v2\/users\/1"}],"replies":[{"embeddable":true,"href":"https:\/\/agora.xtec.cat\/iesvila-seca\/wp-json\/wp\/v2\/comments?post=5197"}],"version-history":[{"count":1,"href":"https:\/\/agora.xtec.cat\/iesvila-seca\/wp-json\/wp\/v2\/posts\/5197\/revisions"}],"predecessor-version":[{"id":5198,"href":"https:\/\/agora.xtec.cat\/iesvila-seca\/wp-json\/wp\/v2\/posts\/5197\/revisions\/5198"}],"wp:attachment":[{"href":"https:\/\/agora.xtec.cat\/iesvila-seca\/wp-json\/wp\/v2\/media?parent=5197"}],"wp:term":[{"taxonomy":"category","embeddable":true,"href":"https:\/\/agora.xtec.cat\/iesvila-seca\/wp-json\/wp\/v2\/categories?post=5197"},{"taxonomy":"post_tag","embeddable":true,"href":"https:\/\/agora.xtec.cat\/iesvila-seca\/wp-json\/wp\/v2\/tags?post=5197"}],"curies":[{"name":"wp","href":"https:\/\/api.w.org\/{rel}","templated":true}]}}