{"id":5181,"date":"2019-05-21T11:36:02","date_gmt":"2019-05-21T09:36:02","guid":{"rendered":"http:\/\/agora.xtec.cat\/iesvila-seca\/?p=5181"},"modified":"2019-05-21T11:36:02","modified_gmt":"2019-05-21T09:36:02","slug":"la-motxilla-bioclimatica","status":"publish","type":"post","link":"https:\/\/agora.xtec.cat\/iesvila-seca\/eso\/eso-2\/la-motxilla-bioclimatica\/","title":{"rendered":"La motxilla bioclim\u00e0tica"},"content":{"rendered":"<p style=\"text-align: justify;\">La motxilla bioclim\u00e0tica \u00e9s un projecte de CRP (centre de recursos pedag\u00f2gics de Tarragona). Consisteix en un maleta que cont\u00e9 diferents instruments per mesurar les condicions mediambientals de qualsevol lloc. Mesura el CO2 atmosf\u00e8ric, la humitat i la temperatura, la quantitat de rajos solars que ens arriben o la il\u00b7luminaci\u00f3 de qualsevol lloc.<\/p>\n<p style=\"text-align: justify;\">Els alumnes de 2n d&#8217; ESO han realitzat, durant les hores de laboratori, un projecte, en grups, per determinar les condicions que ens poden trobar a l&#8217;institut i verificar si aquestes s\u00f3n les m\u00e9s favorables.<\/p>\n<p style=\"text-align: justify;\">Un aquests equips \u00e9s un mesurador de la concentraci\u00f3 de CO2. Aquest gas \u00e9s un dels gasos que provoquen l&#8217;efecte hivernacle.\u00a0 Per\u00f2 no nom\u00e9s afecta\u00a0 l&#8217;atmosfera,\u00a0 sin\u00f3 tamb\u00e9\u00a0 la nostra salut. Un augment excessiu d&#8217;aquest gas podria causar-nos fins hi tot la mort. Per\u00f2 no ens espantem:\u00a0 haur\u00edem de superar els 30000ppm de concentraci\u00f3 . No obstant, en concentracions entre 800-1000ppm ja notem males olors i fins i tot mal de cap.<\/p>\n<p style=\"text-align: justify;\">El lux\u00f2metre ens permet mesurar la il\u00b7luminaci\u00f3 de les diferents zones de l\u2019aula, per saber si arriba tota la il\u00b7luminaci\u00f3 necess\u00e0ria , no nom\u00e9s perqu\u00e8 no ens perjudiqui\u00a0 la vista sin\u00f3 tamb\u00e9 per ajudar el medi ambient i poder apagar els llums quan sigui necessari.<\/p>\n<p style=\"text-align: justify;\">Aquest s\u00f3n alguns dels instruments que hem pogut utilitzar i treballar.<\/p>\n<p style=\"text-align: justify;\">Lidia Ram\u00f3n. Departament de Ci\u00e8ncies Naturals.<\/p>\n","protected":false},"excerpt":{"rendered":"<p>La motxilla bioclim\u00e0tica \u00e9s un projecte de CRP (centre de recursos pedag\u00f2gics de Tarragona). Consisteix en un maleta que cont\u00e9 diferents instruments per mesurar les condicions mediambientals de qualsevol lloc. Mesura el CO2 atmosf\u00e8ric, la humitat i la temperatura, la quantitat de rajos solars que ens arriben o la il\u00b7luminaci\u00f3 de qualsevol lloc. Els alumnes [&hellip;]<\/p>\n","protected":false},"author":1,"featured_media":0,"comment_status":"closed","ping_status":"closed","sticky":false,"template":"","format":"standard","meta":{"_bbp_topic_count":0,"_bbp_reply_count":0,"_bbp_total_topic_count":0,"_bbp_total_reply_count":0,"_bbp_voice_count":0,"_bbp_anonymous_reply_count":0,"_bbp_topic_count_hidden":0,"_bbp_reply_count_hidden":0,"_bbp_forum_subforum_count":0,"site-sidebar-layout":"default","site-content-layout":"","ast-site-content-layout":"","site-content-style":"default","site-sidebar-style":"default","ast-global-header-display":"","ast-banner-title-visibility":"","ast-main-header-display":"","ast-hfb-above-header-display":"","ast-hfb-below-header-display":"","ast-hfb-mobile-header-display":"","site-post-title":"","ast-breadcrumbs-content":"","ast-featured-img":"","footer-sml-layout":"","theme-transparent-header-meta":"","adv-header-id-meta":"","stick-header-meta":"","header-above-stick-meta":"","header-main-stick-meta":"","header-below-stick-meta":"","astra-migrate-meta-layouts":"default","ast-page-background-enabled":"default","ast-page-background-meta":{"desktop":{"background-color":"var(--ast-global-color-4)","background-image":"","background-repeat":"repeat","background-position":"center center","background-size":"auto","background-attachment":"scroll","background-type":"","background-media":"","overlay-type":"","overlay-color":"","overlay-opacity":"","overlay-gradient":""},"tablet":{"background-color":"","background-image":"","background-repeat":"repeat","background-position":"center center","background-size":"auto","background-attachment":"scroll","background-type":"","background-media":"","overlay-type":"","overlay-color":"","overlay-opacity":"","overlay-gradient":""},"mobile":{"background-color":"","background-image":"","background-repeat":"repeat","background-position":"center center","background-size":"auto","background-attachment":"scroll","background-type":"","background-media":"","overlay-type":"","overlay-color":"","overlay-opacity":"","overlay-gradient":""}},"ast-content-background-meta":{"desktop":{"background-color":"var(--ast-global-color-5)","background-image":"","background-repeat":"repeat","background-position":"center center","background-size":"auto","background-attachment":"scroll","background-type":"","background-media":"","overlay-type":"","overlay-color":"","overlay-opacity":"","overlay-gradient":""},"tablet":{"background-color":"var(--ast-global-color-5)","background-image":"","background-repeat":"repeat","background-position":"center center","background-size":"auto","background-attachment":"scroll","background-type":"","background-media":"","overlay-type":"","overlay-color":"","overlay-opacity":"","overlay-gradient":""},"mobile":{"background-color":"var(--ast-global-color-5)","background-image":"","background-repeat":"repeat","background-position":"center center","background-size":"auto","background-attachment":"scroll","background-type":"","background-media":"","overlay-type":"","overlay-color":"","overlay-opacity":"","overlay-gradient":""}},"footnotes":""},"categories":[5,29],"tags":[],"class_list":["post-5181","post","type-post","status-publish","format-standard","hentry","category-eso-2","category-portada"],"post_mailing_queue_ids":[],"_links":{"self":[{"href":"https:\/\/agora.xtec.cat\/iesvila-seca\/wp-json\/wp\/v2\/posts\/5181","targetHints":{"allow":["GET"]}}],"collection":[{"href":"https:\/\/agora.xtec.cat\/iesvila-seca\/wp-json\/wp\/v2\/posts"}],"about":[{"href":"https:\/\/agora.xtec.cat\/iesvila-seca\/wp-json\/wp\/v2\/types\/post"}],"author":[{"embeddable":true,"href":"https:\/\/agora.xtec.cat\/iesvila-seca\/wp-json\/wp\/v2\/users\/1"}],"replies":[{"embeddable":true,"href":"https:\/\/agora.xtec.cat\/iesvila-seca\/wp-json\/wp\/v2\/comments?post=5181"}],"version-history":[{"count":1,"href":"https:\/\/agora.xtec.cat\/iesvila-seca\/wp-json\/wp\/v2\/posts\/5181\/revisions"}],"predecessor-version":[{"id":5182,"href":"https:\/\/agora.xtec.cat\/iesvila-seca\/wp-json\/wp\/v2\/posts\/5181\/revisions\/5182"}],"wp:attachment":[{"href":"https:\/\/agora.xtec.cat\/iesvila-seca\/wp-json\/wp\/v2\/media?parent=5181"}],"wp:term":[{"taxonomy":"category","embeddable":true,"href":"https:\/\/agora.xtec.cat\/iesvila-seca\/wp-json\/wp\/v2\/categories?post=5181"},{"taxonomy":"post_tag","embeddable":true,"href":"https:\/\/agora.xtec.cat\/iesvila-seca\/wp-json\/wp\/v2\/tags?post=5181"}],"curies":[{"name":"wp","href":"https:\/\/api.w.org\/{rel}","templated":true}]}}