{"id":5123,"date":"2019-05-16T16:56:26","date_gmt":"2019-05-16T14:56:26","guid":{"rendered":"http:\/\/agora.xtec.cat\/iesvila-seca\/?p=5123"},"modified":"2019-05-17T18:15:03","modified_gmt":"2019-05-17T16:15:03","slug":"forum-trics-2","status":"publish","type":"post","link":"https:\/\/agora.xtec.cat\/iesvila-seca\/batxillerat\/forum-trics-2\/","title":{"rendered":"F\u00f2rum Trics"},"content":{"rendered":"<p style=\"text-align: justify;\">Aquest curs la celebraci\u00f3 del F\u00f2rum TRiCS ha arribat a la seva 13a edici\u00f3. En una primera jornada, el dijous 4 d\u2019abril s\u2019han exposat treballs de l\u2019\u00e0mbit human\u00edstic i social i el divendres 5 d\u2019abril els de l\u2019\u00e0mbit cient\u00edfic tecnol\u00f2gic. Tots els alumnes de 1r de BAT de l\u2019INS Vila-seca han pogut assistir a diferents presentacions i sis alumnes de 2n de BAT han exposat els seus treballs<\/p>\n<p style=\"text-align: justify;\">\u00a0\u201c Ha estat un mat\u00ed molt interessant, \u00e9s una nova experi\u00e8ncia per aprendre d\u2019alumnes d\u2019altres instituts que exposen els seus treballs.\u201d Alumnes de 1r de BAT A<\/p>\n<p style=\"text-align: justify;\">\u201c Des del nostre punt de vista,\u00a0 l\u2019experi\u00e8ncia del F\u00f2rum TRiCS ha estat molt enriquidora i tamb\u00e9 entretinguda i ens ha servit d\u2019inspiraci\u00f3 per a la posada en marxa dels nostres treballs.\u201d Alumnes de 1r de BAT B<\/p>\n<p style=\"text-align: justify;\">\u201c Tot i les adversitats, participar en el F\u00f2rum TRiCS ha estat una gran experi\u00e8ncia que mai oblidarem, la recomanem.\u201d Aroa Cuenca, Julen P\u00e9rez i Iv\u00e1n Teruel de 2n de BAT A<\/p>\n<p style=\"text-align: justify;\">\u201c Ha estat una experi\u00e8ncia did\u00e0ctica que ens ha proporcionat un canvi de perspectiva: hem passat de ser oients a ser ponents. Aix\u00f2 ens ha omplert de responsabilitat perqu\u00e8 hem orientat a alumnes de primer en la seva futura recerca.\u201d \u00a0 \u00a0 \u00a0 \u00a0 \u00a0 Biel Graset, Carlos Mu\u00f1oz i Mireia Oncins de 2n BAT B<\/p>\n","protected":false},"excerpt":{"rendered":"<p>Aquest curs la celebraci\u00f3 del F\u00f2rum TRiCS ha arribat a la seva 13a edici\u00f3. En una primera jornada, el dijous 4 d\u2019abril s\u2019han exposat treballs de l\u2019\u00e0mbit human\u00edstic i social i el divendres 5 d\u2019abril els de l\u2019\u00e0mbit cient\u00edfic tecnol\u00f2gic. Tots els alumnes de 1r de BAT de l\u2019INS Vila-seca han pogut assistir a diferents [&hellip;]<\/p>\n","protected":false},"author":1,"featured_media":0,"comment_status":"closed","ping_status":"closed","sticky":false,"template":"","format":"standard","meta":{"_bbp_topic_count":0,"_bbp_reply_count":0,"_bbp_total_topic_count":0,"_bbp_total_reply_count":0,"_bbp_voice_count":0,"_bbp_anonymous_reply_count":0,"_bbp_topic_count_hidden":0,"_bbp_reply_count_hidden":0,"_bbp_forum_subforum_count":0,"site-sidebar-layout":"default","site-content-layout":"","ast-site-content-layout":"","site-content-style":"default","site-sidebar-style":"default","ast-global-header-display":"","ast-banner-title-visibility":"","ast-main-header-display":"","ast-hfb-above-header-display":"","ast-hfb-below-header-display":"","ast-hfb-mobile-header-display":"","site-post-title":"","ast-breadcrumbs-content":"","ast-featured-img":"","footer-sml-layout":"","theme-transparent-header-meta":"","adv-header-id-meta":"","stick-header-meta":"","header-above-stick-meta":"","header-main-stick-meta":"","header-below-stick-meta":"","astra-migrate-meta-layouts":"default","ast-page-background-enabled":"default","ast-page-background-meta":{"desktop":{"background-color":"var(--ast-global-color-4)","background-image":"","background-repeat":"repeat","background-position":"center center","background-size":"auto","background-attachment":"scroll","background-type":"","background-media":"","overlay-type":"","overlay-color":"","overlay-opacity":"","overlay-gradient":""},"tablet":{"background-color":"","background-image":"","background-repeat":"repeat","background-position":"center center","background-size":"auto","background-attachment":"scroll","background-type":"","background-media":"","overlay-type":"","overlay-color":"","overlay-opacity":"","overlay-gradient":""},"mobile":{"background-color":"","background-image":"","background-repeat":"repeat","background-position":"center center","background-size":"auto","background-attachment":"scroll","background-type":"","background-media":"","overlay-type":"","overlay-color":"","overlay-opacity":"","overlay-gradient":""}},"ast-content-background-meta":{"desktop":{"background-color":"var(--ast-global-color-5)","background-image":"","background-repeat":"repeat","background-position":"center center","background-size":"auto","background-attachment":"scroll","background-type":"","background-media":"","overlay-type":"","overlay-color":"","overlay-opacity":"","overlay-gradient":""},"tablet":{"background-color":"var(--ast-global-color-5)","background-image":"","background-repeat":"repeat","background-position":"center center","background-size":"auto","background-attachment":"scroll","background-type":"","background-media":"","overlay-type":"","overlay-color":"","overlay-opacity":"","overlay-gradient":""},"mobile":{"background-color":"var(--ast-global-color-5)","background-image":"","background-repeat":"repeat","background-position":"center center","background-size":"auto","background-attachment":"scroll","background-type":"","background-media":"","overlay-type":"","overlay-color":"","overlay-opacity":"","overlay-gradient":""}},"footnotes":""},"categories":[8,29],"tags":[],"class_list":["post-5123","post","type-post","status-publish","format-standard","hentry","category-batxillerat","category-portada"],"post_mailing_queue_ids":[],"_links":{"self":[{"href":"https:\/\/agora.xtec.cat\/iesvila-seca\/wp-json\/wp\/v2\/posts\/5123","targetHints":{"allow":["GET"]}}],"collection":[{"href":"https:\/\/agora.xtec.cat\/iesvila-seca\/wp-json\/wp\/v2\/posts"}],"about":[{"href":"https:\/\/agora.xtec.cat\/iesvila-seca\/wp-json\/wp\/v2\/types\/post"}],"author":[{"embeddable":true,"href":"https:\/\/agora.xtec.cat\/iesvila-seca\/wp-json\/wp\/v2\/users\/1"}],"replies":[{"embeddable":true,"href":"https:\/\/agora.xtec.cat\/iesvila-seca\/wp-json\/wp\/v2\/comments?post=5123"}],"version-history":[{"count":2,"href":"https:\/\/agora.xtec.cat\/iesvila-seca\/wp-json\/wp\/v2\/posts\/5123\/revisions"}],"predecessor-version":[{"id":5163,"href":"https:\/\/agora.xtec.cat\/iesvila-seca\/wp-json\/wp\/v2\/posts\/5123\/revisions\/5163"}],"wp:attachment":[{"href":"https:\/\/agora.xtec.cat\/iesvila-seca\/wp-json\/wp\/v2\/media?parent=5123"}],"wp:term":[{"taxonomy":"category","embeddable":true,"href":"https:\/\/agora.xtec.cat\/iesvila-seca\/wp-json\/wp\/v2\/categories?post=5123"},{"taxonomy":"post_tag","embeddable":true,"href":"https:\/\/agora.xtec.cat\/iesvila-seca\/wp-json\/wp\/v2\/tags?post=5123"}],"curies":[{"name":"wp","href":"https:\/\/api.w.org\/{rel}","templated":true}]}}