{"id":4958,"date":"2019-04-24T17:19:00","date_gmt":"2019-04-24T15:19:00","guid":{"rendered":"http:\/\/agora.xtec.cat\/iesvila-seca\/?p=4958"},"modified":"2019-04-28T01:18:13","modified_gmt":"2019-04-27T23:18:13","slug":"intercanvi-de-llibres-durant-la-diada-de-sant-jordi-2","status":"publish","type":"post","link":"https:\/\/agora.xtec.cat\/iesvila-seca\/eso\/eso-3\/intercanvi-de-llibres-durant-la-diada-de-sant-jordi-2\/","title":{"rendered":"Intercanvi de llibres durant la Diada de Sant Jordi"},"content":{"rendered":"<p style=\"text-align: justify;\">Aquest any,\u00a0 la Diada de Sant Jordi ha coincidit amb la tornada de vacances de Setmana Santa, per\u00f2 no per aquest motiu hem deixat de celebrar-ho al centre amb llibres i roses.<\/p>\n<p style=\"text-align: justify;\">A les tradicionals parades de venda de roses a tot el municipi, de les quals s&#8217;encarreguen els alumnes de 3r, cal afegir enguany una parada d&#8217;intercanvi de llibres molt especial.<\/p>\n<p style=\"text-align: justify;\">\n<p style=\"text-align: justify;\">Els alumnes, professors i personal de l&#8217;institut podien portar llibres, que ja haguessin llegit o que no utilitzessin, a canvi dels quals se&#8217;ls entregava un val. Aquest val es podia intercanviar per un altre llibre a la parada muntada avui al centre.<\/p>\n<p style=\"text-align: justify;\">\n<p style=\"text-align: justify;\">Tot i ser el primer any en qu\u00e8 es realitza aquesta activitat, hem tingut un gran \u00e8xit, ja que s&#8217;han recollit m\u00e9s de cent llibres, de tem\u00e0tiques molt variades, tot i que amb un clar predomini de la literatura juvenil.<\/p>\n<p style=\"text-align: justify;\">\n<p style=\"text-align: justify;\">Esperem que el proper any encara s&#8217;animi m\u00e9s gent i puguem tenir una parada encara m\u00e9s gran. Moltes gr\u00e0cies a tots per col\u00b7laborar!<\/p>\n<p style=\"text-align: justify;\">\n<p style=\"text-align: justify;\">Departament de Llengua Catalana<\/p>\n","protected":false},"excerpt":{"rendered":"<p>Aquest any,\u00a0 la Diada de Sant Jordi ha coincidit amb la tornada de vacances de Setmana Santa, per\u00f2 no per aquest motiu hem deixat de celebrar-ho al centre amb llibres i roses. A les tradicionals parades de venda de roses a tot el municipi, de les quals s&#8217;encarreguen els alumnes de 3r, cal afegir enguany [&hellip;]<\/p>\n","protected":false},"author":1,"featured_media":0,"comment_status":"closed","ping_status":"closed","sticky":false,"template":"","format":"standard","meta":{"_bbp_topic_count":0,"_bbp_reply_count":0,"_bbp_total_topic_count":0,"_bbp_total_reply_count":0,"_bbp_voice_count":0,"_bbp_anonymous_reply_count":0,"_bbp_topic_count_hidden":0,"_bbp_reply_count_hidden":0,"_bbp_forum_subforum_count":0,"site-sidebar-layout":"default","site-content-layout":"","ast-site-content-layout":"","site-content-style":"default","site-sidebar-style":"default","ast-global-header-display":"","ast-banner-title-visibility":"","ast-main-header-display":"","ast-hfb-above-header-display":"","ast-hfb-below-header-display":"","ast-hfb-mobile-header-display":"","site-post-title":"","ast-breadcrumbs-content":"","ast-featured-img":"","footer-sml-layout":"","theme-transparent-header-meta":"","adv-header-id-meta":"","stick-header-meta":"","header-above-stick-meta":"","header-main-stick-meta":"","header-below-stick-meta":"","astra-migrate-meta-layouts":"default","ast-page-background-enabled":"default","ast-page-background-meta":{"desktop":{"background-color":"var(--ast-global-color-4)","background-image":"","background-repeat":"repeat","background-position":"center center","background-size":"auto","background-attachment":"scroll","background-type":"","background-media":"","overlay-type":"","overlay-color":"","overlay-opacity":"","overlay-gradient":""},"tablet":{"background-color":"","background-image":"","background-repeat":"repeat","background-position":"center center","background-size":"auto","background-attachment":"scroll","background-type":"","background-media":"","overlay-type":"","overlay-color":"","overlay-opacity":"","overlay-gradient":""},"mobile":{"background-color":"","background-image":"","background-repeat":"repeat","background-position":"center center","background-size":"auto","background-attachment":"scroll","background-type":"","background-media":"","overlay-type":"","overlay-color":"","overlay-opacity":"","overlay-gradient":""}},"ast-content-background-meta":{"desktop":{"background-color":"var(--ast-global-color-5)","background-image":"","background-repeat":"repeat","background-position":"center center","background-size":"auto","background-attachment":"scroll","background-type":"","background-media":"","overlay-type":"","overlay-color":"","overlay-opacity":"","overlay-gradient":""},"tablet":{"background-color":"var(--ast-global-color-5)","background-image":"","background-repeat":"repeat","background-position":"center center","background-size":"auto","background-attachment":"scroll","background-type":"","background-media":"","overlay-type":"","overlay-color":"","overlay-opacity":"","overlay-gradient":""},"mobile":{"background-color":"var(--ast-global-color-5)","background-image":"","background-repeat":"repeat","background-position":"center center","background-size":"auto","background-attachment":"scroll","background-type":"","background-media":"","overlay-type":"","overlay-color":"","overlay-opacity":"","overlay-gradient":""}},"footnotes":""},"categories":[6,29],"tags":[],"class_list":["post-4958","post","type-post","status-publish","format-standard","hentry","category-eso-3","category-portada"],"post_mailing_queue_ids":[],"_links":{"self":[{"href":"https:\/\/agora.xtec.cat\/iesvila-seca\/wp-json\/wp\/v2\/posts\/4958","targetHints":{"allow":["GET"]}}],"collection":[{"href":"https:\/\/agora.xtec.cat\/iesvila-seca\/wp-json\/wp\/v2\/posts"}],"about":[{"href":"https:\/\/agora.xtec.cat\/iesvila-seca\/wp-json\/wp\/v2\/types\/post"}],"author":[{"embeddable":true,"href":"https:\/\/agora.xtec.cat\/iesvila-seca\/wp-json\/wp\/v2\/users\/1"}],"replies":[{"embeddable":true,"href":"https:\/\/agora.xtec.cat\/iesvila-seca\/wp-json\/wp\/v2\/comments?post=4958"}],"version-history":[{"count":2,"href":"https:\/\/agora.xtec.cat\/iesvila-seca\/wp-json\/wp\/v2\/posts\/4958\/revisions"}],"predecessor-version":[{"id":5007,"href":"https:\/\/agora.xtec.cat\/iesvila-seca\/wp-json\/wp\/v2\/posts\/4958\/revisions\/5007"}],"wp:attachment":[{"href":"https:\/\/agora.xtec.cat\/iesvila-seca\/wp-json\/wp\/v2\/media?parent=4958"}],"wp:term":[{"taxonomy":"category","embeddable":true,"href":"https:\/\/agora.xtec.cat\/iesvila-seca\/wp-json\/wp\/v2\/categories?post=4958"},{"taxonomy":"post_tag","embeddable":true,"href":"https:\/\/agora.xtec.cat\/iesvila-seca\/wp-json\/wp\/v2\/tags?post=4958"}],"curies":[{"name":"wp","href":"https:\/\/api.w.org\/{rel}","templated":true}]}}