{"id":4855,"date":"2019-03-27T12:10:47","date_gmt":"2019-03-27T11:10:47","guid":{"rendered":"http:\/\/agora.xtec.cat\/iesvila-seca\/?p=4855"},"modified":"2019-03-27T12:10:47","modified_gmt":"2019-03-27T11:10:47","slug":"anem-a-el-collell-2","status":"publish","type":"post","link":"https:\/\/agora.xtec.cat\/iesvila-seca\/eso\/eso-2\/anem-a-el-collell-2\/","title":{"rendered":"Anem a&#8230; El Collell"},"content":{"rendered":"<p style=\"text-align: justify;\">Treballar, aprendre, divertir-se, con\u00e8ixer, descobrir&#8230;i moltes m\u00e9s sensacions s\u00f3n les que van poder experimentar els 76 alumnes de 2n d\u2019ESO quan van anar a fer el treball de s\u00edntesi a El Collell (la Garrotxa). Tres dies on els estudiants van entrar a l\u2019interior d\u2019un cr\u00e0ter (volc\u00e0 de Santa Margarida) i es van perdre per la fageda d\u2019en Jord\u00e0, un indret id\u00edl\u00b7lic ple de faigs que va meravellar, fins i tot, als professors acompanyants. A banda de descobrir aquestes zones i treballar-les, els nois i noies van poder gaudir realitzant jocs d\u2019aventura amb pistoles l\u00e0ser, tirolines, taules de ping-pong&#8230;Tres dies de no parar quiets, ben aprofitats, amb totes les activitats que des de la casa de col\u00f2nies tenien preparades. I per aix\u00f2 la nit de dijous els nostres alumnes van tenir una recompensa ben merescuda: moure l\u2019esquelet a la discoteca!<\/p>\n<p style=\"text-align: justify;\">Tres dies de donar-ho tot, de compartir, de conviure, de fer noves amistats, de respecte, d\u2019estudi i&#8230;de cansament, molt de cansament.<\/p>\n<p style=\"text-align: justify;\">Per\u00f2 de ben segur, tres dies per no oblidar!<\/p>\n<p style=\"text-align: justify;\">August Ferrer, Ra\u00fcl Paris, Rosa Blaya, Francesca Bult\u00f3 i Montse Marc\u00e8, professors acompanyants.<\/p>\n","protected":false},"excerpt":{"rendered":"<p>Treballar, aprendre, divertir-se, con\u00e8ixer, descobrir&#8230;i moltes m\u00e9s sensacions s\u00f3n les que van poder experimentar els 76 alumnes de 2n d\u2019ESO quan van anar a fer el treball de s\u00edntesi a El Collell (la Garrotxa). Tres dies on els estudiants van entrar a l\u2019interior d\u2019un cr\u00e0ter (volc\u00e0 de Santa Margarida) i es van perdre per la [&hellip;]<\/p>\n","protected":false},"author":1,"featured_media":0,"comment_status":"closed","ping_status":"closed","sticky":false,"template":"","format":"standard","meta":{"_bbp_topic_count":0,"_bbp_reply_count":0,"_bbp_total_topic_count":0,"_bbp_total_reply_count":0,"_bbp_voice_count":0,"_bbp_anonymous_reply_count":0,"_bbp_topic_count_hidden":0,"_bbp_reply_count_hidden":0,"_bbp_forum_subforum_count":0,"site-sidebar-layout":"default","site-content-layout":"","ast-site-content-layout":"","site-content-style":"default","site-sidebar-style":"default","ast-global-header-display":"","ast-banner-title-visibility":"","ast-main-header-display":"","ast-hfb-above-header-display":"","ast-hfb-below-header-display":"","ast-hfb-mobile-header-display":"","site-post-title":"","ast-breadcrumbs-content":"","ast-featured-img":"","footer-sml-layout":"","theme-transparent-header-meta":"","adv-header-id-meta":"","stick-header-meta":"","header-above-stick-meta":"","header-main-stick-meta":"","header-below-stick-meta":"","astra-migrate-meta-layouts":"default","ast-page-background-enabled":"default","ast-page-background-meta":{"desktop":{"background-color":"var(--ast-global-color-4)","background-image":"","background-repeat":"repeat","background-position":"center center","background-size":"auto","background-attachment":"scroll","background-type":"","background-media":"","overlay-type":"","overlay-color":"","overlay-opacity":"","overlay-gradient":""},"tablet":{"background-color":"","background-image":"","background-repeat":"repeat","background-position":"center center","background-size":"auto","background-attachment":"scroll","background-type":"","background-media":"","overlay-type":"","overlay-color":"","overlay-opacity":"","overlay-gradient":""},"mobile":{"background-color":"","background-image":"","background-repeat":"repeat","background-position":"center center","background-size":"auto","background-attachment":"scroll","background-type":"","background-media":"","overlay-type":"","overlay-color":"","overlay-opacity":"","overlay-gradient":""}},"ast-content-background-meta":{"desktop":{"background-color":"var(--ast-global-color-5)","background-image":"","background-repeat":"repeat","background-position":"center center","background-size":"auto","background-attachment":"scroll","background-type":"","background-media":"","overlay-type":"","overlay-color":"","overlay-opacity":"","overlay-gradient":""},"tablet":{"background-color":"var(--ast-global-color-5)","background-image":"","background-repeat":"repeat","background-position":"center center","background-size":"auto","background-attachment":"scroll","background-type":"","background-media":"","overlay-type":"","overlay-color":"","overlay-opacity":"","overlay-gradient":""},"mobile":{"background-color":"var(--ast-global-color-5)","background-image":"","background-repeat":"repeat","background-position":"center center","background-size":"auto","background-attachment":"scroll","background-type":"","background-media":"","overlay-type":"","overlay-color":"","overlay-opacity":"","overlay-gradient":""}},"footnotes":""},"categories":[5,29],"tags":[],"class_list":["post-4855","post","type-post","status-publish","format-standard","hentry","category-eso-2","category-portada"],"post_mailing_queue_ids":[],"_links":{"self":[{"href":"https:\/\/agora.xtec.cat\/iesvila-seca\/wp-json\/wp\/v2\/posts\/4855","targetHints":{"allow":["GET"]}}],"collection":[{"href":"https:\/\/agora.xtec.cat\/iesvila-seca\/wp-json\/wp\/v2\/posts"}],"about":[{"href":"https:\/\/agora.xtec.cat\/iesvila-seca\/wp-json\/wp\/v2\/types\/post"}],"author":[{"embeddable":true,"href":"https:\/\/agora.xtec.cat\/iesvila-seca\/wp-json\/wp\/v2\/users\/1"}],"replies":[{"embeddable":true,"href":"https:\/\/agora.xtec.cat\/iesvila-seca\/wp-json\/wp\/v2\/comments?post=4855"}],"version-history":[{"count":1,"href":"https:\/\/agora.xtec.cat\/iesvila-seca\/wp-json\/wp\/v2\/posts\/4855\/revisions"}],"predecessor-version":[{"id":4856,"href":"https:\/\/agora.xtec.cat\/iesvila-seca\/wp-json\/wp\/v2\/posts\/4855\/revisions\/4856"}],"wp:attachment":[{"href":"https:\/\/agora.xtec.cat\/iesvila-seca\/wp-json\/wp\/v2\/media?parent=4855"}],"wp:term":[{"taxonomy":"category","embeddable":true,"href":"https:\/\/agora.xtec.cat\/iesvila-seca\/wp-json\/wp\/v2\/categories?post=4855"},{"taxonomy":"post_tag","embeddable":true,"href":"https:\/\/agora.xtec.cat\/iesvila-seca\/wp-json\/wp\/v2\/tags?post=4855"}],"curies":[{"name":"wp","href":"https:\/\/api.w.org\/{rel}","templated":true}]}}