{"id":4589,"date":"2019-02-07T16:44:22","date_gmt":"2019-02-07T15:44:22","guid":{"rendered":"http:\/\/agora.xtec.cat\/iesvila-seca\/?p=4589"},"modified":"2019-02-07T16:52:52","modified_gmt":"2019-02-07T15:52:52","slug":"el-valor-que-em-fa-diferent","status":"publish","type":"post","link":"https:\/\/agora.xtec.cat\/iesvila-seca\/eso\/eso-3\/el-valor-que-em-fa-diferent\/","title":{"rendered":"El valor que em fa diferent"},"content":{"rendered":"<p>Vivim en una societat que ens proposa reptes que ens ajuden a cr\u00e9ixer, per\u00f2 que al mateix temps ens jutja, oprimeix o fins i tot ens infravalora si els resultats no s\u00f3n els pol\u00edticament acceptats. Constantment ens marquem amb un llist\u00f3 invisible que ens recorda quins s\u00f3n els nostres l\u00edmits. Per\u00f2&#8230;per qu\u00e8 no despuntar com nom\u00e9s nosaltres ho sabem fer?<br \/>\nAquest dies, a l&#8217;assignatura de Cultura i Valors \u00c8tics, els alumnes de 3r d\u2019ESO B i C, hem estat treballant la resili\u00e8ncia o capacitat que resideix en un mateix de superar-se en els moments m\u00e9s complicats.<br \/>\nMitjan\u00e7ant la visualitzaci\u00f3 del curtmetratge Zero ens hem adonat com els prejudicis ens poden tancar barreres, no nom\u00e9s ferint les persones a les quals podem arribar a discriminar perqu\u00e8 no entren dins dels nostres estereotips de \u201cnormalitat\u201d, sin\u00f3 la possibilitat que ens perdem d&#8217;ampliar el nostre m\u00f3n si no afrontem les nostres pors.<br \/>\nI avui, 13 de desembre de 2018, els professors Daniel Rojo i S\u00edlvia Bonet ens han proposat un nou repte: una activitat que, els dies en qu\u00e8 les nostres forces de superaci\u00f3 defalleixin, ens podr\u00e0 ajudar a trobar l&#8217;energia per tirar endavant.<br \/>\nL&#8217;activitat ha consistit a escriure missatges positius entre els companys, uns amb uns post-it que ens hem anat enganxant pel nostre cos i els altres en una postal nadalenca amb el missatge \u201cEts llum. Ets for\u00e7a. Sigues tu\u201d. Cal destacar aquelles qualitats que ens fan ser especials, que de vegades oblidem i que ens donen l&#8217;impuls per tirar endavant.<br \/>\nHa estat una activitat que ens ha aportat energia, ens ha aixecat els \u00e0nims, i, sobretot&#8230; ens ha fet trencar amb la rutina en poder-la realitzar al pati o al bar.<\/p>\n<p>Alumnes de Cultura i Valors 3r B i C<\/p>\n","protected":false},"excerpt":{"rendered":"<p>Vivim en una societat que ens proposa reptes que ens ajuden a cr\u00e9ixer, per\u00f2 que al mateix temps ens jutja, oprimeix o fins i tot ens infravalora si els resultats no s\u00f3n els pol\u00edticament acceptats. Constantment ens marquem amb un llist\u00f3 invisible que ens recorda quins s\u00f3n els nostres l\u00edmits. Per\u00f2&#8230;per qu\u00e8 no despuntar com [&hellip;]<\/p>\n","protected":false},"author":1,"featured_media":0,"comment_status":"closed","ping_status":"closed","sticky":false,"template":"","format":"standard","meta":{"_bbp_topic_count":0,"_bbp_reply_count":0,"_bbp_total_topic_count":0,"_bbp_total_reply_count":0,"_bbp_voice_count":0,"_bbp_anonymous_reply_count":0,"_bbp_topic_count_hidden":0,"_bbp_reply_count_hidden":0,"_bbp_forum_subforum_count":0,"site-sidebar-layout":"default","site-content-layout":"","ast-site-content-layout":"","site-content-style":"default","site-sidebar-style":"default","ast-global-header-display":"","ast-banner-title-visibility":"","ast-main-header-display":"","ast-hfb-above-header-display":"","ast-hfb-below-header-display":"","ast-hfb-mobile-header-display":"","site-post-title":"","ast-breadcrumbs-content":"","ast-featured-img":"","footer-sml-layout":"","theme-transparent-header-meta":"","adv-header-id-meta":"","stick-header-meta":"","header-above-stick-meta":"","header-main-stick-meta":"","header-below-stick-meta":"","astra-migrate-meta-layouts":"default","ast-page-background-enabled":"default","ast-page-background-meta":{"desktop":{"background-color":"var(--ast-global-color-4)","background-image":"","background-repeat":"repeat","background-position":"center center","background-size":"auto","background-attachment":"scroll","background-type":"","background-media":"","overlay-type":"","overlay-color":"","overlay-opacity":"","overlay-gradient":""},"tablet":{"background-color":"","background-image":"","background-repeat":"repeat","background-position":"center center","background-size":"auto","background-attachment":"scroll","background-type":"","background-media":"","overlay-type":"","overlay-color":"","overlay-opacity":"","overlay-gradient":""},"mobile":{"background-color":"","background-image":"","background-repeat":"repeat","background-position":"center center","background-size":"auto","background-attachment":"scroll","background-type":"","background-media":"","overlay-type":"","overlay-color":"","overlay-opacity":"","overlay-gradient":""}},"ast-content-background-meta":{"desktop":{"background-color":"var(--ast-global-color-5)","background-image":"","background-repeat":"repeat","background-position":"center center","background-size":"auto","background-attachment":"scroll","background-type":"","background-media":"","overlay-type":"","overlay-color":"","overlay-opacity":"","overlay-gradient":""},"tablet":{"background-color":"var(--ast-global-color-5)","background-image":"","background-repeat":"repeat","background-position":"center center","background-size":"auto","background-attachment":"scroll","background-type":"","background-media":"","overlay-type":"","overlay-color":"","overlay-opacity":"","overlay-gradient":""},"mobile":{"background-color":"var(--ast-global-color-5)","background-image":"","background-repeat":"repeat","background-position":"center center","background-size":"auto","background-attachment":"scroll","background-type":"","background-media":"","overlay-type":"","overlay-color":"","overlay-opacity":"","overlay-gradient":""}},"footnotes":""},"categories":[6,29],"tags":[],"class_list":["post-4589","post","type-post","status-publish","format-standard","hentry","category-eso-3","category-portada"],"post_mailing_queue_ids":[],"_links":{"self":[{"href":"https:\/\/agora.xtec.cat\/iesvila-seca\/wp-json\/wp\/v2\/posts\/4589","targetHints":{"allow":["GET"]}}],"collection":[{"href":"https:\/\/agora.xtec.cat\/iesvila-seca\/wp-json\/wp\/v2\/posts"}],"about":[{"href":"https:\/\/agora.xtec.cat\/iesvila-seca\/wp-json\/wp\/v2\/types\/post"}],"author":[{"embeddable":true,"href":"https:\/\/agora.xtec.cat\/iesvila-seca\/wp-json\/wp\/v2\/users\/1"}],"replies":[{"embeddable":true,"href":"https:\/\/agora.xtec.cat\/iesvila-seca\/wp-json\/wp\/v2\/comments?post=4589"}],"version-history":[{"count":1,"href":"https:\/\/agora.xtec.cat\/iesvila-seca\/wp-json\/wp\/v2\/posts\/4589\/revisions"}],"predecessor-version":[{"id":4590,"href":"https:\/\/agora.xtec.cat\/iesvila-seca\/wp-json\/wp\/v2\/posts\/4589\/revisions\/4590"}],"wp:attachment":[{"href":"https:\/\/agora.xtec.cat\/iesvila-seca\/wp-json\/wp\/v2\/media?parent=4589"}],"wp:term":[{"taxonomy":"category","embeddable":true,"href":"https:\/\/agora.xtec.cat\/iesvila-seca\/wp-json\/wp\/v2\/categories?post=4589"},{"taxonomy":"post_tag","embeddable":true,"href":"https:\/\/agora.xtec.cat\/iesvila-seca\/wp-json\/wp\/v2\/tags?post=4589"}],"curies":[{"name":"wp","href":"https:\/\/api.w.org\/{rel}","templated":true}]}}