{"id":4538,"date":"2019-01-23T10:46:17","date_gmt":"2019-01-23T09:46:17","guid":{"rendered":"http:\/\/agora.xtec.cat\/iesvila-seca\/?p=4538"},"modified":"2019-01-23T10:46:17","modified_gmt":"2019-01-23T09:46:17","slug":"la-classe-de-1r-deso-a-comenca-a-llegir-lanticlub-2","status":"publish","type":"post","link":"https:\/\/agora.xtec.cat\/iesvila-seca\/eso\/eso-1\/la-classe-de-1r-deso-a-comenca-a-llegir-lanticlub-2\/","title":{"rendered":"La classe de 1r d\u2019eso A comen\u00e7a a llegir L\u2019anticlub"},"content":{"rendered":"<p style=\"text-align: justify;\">Aquest segon trimestre, a la classe de 1r A, a la mat\u00e8ria de catal\u00e0, amb la professora Rosa Sanrom\u00e0, hem comen\u00e7at a llegir un nou llibre anomenat l\u2019Anticlub. Aquest llibre el va escriure \u00c0ngel Burgas i el va publicar a Barcelona l\u2019any 2002. A la nostra classe estem llegint el llibre de l\u2019editorial La Galera, per\u00f2 tamb\u00e9 altres editorials l\u2019han publicat.<\/p>\n<p style=\"text-align: justify;\">La novel\u00b7la tracta d\u2019un grup de joves companys que lluiten contra les injust\u00edcies que passen al m\u00f3n. Els nou amics s\u2019uneixen m\u00e9s que mai per a ajudar els companys, amics, familiars, professors\u2026 que pateixen injust\u00edcies. La hist\u00f2ria relata les diferents aventures que els passen al llarg dels tres primers anys d\u2019educaci\u00f3 secund\u00e0ria.<\/p>\n<p style=\"text-align: justify;\">A la classe ens sembla molt b\u00e9 el fet de llegir tots junts i aix\u00ed potenciar l\u2019habilitat de lectura i comprensi\u00f3 lectora. A m\u00e9s a m\u00e9s, aprenem a dominar el vocabulari, la gram\u00e0tica, con\u00e8ixer noves paraules, etc. Se n\u2019han fet tantes edicions, que cadasc\u00fa en tenim una edici\u00f3 diferent i les paraules no sempre s\u00f3n les mateixes.<\/p>\n<p style=\"text-align: justify;\"><i>Claudia Fern\u00e1ndez Cardoso, Ligia Naomi Coman i Lara Iruela Tusach.\u00a0<\/i><\/p>\n<p style=\"text-align: justify;\"><i><span style=\"font-family: Times;\">Alumnes de 1r d\u2019ESO<\/span><\/i><\/p>\n","protected":false},"excerpt":{"rendered":"<p>Aquest segon trimestre, a la classe de 1r A, a la mat\u00e8ria de catal\u00e0, amb la professora Rosa Sanrom\u00e0, hem comen\u00e7at a llegir un nou llibre anomenat l\u2019Anticlub. Aquest llibre el va escriure \u00c0ngel Burgas i el va publicar a Barcelona l\u2019any 2002. A la nostra classe estem llegint el llibre de l\u2019editorial La Galera, [&hellip;]<\/p>\n","protected":false},"author":1,"featured_media":0,"comment_status":"closed","ping_status":"closed","sticky":false,"template":"","format":"standard","meta":{"_bbp_topic_count":0,"_bbp_reply_count":0,"_bbp_total_topic_count":0,"_bbp_total_reply_count":0,"_bbp_voice_count":0,"_bbp_anonymous_reply_count":0,"_bbp_topic_count_hidden":0,"_bbp_reply_count_hidden":0,"_bbp_forum_subforum_count":0,"site-sidebar-layout":"default","site-content-layout":"","ast-site-content-layout":"","site-content-style":"default","site-sidebar-style":"default","ast-global-header-display":"","ast-banner-title-visibility":"","ast-main-header-display":"","ast-hfb-above-header-display":"","ast-hfb-below-header-display":"","ast-hfb-mobile-header-display":"","site-post-title":"","ast-breadcrumbs-content":"","ast-featured-img":"","footer-sml-layout":"","theme-transparent-header-meta":"","adv-header-id-meta":"","stick-header-meta":"","header-above-stick-meta":"","header-main-stick-meta":"","header-below-stick-meta":"","astra-migrate-meta-layouts":"default","ast-page-background-enabled":"default","ast-page-background-meta":{"desktop":{"background-color":"var(--ast-global-color-4)","background-image":"","background-repeat":"repeat","background-position":"center center","background-size":"auto","background-attachment":"scroll","background-type":"","background-media":"","overlay-type":"","overlay-color":"","overlay-opacity":"","overlay-gradient":""},"tablet":{"background-color":"","background-image":"","background-repeat":"repeat","background-position":"center center","background-size":"auto","background-attachment":"scroll","background-type":"","background-media":"","overlay-type":"","overlay-color":"","overlay-opacity":"","overlay-gradient":""},"mobile":{"background-color":"","background-image":"","background-repeat":"repeat","background-position":"center center","background-size":"auto","background-attachment":"scroll","background-type":"","background-media":"","overlay-type":"","overlay-color":"","overlay-opacity":"","overlay-gradient":""}},"ast-content-background-meta":{"desktop":{"background-color":"var(--ast-global-color-5)","background-image":"","background-repeat":"repeat","background-position":"center center","background-size":"auto","background-attachment":"scroll","background-type":"","background-media":"","overlay-type":"","overlay-color":"","overlay-opacity":"","overlay-gradient":""},"tablet":{"background-color":"var(--ast-global-color-5)","background-image":"","background-repeat":"repeat","background-position":"center center","background-size":"auto","background-attachment":"scroll","background-type":"","background-media":"","overlay-type":"","overlay-color":"","overlay-opacity":"","overlay-gradient":""},"mobile":{"background-color":"var(--ast-global-color-5)","background-image":"","background-repeat":"repeat","background-position":"center center","background-size":"auto","background-attachment":"scroll","background-type":"","background-media":"","overlay-type":"","overlay-color":"","overlay-opacity":"","overlay-gradient":""}},"footnotes":""},"categories":[4,29],"tags":[],"class_list":["post-4538","post","type-post","status-publish","format-standard","hentry","category-eso-1","category-portada"],"post_mailing_queue_ids":[],"_links":{"self":[{"href":"https:\/\/agora.xtec.cat\/iesvila-seca\/wp-json\/wp\/v2\/posts\/4538","targetHints":{"allow":["GET"]}}],"collection":[{"href":"https:\/\/agora.xtec.cat\/iesvila-seca\/wp-json\/wp\/v2\/posts"}],"about":[{"href":"https:\/\/agora.xtec.cat\/iesvila-seca\/wp-json\/wp\/v2\/types\/post"}],"author":[{"embeddable":true,"href":"https:\/\/agora.xtec.cat\/iesvila-seca\/wp-json\/wp\/v2\/users\/1"}],"replies":[{"embeddable":true,"href":"https:\/\/agora.xtec.cat\/iesvila-seca\/wp-json\/wp\/v2\/comments?post=4538"}],"version-history":[{"count":1,"href":"https:\/\/agora.xtec.cat\/iesvila-seca\/wp-json\/wp\/v2\/posts\/4538\/revisions"}],"predecessor-version":[{"id":4539,"href":"https:\/\/agora.xtec.cat\/iesvila-seca\/wp-json\/wp\/v2\/posts\/4538\/revisions\/4539"}],"wp:attachment":[{"href":"https:\/\/agora.xtec.cat\/iesvila-seca\/wp-json\/wp\/v2\/media?parent=4538"}],"wp:term":[{"taxonomy":"category","embeddable":true,"href":"https:\/\/agora.xtec.cat\/iesvila-seca\/wp-json\/wp\/v2\/categories?post=4538"},{"taxonomy":"post_tag","embeddable":true,"href":"https:\/\/agora.xtec.cat\/iesvila-seca\/wp-json\/wp\/v2\/tags?post=4538"}],"curies":[{"name":"wp","href":"https:\/\/api.w.org\/{rel}","templated":true}]}}