{"id":4255,"date":"2018-11-21T12:19:29","date_gmt":"2018-11-21T11:19:29","guid":{"rendered":"http:\/\/agora.xtec.cat\/iesvila-seca\/?p=4255"},"modified":"2018-11-21T12:19:29","modified_gmt":"2018-11-21T11:19:29","slug":"el-parlament-de-ciutadella-militar-a-representar-la-veu-del-poble","status":"publish","type":"post","link":"https:\/\/agora.xtec.cat\/iesvila-seca\/general\/el-parlament-de-ciutadella-militar-a-representar-la-veu-del-poble\/","title":{"rendered":"El Parlament: de ciutadella militar a representar la veu del poble"},"content":{"rendered":"<p style=\"text-align: justify;\"><em>Els alumnes de 3r d\u2019ESO dinen al Parc de la Ciutadella i visiten el Parlament de Catalunya.<\/em><br \/>\nPer acabar un mat\u00ed intens de conscienciaci\u00f3 gr\u00e0cies als Espigoladors, els alumnes van aprendre part de la nostra hist\u00f2ria contempor\u00e0nia gr\u00e0cies a la visita al <strong>Parlament de Catalunya, un dels m\u00e9s antics del m\u00f3n<\/strong>.<br \/>\nArribant per l\u2019Avinguda del Marqu\u00e8s de l\u2019Argentera amb cru\u00eflla Passeig Picasso, s\u2019inicia el Passeig dels Til\u00b7lers , que ens endinsa en uns dels pulmons de la ciutat de Barcelona, el Parc de la Ciutadella.<br \/>\nEls alumnes de 3r d\u2019ESO de l\u2019INS Vila-seca van poder dinar gaudint dels racons que ens ofereix aquest reconegut parc, com el llac poblat per \u00e0necs i barques per passejar-hi, la r\u00e8plica del mamut, la cascada, l&#8217;escultura <em>El Desconsol<\/em> de Josep Llimona&#8230; Un espai emblem\u00e0tic que fou dissenyat per Josep Fontser\u00e8 quan, al 1869, el general Joan Prim i Prats feu donaci\u00f3 a Barcelona de la ciutadella militar que Felip V constru\u00ed despr\u00e9s de la derrota de l\u201911 de setembre de 1714 en la Guerra de Successi\u00f3 (1702-1714) per tal de sotmetre la ciutat a la vigil\u00e0ncia militar.<br \/>\n\u00c9s precisament en aquest carism\u00e0tic espai hist\u00f2ric on s\u2019ubica, aprofitant l\u2019antic arsenal de la ciutadella militar,<strong> el Parlament de Catalunya, que representa a tot el poble catal\u00e0<\/strong>. Un edifici que, com la hist\u00f2ria de Catalunya, va viure una gran quantitat de canvis (palau reial, museu, caserna militar,&#8230;) fins que l\u2019Ajuntament de Barcelona cedir una part de l\u2019edifici al 1980, i la seva totalitat al 2004, per albergar-hi el Parlament.<br \/>\nAmb la visita al Parlament, els alumnes han pogut viure i veure de primera m\u00e0 el temari pol\u00edtic que ara estan aprenent a l\u2019assignatura de socials. Han experimentat poder seure a la sala de plens com si fossin un m\u00e9s dels 135 membre, elegits democr\u00e0ticament cada 4 anys, que formen la cambra \u00fanica; han copsat la import\u00e0ncia del <strong>seu poder legislatiu<\/strong> i han ent\u00e8s que \u00e9s el sistema institucional fonamental de la Generalitat que es dedica a aprovar lleis i pressupostos, impulsa i controla el Govern, escull el president de la Generalitat i aprova-orienta-legitima el seu programa; \u00e9s el centre de la vida pol\u00edtica i <strong>t\u00e9 les sevesbases a l\u2019edat mitjana,<\/strong> en les assemblees de pau i treva i la Cort comtal del <strong>segle XI<\/strong>.Les seves sales, com les anomenades de passos perduts, ens conviden a imaginar el sistema de treball i presa de decisions que s\u2019empra despr\u00e9s de debats, pactes i converses entre <strong>tots els partits i diputats representats<\/strong>, a reflexionar sobre com la instituci\u00f3 s\u2019ha anat adaptant a les necessitat de la pluralitat d\u2019un poble, i com tant des del govern com des de l\u2019oposici\u00f3, ha intentat de trobar el cam\u00ed cap a un b\u00e9 com\u00fa: el benestar de la seva gent.<\/p>\n<p>https:\/\/www.parlament.cat\/web\/index.html<br \/>\nhttps:\/\/www.parlament.cat\/web\/canal-parlament\/videos\/index.html?p_cp1=8114942<\/p>\n<p>S\u00edlvia Bonet. Departament de Ci\u00e8ncies Socials.<\/p>\n","protected":false},"excerpt":{"rendered":"<p>Els alumnes de 3r d\u2019ESO dinen al Parc de la Ciutadella i visiten el Parlament de Catalunya. Per acabar un mat\u00ed intens de conscienciaci\u00f3 gr\u00e0cies als Espigoladors, els alumnes van aprendre part de la nostra hist\u00f2ria contempor\u00e0nia gr\u00e0cies a la visita al Parlament de Catalunya, un dels m\u00e9s antics del m\u00f3n. Arribant per l\u2019Avinguda del [&hellip;]<\/p>\n","protected":false},"author":1,"featured_media":0,"comment_status":"closed","ping_status":"closed","sticky":false,"template":"","format":"standard","meta":{"_bbp_topic_count":0,"_bbp_reply_count":0,"_bbp_total_topic_count":0,"_bbp_total_reply_count":0,"_bbp_voice_count":0,"_bbp_anonymous_reply_count":0,"_bbp_topic_count_hidden":0,"_bbp_reply_count_hidden":0,"_bbp_forum_subforum_count":0,"site-sidebar-layout":"default","site-content-layout":"","ast-site-content-layout":"","site-content-style":"default","site-sidebar-style":"default","ast-global-header-display":"","ast-banner-title-visibility":"","ast-main-header-display":"","ast-hfb-above-header-display":"","ast-hfb-below-header-display":"","ast-hfb-mobile-header-display":"","site-post-title":"","ast-breadcrumbs-content":"","ast-featured-img":"","footer-sml-layout":"","theme-transparent-header-meta":"","adv-header-id-meta":"","stick-header-meta":"","header-above-stick-meta":"","header-main-stick-meta":"","header-below-stick-meta":"","astra-migrate-meta-layouts":"default","ast-page-background-enabled":"default","ast-page-background-meta":{"desktop":{"background-color":"var(--ast-global-color-4)","background-image":"","background-repeat":"repeat","background-position":"center center","background-size":"auto","background-attachment":"scroll","background-type":"","background-media":"","overlay-type":"","overlay-color":"","overlay-opacity":"","overlay-gradient":""},"tablet":{"background-color":"","background-image":"","background-repeat":"repeat","background-position":"center center","background-size":"auto","background-attachment":"scroll","background-type":"","background-media":"","overlay-type":"","overlay-color":"","overlay-opacity":"","overlay-gradient":""},"mobile":{"background-color":"","background-image":"","background-repeat":"repeat","background-position":"center center","background-size":"auto","background-attachment":"scroll","background-type":"","background-media":"","overlay-type":"","overlay-color":"","overlay-opacity":"","overlay-gradient":""}},"ast-content-background-meta":{"desktop":{"background-color":"var(--ast-global-color-5)","background-image":"","background-repeat":"repeat","background-position":"center center","background-size":"auto","background-attachment":"scroll","background-type":"","background-media":"","overlay-type":"","overlay-color":"","overlay-opacity":"","overlay-gradient":""},"tablet":{"background-color":"var(--ast-global-color-5)","background-image":"","background-repeat":"repeat","background-position":"center center","background-size":"auto","background-attachment":"scroll","background-type":"","background-media":"","overlay-type":"","overlay-color":"","overlay-opacity":"","overlay-gradient":""},"mobile":{"background-color":"var(--ast-global-color-5)","background-image":"","background-repeat":"repeat","background-position":"center center","background-size":"auto","background-attachment":"scroll","background-type":"","background-media":"","overlay-type":"","overlay-color":"","overlay-opacity":"","overlay-gradient":""}},"footnotes":""},"categories":[6,1,29],"tags":[],"class_list":["post-4255","post","type-post","status-publish","format-standard","hentry","category-eso-3","category-general","category-portada"],"post_mailing_queue_ids":[],"_links":{"self":[{"href":"https:\/\/agora.xtec.cat\/iesvila-seca\/wp-json\/wp\/v2\/posts\/4255","targetHints":{"allow":["GET"]}}],"collection":[{"href":"https:\/\/agora.xtec.cat\/iesvila-seca\/wp-json\/wp\/v2\/posts"}],"about":[{"href":"https:\/\/agora.xtec.cat\/iesvila-seca\/wp-json\/wp\/v2\/types\/post"}],"author":[{"embeddable":true,"href":"https:\/\/agora.xtec.cat\/iesvila-seca\/wp-json\/wp\/v2\/users\/1"}],"replies":[{"embeddable":true,"href":"https:\/\/agora.xtec.cat\/iesvila-seca\/wp-json\/wp\/v2\/comments?post=4255"}],"version-history":[{"count":1,"href":"https:\/\/agora.xtec.cat\/iesvila-seca\/wp-json\/wp\/v2\/posts\/4255\/revisions"}],"predecessor-version":[{"id":4256,"href":"https:\/\/agora.xtec.cat\/iesvila-seca\/wp-json\/wp\/v2\/posts\/4255\/revisions\/4256"}],"wp:attachment":[{"href":"https:\/\/agora.xtec.cat\/iesvila-seca\/wp-json\/wp\/v2\/media?parent=4255"}],"wp:term":[{"taxonomy":"category","embeddable":true,"href":"https:\/\/agora.xtec.cat\/iesvila-seca\/wp-json\/wp\/v2\/categories?post=4255"},{"taxonomy":"post_tag","embeddable":true,"href":"https:\/\/agora.xtec.cat\/iesvila-seca\/wp-json\/wp\/v2\/tags?post=4255"}],"curies":[{"name":"wp","href":"https:\/\/api.w.org\/{rel}","templated":true}]}}