{"id":4060,"date":"2018-10-24T16:25:02","date_gmt":"2018-10-24T14:25:02","guid":{"rendered":"http:\/\/agora.xtec.cat\/iesvila-seca\/?p=4060"},"modified":"2018-10-24T16:28:08","modified_gmt":"2018-10-24T14:28:08","slug":"grease","status":"publish","type":"post","link":"https:\/\/agora.xtec.cat\/iesvila-seca\/general\/grease\/","title":{"rendered":"Grease"},"content":{"rendered":"<div class=\"\">\n<div id=\":5l\" class=\"ii gt\">\n<div id=\":5k\" class=\"a3s aXjCH \" tabindex=\"-1\" role=\"gridcell\">\n<div>\n<p style=\"text-align: justify;\"><span style=\"font-size: medium;\">Al mes de juny de 2018, v\u00e0rem estrenar el musical \u201dGREASE\u201d a mans de l\u2019alumnat de 4t d&#8217;ESO de l&#8217;optativa d\u2019arts esc\u00e8niques. Grease \u00e9s una pel\u00b7l\u00edcula ambientada als anys 50 i protagonitzada per John Travolta i Olivia\u00a0Newton John. Va suposar un gran \u00e8xit i va consolidar la carrera dels artistes John Travolta i Olivia Newton-John. L&#8217;argument explica la hist\u00f2ria d\u2019amor entre en Danny Zuko (John Travolta) i la innocent Sandy (Olivia Newton-John).\u00a0Es van con\u00e8ixer a l\u2019estiu i es retroben a l\u2019institut Rydel. Nosaltres n&#8217;hem variat la hist\u00f2ria i l\u2019hem adaptat al nostre institut. L\u2019institut Rydell \u00e9s l\u2019institut Vila-seca i la r\u00e0dio que senten \u00e9s la nostra R\u00e0dio pati. L\u2019espectacle \u00e9s un musical i\u00a0com a tal t\u00e9 can\u00e7ons i balls. Va ser una bona manera de finalitzar el curs escolar.<\/span><\/p>\n<p style=\"text-align: justify;\"><span style=\"font-size: large;\">Direcci\u00f3.<\/span><\/p>\n<\/div>\n<\/div>\n<\/div>\n<\/div>\n","protected":false},"excerpt":{"rendered":"<p>Al mes de juny de 2018, v\u00e0rem estrenar el musical \u201dGREASE\u201d a mans de l\u2019alumnat de 4t d&#8217;ESO de l&#8217;optativa d\u2019arts esc\u00e8niques. Grease \u00e9s una pel\u00b7l\u00edcula ambientada als anys 50 i protagonitzada per John Travolta i Olivia\u00a0Newton John. Va suposar un gran \u00e8xit i va consolidar la carrera dels artistes John Travolta i Olivia Newton-John. [&hellip;]<\/p>\n","protected":false},"author":1,"featured_media":0,"comment_status":"closed","ping_status":"closed","sticky":false,"template":"","format":"standard","meta":{"_bbp_topic_count":0,"_bbp_reply_count":0,"_bbp_total_topic_count":0,"_bbp_total_reply_count":0,"_bbp_voice_count":0,"_bbp_anonymous_reply_count":0,"_bbp_topic_count_hidden":0,"_bbp_reply_count_hidden":0,"_bbp_forum_subforum_count":0,"site-sidebar-layout":"default","site-content-layout":"","ast-site-content-layout":"","site-content-style":"default","site-sidebar-style":"default","ast-global-header-display":"","ast-banner-title-visibility":"","ast-main-header-display":"","ast-hfb-above-header-display":"","ast-hfb-below-header-display":"","ast-hfb-mobile-header-display":"","site-post-title":"","ast-breadcrumbs-content":"","ast-featured-img":"","footer-sml-layout":"","theme-transparent-header-meta":"","adv-header-id-meta":"","stick-header-meta":"","header-above-stick-meta":"","header-main-stick-meta":"","header-below-stick-meta":"","astra-migrate-meta-layouts":"default","ast-page-background-enabled":"default","ast-page-background-meta":{"desktop":{"background-color":"var(--ast-global-color-4)","background-image":"","background-repeat":"repeat","background-position":"center center","background-size":"auto","background-attachment":"scroll","background-type":"","background-media":"","overlay-type":"","overlay-color":"","overlay-opacity":"","overlay-gradient":""},"tablet":{"background-color":"","background-image":"","background-repeat":"repeat","background-position":"center center","background-size":"auto","background-attachment":"scroll","background-type":"","background-media":"","overlay-type":"","overlay-color":"","overlay-opacity":"","overlay-gradient":""},"mobile":{"background-color":"","background-image":"","background-repeat":"repeat","background-position":"center center","background-size":"auto","background-attachment":"scroll","background-type":"","background-media":"","overlay-type":"","overlay-color":"","overlay-opacity":"","overlay-gradient":""}},"ast-content-background-meta":{"desktop":{"background-color":"var(--ast-global-color-5)","background-image":"","background-repeat":"repeat","background-position":"center center","background-size":"auto","background-attachment":"scroll","background-type":"","background-media":"","overlay-type":"","overlay-color":"","overlay-opacity":"","overlay-gradient":""},"tablet":{"background-color":"var(--ast-global-color-5)","background-image":"","background-repeat":"repeat","background-position":"center center","background-size":"auto","background-attachment":"scroll","background-type":"","background-media":"","overlay-type":"","overlay-color":"","overlay-opacity":"","overlay-gradient":""},"mobile":{"background-color":"var(--ast-global-color-5)","background-image":"","background-repeat":"repeat","background-position":"center center","background-size":"auto","background-attachment":"scroll","background-type":"","background-media":"","overlay-type":"","overlay-color":"","overlay-opacity":"","overlay-gradient":""}},"footnotes":""},"categories":[7,1,29],"tags":[],"class_list":["post-4060","post","type-post","status-publish","format-standard","hentry","category-eso-4","category-general","category-portada"],"post_mailing_queue_ids":[],"_links":{"self":[{"href":"https:\/\/agora.xtec.cat\/iesvila-seca\/wp-json\/wp\/v2\/posts\/4060","targetHints":{"allow":["GET"]}}],"collection":[{"href":"https:\/\/agora.xtec.cat\/iesvila-seca\/wp-json\/wp\/v2\/posts"}],"about":[{"href":"https:\/\/agora.xtec.cat\/iesvila-seca\/wp-json\/wp\/v2\/types\/post"}],"author":[{"embeddable":true,"href":"https:\/\/agora.xtec.cat\/iesvila-seca\/wp-json\/wp\/v2\/users\/1"}],"replies":[{"embeddable":true,"href":"https:\/\/agora.xtec.cat\/iesvila-seca\/wp-json\/wp\/v2\/comments?post=4060"}],"version-history":[{"count":2,"href":"https:\/\/agora.xtec.cat\/iesvila-seca\/wp-json\/wp\/v2\/posts\/4060\/revisions"}],"predecessor-version":[{"id":4074,"href":"https:\/\/agora.xtec.cat\/iesvila-seca\/wp-json\/wp\/v2\/posts\/4060\/revisions\/4074"}],"wp:attachment":[{"href":"https:\/\/agora.xtec.cat\/iesvila-seca\/wp-json\/wp\/v2\/media?parent=4060"}],"wp:term":[{"taxonomy":"category","embeddable":true,"href":"https:\/\/agora.xtec.cat\/iesvila-seca\/wp-json\/wp\/v2\/categories?post=4060"},{"taxonomy":"post_tag","embeddable":true,"href":"https:\/\/agora.xtec.cat\/iesvila-seca\/wp-json\/wp\/v2\/tags?post=4060"}],"curies":[{"name":"wp","href":"https:\/\/api.w.org\/{rel}","templated":true}]}}