{"id":3588,"date":"2018-05-29T08:43:43","date_gmt":"2018-05-29T06:43:43","guid":{"rendered":"http:\/\/agora.xtec.cat\/iesvila-seca\/?p=3588"},"modified":"2018-05-29T08:43:43","modified_gmt":"2018-05-29T06:43:43","slug":"treballem-artisticament-la-prehistoria-2","status":"publish","type":"post","link":"https:\/\/agora.xtec.cat\/iesvila-seca\/general\/treballem-artisticament-la-prehistoria-2\/","title":{"rendered":"Treballem art\u00edsticament la Prehist\u00f2ria"},"content":{"rendered":"<p style=\"text-align: justify;\">Els alumnes de 1r d\u2019ESO han estat treballant te\u00f2ricament la Prehist\u00f2ria a les classes de Ci\u00e8ncies Socials,\u00a0 per\u00f2 tamb\u00e9 han realitzat activitats pr\u00e0ctiques com feien els homes prehist\u00f2rics.<\/p>\n<p style=\"text-align: justify;\">Han elaborat grans murals amb pintures rupestres,\u00a0 imitant les que es feien a les parets de les coves en el Paleol\u00edtic i tamb\u00e9 han fet cer\u00e0mica cardial elaborada amb el mateix sistema que utilitzaven els homes del per\u00edode neol\u00edtic: fent xurros de fang amb les mans, decorant els recipients amb incisions fetes amb petxines i deixant-los assecar al sol.<\/p>\n<p style=\"text-align: justify;\">Alguns s\u2019han atrevit a fer puntes de fletxes, pics amb pedres, menhirs, d\u00f2lmens,\u00a0 venus paleol\u00edtiques, etc.<\/p>\n<p style=\"text-align: justify;\">Una bona mostra d\u2019aquest treball ha estat exposada als passadissos i al rebedor del nostre institut. Des del Departament de Ci\u00e8ncies Socials volem agrair les mostres d\u2019inter\u00e8s i participaci\u00f3 de tot l\u2019alumnat de primer.<\/p>\n<p style=\"text-align: justify;\">Montse Font.\u00a0 Professora del Departament de Ci\u00e8ncies Socials<\/p>\n","protected":false},"excerpt":{"rendered":"<p>Els alumnes de 1r d\u2019ESO han estat treballant te\u00f2ricament la Prehist\u00f2ria a les classes de Ci\u00e8ncies Socials,\u00a0 per\u00f2 tamb\u00e9 han realitzat activitats pr\u00e0ctiques com feien els homes prehist\u00f2rics. Han elaborat grans murals amb pintures rupestres,\u00a0 imitant les que es feien a les parets de les coves en el Paleol\u00edtic i tamb\u00e9 han fet cer\u00e0mica cardial [&hellip;]<\/p>\n","protected":false},"author":1,"featured_media":0,"comment_status":"closed","ping_status":"closed","sticky":false,"template":"","format":"standard","meta":{"_bbp_topic_count":0,"_bbp_reply_count":0,"_bbp_total_topic_count":0,"_bbp_total_reply_count":0,"_bbp_voice_count":0,"_bbp_anonymous_reply_count":0,"_bbp_topic_count_hidden":0,"_bbp_reply_count_hidden":0,"_bbp_forum_subforum_count":0,"site-sidebar-layout":"default","site-content-layout":"","ast-site-content-layout":"","site-content-style":"default","site-sidebar-style":"default","ast-global-header-display":"","ast-banner-title-visibility":"","ast-main-header-display":"","ast-hfb-above-header-display":"","ast-hfb-below-header-display":"","ast-hfb-mobile-header-display":"","site-post-title":"","ast-breadcrumbs-content":"","ast-featured-img":"","footer-sml-layout":"","theme-transparent-header-meta":"","adv-header-id-meta":"","stick-header-meta":"","header-above-stick-meta":"","header-main-stick-meta":"","header-below-stick-meta":"","astra-migrate-meta-layouts":"default","ast-page-background-enabled":"default","ast-page-background-meta":{"desktop":{"background-color":"var(--ast-global-color-4)","background-image":"","background-repeat":"repeat","background-position":"center center","background-size":"auto","background-attachment":"scroll","background-type":"","background-media":"","overlay-type":"","overlay-color":"","overlay-opacity":"","overlay-gradient":""},"tablet":{"background-color":"","background-image":"","background-repeat":"repeat","background-position":"center center","background-size":"auto","background-attachment":"scroll","background-type":"","background-media":"","overlay-type":"","overlay-color":"","overlay-opacity":"","overlay-gradient":""},"mobile":{"background-color":"","background-image":"","background-repeat":"repeat","background-position":"center center","background-size":"auto","background-attachment":"scroll","background-type":"","background-media":"","overlay-type":"","overlay-color":"","overlay-opacity":"","overlay-gradient":""}},"ast-content-background-meta":{"desktop":{"background-color":"var(--ast-global-color-5)","background-image":"","background-repeat":"repeat","background-position":"center center","background-size":"auto","background-attachment":"scroll","background-type":"","background-media":"","overlay-type":"","overlay-color":"","overlay-opacity":"","overlay-gradient":""},"tablet":{"background-color":"var(--ast-global-color-5)","background-image":"","background-repeat":"repeat","background-position":"center center","background-size":"auto","background-attachment":"scroll","background-type":"","background-media":"","overlay-type":"","overlay-color":"","overlay-opacity":"","overlay-gradient":""},"mobile":{"background-color":"var(--ast-global-color-5)","background-image":"","background-repeat":"repeat","background-position":"center center","background-size":"auto","background-attachment":"scroll","background-type":"","background-media":"","overlay-type":"","overlay-color":"","overlay-opacity":"","overlay-gradient":""}},"footnotes":""},"categories":[4,1,29],"tags":[],"class_list":["post-3588","post","type-post","status-publish","format-standard","hentry","category-eso-1","category-general","category-portada"],"post_mailing_queue_ids":[],"_links":{"self":[{"href":"https:\/\/agora.xtec.cat\/iesvila-seca\/wp-json\/wp\/v2\/posts\/3588","targetHints":{"allow":["GET"]}}],"collection":[{"href":"https:\/\/agora.xtec.cat\/iesvila-seca\/wp-json\/wp\/v2\/posts"}],"about":[{"href":"https:\/\/agora.xtec.cat\/iesvila-seca\/wp-json\/wp\/v2\/types\/post"}],"author":[{"embeddable":true,"href":"https:\/\/agora.xtec.cat\/iesvila-seca\/wp-json\/wp\/v2\/users\/1"}],"replies":[{"embeddable":true,"href":"https:\/\/agora.xtec.cat\/iesvila-seca\/wp-json\/wp\/v2\/comments?post=3588"}],"version-history":[{"count":1,"href":"https:\/\/agora.xtec.cat\/iesvila-seca\/wp-json\/wp\/v2\/posts\/3588\/revisions"}],"predecessor-version":[{"id":3589,"href":"https:\/\/agora.xtec.cat\/iesvila-seca\/wp-json\/wp\/v2\/posts\/3588\/revisions\/3589"}],"wp:attachment":[{"href":"https:\/\/agora.xtec.cat\/iesvila-seca\/wp-json\/wp\/v2\/media?parent=3588"}],"wp:term":[{"taxonomy":"category","embeddable":true,"href":"https:\/\/agora.xtec.cat\/iesvila-seca\/wp-json\/wp\/v2\/categories?post=3588"},{"taxonomy":"post_tag","embeddable":true,"href":"https:\/\/agora.xtec.cat\/iesvila-seca\/wp-json\/wp\/v2\/tags?post=3588"}],"curies":[{"name":"wp","href":"https:\/\/api.w.org\/{rel}","templated":true}]}}