{"id":3310,"date":"2018-04-04T13:18:06","date_gmt":"2018-04-04T11:18:06","guid":{"rendered":"http:\/\/agora.xtec.cat\/iesvila-seca\/?p=3310"},"modified":"2018-04-04T13:18:06","modified_gmt":"2018-04-04T11:18:06","slug":"dia-mundial-de-la-poesia-5","status":"publish","type":"post","link":"https:\/\/agora.xtec.cat\/iesvila-seca\/general\/dia-mundial-de-la-poesia-5\/","title":{"rendered":"Dia mundial de la poesia"},"content":{"rendered":"<p style=\"text-align: justify;\">Aquest 21 de mar\u00e7 hem celebrat una data molt destacada: el Dia Mundial de la Poesia. Com ja \u00e9s habitual des de fa uns quants anys, el nostre institut s&#8217;ha unit a la resta de centres educatius de Vila-seca i ha participat en el recital conjunt que s&#8217;ha celebrat a la resid\u00e8ncia d&#8217;avis del nostre municipi.<\/p>\n<p style=\"text-align: justify;\">Enguany, la majoria de centres van optar per recitar poemes escollits de diverses poetesses catalanes. A l&#8217;INS Vila-seca vam triar el poema proposat per la Instituci\u00f3 de les Lletres Catalanes. Es tractava del poema <i>Poesia <\/i>de l&#8217;autor valenci\u00e0 Marc Granell. Aquesta composici\u00f3 va ser recitada per les alumnes de 1r d&#8217;ESO B Wissam Boukhana i Aminata Ndoye, que van llegir-lo en catal\u00e0, castell\u00e0, franc\u00e8s i w\u00f2lof, una de les lleng\u00fces del Senegal. Tot i els nervis inicials, les nostres representants van realitzar una excel\u00b7lent interpretaci\u00f3 d&#8217;aquest text i van rebre merescuts aplaudiments. Segur que mai oblidaran aquesta experi\u00e8ncia!<\/p>\n<p style=\"text-align: justify;\">\n<p style=\"text-align: justify;\">Ruth Segado. Coordinadora LIC.<\/p>\n<div><\/div>\n","protected":false},"excerpt":{"rendered":"<p>Aquest 21 de mar\u00e7 hem celebrat una data molt destacada: el Dia Mundial de la Poesia. Com ja \u00e9s habitual des de fa uns quants anys, el nostre institut s&#8217;ha unit a la resta de centres educatius de Vila-seca i ha participat en el recital conjunt que s&#8217;ha celebrat a la resid\u00e8ncia d&#8217;avis del nostre [&hellip;]<\/p>\n","protected":false},"author":1,"featured_media":0,"comment_status":"closed","ping_status":"closed","sticky":false,"template":"","format":"standard","meta":{"_bbp_topic_count":0,"_bbp_reply_count":0,"_bbp_total_topic_count":0,"_bbp_total_reply_count":0,"_bbp_voice_count":0,"_bbp_anonymous_reply_count":0,"_bbp_topic_count_hidden":0,"_bbp_reply_count_hidden":0,"_bbp_forum_subforum_count":0,"site-sidebar-layout":"default","site-content-layout":"","ast-site-content-layout":"","site-content-style":"default","site-sidebar-style":"default","ast-global-header-display":"","ast-banner-title-visibility":"","ast-main-header-display":"","ast-hfb-above-header-display":"","ast-hfb-below-header-display":"","ast-hfb-mobile-header-display":"","site-post-title":"","ast-breadcrumbs-content":"","ast-featured-img":"","footer-sml-layout":"","theme-transparent-header-meta":"","adv-header-id-meta":"","stick-header-meta":"","header-above-stick-meta":"","header-main-stick-meta":"","header-below-stick-meta":"","astra-migrate-meta-layouts":"default","ast-page-background-enabled":"default","ast-page-background-meta":{"desktop":{"background-color":"var(--ast-global-color-4)","background-image":"","background-repeat":"repeat","background-position":"center center","background-size":"auto","background-attachment":"scroll","background-type":"","background-media":"","overlay-type":"","overlay-color":"","overlay-opacity":"","overlay-gradient":""},"tablet":{"background-color":"","background-image":"","background-repeat":"repeat","background-position":"center center","background-size":"auto","background-attachment":"scroll","background-type":"","background-media":"","overlay-type":"","overlay-color":"","overlay-opacity":"","overlay-gradient":""},"mobile":{"background-color":"","background-image":"","background-repeat":"repeat","background-position":"center center","background-size":"auto","background-attachment":"scroll","background-type":"","background-media":"","overlay-type":"","overlay-color":"","overlay-opacity":"","overlay-gradient":""}},"ast-content-background-meta":{"desktop":{"background-color":"var(--ast-global-color-5)","background-image":"","background-repeat":"repeat","background-position":"center center","background-size":"auto","background-attachment":"scroll","background-type":"","background-media":"","overlay-type":"","overlay-color":"","overlay-opacity":"","overlay-gradient":""},"tablet":{"background-color":"var(--ast-global-color-5)","background-image":"","background-repeat":"repeat","background-position":"center center","background-size":"auto","background-attachment":"scroll","background-type":"","background-media":"","overlay-type":"","overlay-color":"","overlay-opacity":"","overlay-gradient":""},"mobile":{"background-color":"var(--ast-global-color-5)","background-image":"","background-repeat":"repeat","background-position":"center center","background-size":"auto","background-attachment":"scroll","background-type":"","background-media":"","overlay-type":"","overlay-color":"","overlay-opacity":"","overlay-gradient":""}},"footnotes":""},"categories":[4,1,29],"tags":[],"class_list":["post-3310","post","type-post","status-publish","format-standard","hentry","category-eso-1","category-general","category-portada"],"post_mailing_queue_ids":[],"_links":{"self":[{"href":"https:\/\/agora.xtec.cat\/iesvila-seca\/wp-json\/wp\/v2\/posts\/3310","targetHints":{"allow":["GET"]}}],"collection":[{"href":"https:\/\/agora.xtec.cat\/iesvila-seca\/wp-json\/wp\/v2\/posts"}],"about":[{"href":"https:\/\/agora.xtec.cat\/iesvila-seca\/wp-json\/wp\/v2\/types\/post"}],"author":[{"embeddable":true,"href":"https:\/\/agora.xtec.cat\/iesvila-seca\/wp-json\/wp\/v2\/users\/1"}],"replies":[{"embeddable":true,"href":"https:\/\/agora.xtec.cat\/iesvila-seca\/wp-json\/wp\/v2\/comments?post=3310"}],"version-history":[{"count":1,"href":"https:\/\/agora.xtec.cat\/iesvila-seca\/wp-json\/wp\/v2\/posts\/3310\/revisions"}],"predecessor-version":[{"id":3311,"href":"https:\/\/agora.xtec.cat\/iesvila-seca\/wp-json\/wp\/v2\/posts\/3310\/revisions\/3311"}],"wp:attachment":[{"href":"https:\/\/agora.xtec.cat\/iesvila-seca\/wp-json\/wp\/v2\/media?parent=3310"}],"wp:term":[{"taxonomy":"category","embeddable":true,"href":"https:\/\/agora.xtec.cat\/iesvila-seca\/wp-json\/wp\/v2\/categories?post=3310"},{"taxonomy":"post_tag","embeddable":true,"href":"https:\/\/agora.xtec.cat\/iesvila-seca\/wp-json\/wp\/v2\/tags?post=3310"}],"curies":[{"name":"wp","href":"https:\/\/api.w.org\/{rel}","templated":true}]}}