{"id":3145,"date":"2018-03-06T12:25:52","date_gmt":"2018-03-06T11:25:52","guid":{"rendered":"http:\/\/agora.xtec.cat\/iesvila-seca\/?p=3145"},"modified":"2018-03-06T12:27:31","modified_gmt":"2018-03-06T11:27:31","slug":"i-jornada-de-potenciacio-de-la-literatura-a-la-urv","status":"publish","type":"post","link":"https:\/\/agora.xtec.cat\/iesvila-seca\/general\/i-jornada-de-potenciacio-de-la-literatura-a-la-urv\/","title":{"rendered":"I Jornada de potenciaci\u00f3 de la literatura a la URV"},"content":{"rendered":"<p style=\"text-align: justify;\">El dia 15 de febrer, els alumnes de la modalitat de Literatura catalana van assistir a la I Jornada de potenciaci\u00f3 de la literatura catalana al Campus Catalunya de la Universitat Rovira i Virgili,<span style=\"color: #222222;\">\u00a0impulsada pel Departament d\u2019Ensenyament de la Generalitat, la jornada l\u2019han coorganitzat el Departament de Filologia Catalana i l\u2019Institut de Ci\u00e8ncies de l\u2019Educaci\u00f3 (ICE).<\/span><\/p>\n<p style=\"text-align: justify;\"><span style=\"color: #222222;\">Els alumnes van poder seguir dues confer\u00e8ncies: \u201cLa dona moderna: voluntat i aventura\u201d (<\/span><span style=\"color: #222222;\"><i>Solitud<\/i><\/span><span style=\"color: #222222;\"> i <\/span><span style=\"color: #222222;\"><i>Aig\u00fces encantades<\/i><\/span><span style=\"color: #222222;\">), de Mag\u00ed Sunyer (URV) i \u201cLlegir i viure Carner, Salvat-Papasseit i Vinyoli\u201d, de Montserrat Corretger (URV). Tamb\u00e9 van poder participar en quatre tallers que van anar a c\u00e0rrec de professors de secund\u00e0ria: Fina Masd\u00e9u (INS Gabriel Ferrater) va dirigir \u201cDe la literatura a les cuines\u201d; Montserrat Cendra (INS El Morell), \u201cTastet sensorial amb\u00a0<\/span><em><span style=\"color: #222222;\">El poema de la rosa als llavis\u201d;\u00a0<\/span><\/em><span style=\"color: #222222;\">Dolors A\u00f1\u00f3n (INS Jaume I), \u201cInterpretem els nostres cl\u00e0ssics\u201d, i Jordi Mart\u00ed (INS Baix Pened\u00e8s), \u201cA la poesia a trav\u00e9s del hip hop\u201d. Per acabar la Jornada, hi va haver el recital de poesia a c\u00e0rrec de Jordi Francesch \u201cRes no \u00e9s mesqu\u00ed\u201d, acompanyat de la pianista L\u00eddia Papi\u00f3.<\/span><\/p>\n<p style=\"text-align: justify;\">Enlla\u00e7 v\u00eddeo:<\/p>\n<p style=\"text-align: left;\"><a href=\"https:\/\/drive.google.com\/file\/d\/1h1GBUDdeqS6gYLtEmI_LRnt-sVUiYMc1\/view?usp=sharing\"> https:\/\/drive.google.com\/file\/d\/1h1GBUDdeqS6gYLtEmI_LRnt-sVUiYMc1\/view?usp=sharing<\/a><\/p>\n<p style=\"text-align: justify;\"><span style=\"color: #222222;\">Rosa Sanrom\u00e0<\/span><\/p>\n<p style=\"text-align: justify;\"><span style=\"color: #222222;\">Departament de llengua catalana<\/span><\/p>\n","protected":false},"excerpt":{"rendered":"<p>El dia 15 de febrer, els alumnes de la modalitat de Literatura catalana van assistir a la I Jornada de potenciaci\u00f3 de la literatura catalana al Campus Catalunya de la Universitat Rovira i Virgili,\u00a0impulsada pel Departament d\u2019Ensenyament de la Generalitat, la jornada l\u2019han coorganitzat el Departament de Filologia Catalana i l\u2019Institut de Ci\u00e8ncies de l\u2019Educaci\u00f3 [&hellip;]<\/p>\n","protected":false},"author":1,"featured_media":0,"comment_status":"closed","ping_status":"closed","sticky":false,"template":"","format":"standard","meta":{"_bbp_topic_count":0,"_bbp_reply_count":0,"_bbp_total_topic_count":0,"_bbp_total_reply_count":0,"_bbp_voice_count":0,"_bbp_anonymous_reply_count":0,"_bbp_topic_count_hidden":0,"_bbp_reply_count_hidden":0,"_bbp_forum_subforum_count":0,"site-sidebar-layout":"default","site-content-layout":"","ast-site-content-layout":"","site-content-style":"default","site-sidebar-style":"default","ast-global-header-display":"","ast-banner-title-visibility":"","ast-main-header-display":"","ast-hfb-above-header-display":"","ast-hfb-below-header-display":"","ast-hfb-mobile-header-display":"","site-post-title":"","ast-breadcrumbs-content":"","ast-featured-img":"","footer-sml-layout":"","theme-transparent-header-meta":"","adv-header-id-meta":"","stick-header-meta":"","header-above-stick-meta":"","header-main-stick-meta":"","header-below-stick-meta":"","astra-migrate-meta-layouts":"default","ast-page-background-enabled":"default","ast-page-background-meta":{"desktop":{"background-color":"var(--ast-global-color-4)","background-image":"","background-repeat":"repeat","background-position":"center center","background-size":"auto","background-attachment":"scroll","background-type":"","background-media":"","overlay-type":"","overlay-color":"","overlay-opacity":"","overlay-gradient":""},"tablet":{"background-color":"","background-image":"","background-repeat":"repeat","background-position":"center center","background-size":"auto","background-attachment":"scroll","background-type":"","background-media":"","overlay-type":"","overlay-color":"","overlay-opacity":"","overlay-gradient":""},"mobile":{"background-color":"","background-image":"","background-repeat":"repeat","background-position":"center center","background-size":"auto","background-attachment":"scroll","background-type":"","background-media":"","overlay-type":"","overlay-color":"","overlay-opacity":"","overlay-gradient":""}},"ast-content-background-meta":{"desktop":{"background-color":"var(--ast-global-color-5)","background-image":"","background-repeat":"repeat","background-position":"center center","background-size":"auto","background-attachment":"scroll","background-type":"","background-media":"","overlay-type":"","overlay-color":"","overlay-opacity":"","overlay-gradient":""},"tablet":{"background-color":"var(--ast-global-color-5)","background-image":"","background-repeat":"repeat","background-position":"center center","background-size":"auto","background-attachment":"scroll","background-type":"","background-media":"","overlay-type":"","overlay-color":"","overlay-opacity":"","overlay-gradient":""},"mobile":{"background-color":"var(--ast-global-color-5)","background-image":"","background-repeat":"repeat","background-position":"center center","background-size":"auto","background-attachment":"scroll","background-type":"","background-media":"","overlay-type":"","overlay-color":"","overlay-opacity":"","overlay-gradient":""}},"footnotes":""},"categories":[8,1,29],"tags":[],"class_list":["post-3145","post","type-post","status-publish","format-standard","hentry","category-batxillerat","category-general","category-portada"],"post_mailing_queue_ids":[],"_links":{"self":[{"href":"https:\/\/agora.xtec.cat\/iesvila-seca\/wp-json\/wp\/v2\/posts\/3145","targetHints":{"allow":["GET"]}}],"collection":[{"href":"https:\/\/agora.xtec.cat\/iesvila-seca\/wp-json\/wp\/v2\/posts"}],"about":[{"href":"https:\/\/agora.xtec.cat\/iesvila-seca\/wp-json\/wp\/v2\/types\/post"}],"author":[{"embeddable":true,"href":"https:\/\/agora.xtec.cat\/iesvila-seca\/wp-json\/wp\/v2\/users\/1"}],"replies":[{"embeddable":true,"href":"https:\/\/agora.xtec.cat\/iesvila-seca\/wp-json\/wp\/v2\/comments?post=3145"}],"version-history":[{"count":3,"href":"https:\/\/agora.xtec.cat\/iesvila-seca\/wp-json\/wp\/v2\/posts\/3145\/revisions"}],"predecessor-version":[{"id":3148,"href":"https:\/\/agora.xtec.cat\/iesvila-seca\/wp-json\/wp\/v2\/posts\/3145\/revisions\/3148"}],"wp:attachment":[{"href":"https:\/\/agora.xtec.cat\/iesvila-seca\/wp-json\/wp\/v2\/media?parent=3145"}],"wp:term":[{"taxonomy":"category","embeddable":true,"href":"https:\/\/agora.xtec.cat\/iesvila-seca\/wp-json\/wp\/v2\/categories?post=3145"},{"taxonomy":"post_tag","embeddable":true,"href":"https:\/\/agora.xtec.cat\/iesvila-seca\/wp-json\/wp\/v2\/tags?post=3145"}],"curies":[{"name":"wp","href":"https:\/\/api.w.org\/{rel}","templated":true}]}}