{"id":3139,"date":"2018-03-05T08:53:36","date_gmt":"2018-03-05T07:53:36","guid":{"rendered":"http:\/\/agora.xtec.cat\/iesvila-seca\/?p=3139"},"modified":"2018-03-05T09:19:59","modified_gmt":"2018-03-05T08:19:59","slug":"el-florido-pensil-a-lauditori-2","status":"publish","type":"post","link":"https:\/\/agora.xtec.cat\/iesvila-seca\/portada\/el-florido-pensil-a-lauditori-2\/","title":{"rendered":"El Florido Pensil a l&#8217;Auditori"},"content":{"rendered":"<p>&nbsp;<\/p>\n<p>El proper 25 de mar\u00e7, a les 7 de la tarda, es representar\u00e0 l&#8217;obra de teatre \u201cEl Florido Pensil\u201d a l\u2019auditori Josep Carreras de Vila-seca.<\/p>\n<p>El muntatge es realitza amb l\u2019objectiu de recollir fons per al <strong>projecte sociosanitari<\/strong> que el Comit\u00e8 de Solidaritat \u00d3scar Romero de Tarragona i Reus (COR) est\u00e0 desenvolupant a la <strong>regi\u00f3 ind\u00edgena de San Miguel de Acat\u00e1n, a Guatemala<\/strong>. En aquesta regi\u00f3 l\u2019assist\u00e8ncia p\u00fablica per malaltia es pr\u00e0cticament inexistent, i el centre de salut t\u00e9 una dotaci\u00f3 de medicaments tan baixa que no poden donar-ne al pacients.<\/p>\n<p>Ja estan a la venda les entrades per assistir a aquest teatre solidari, impulsat des del comprom\u00eds de la companyia de Castellvell del Camp, \u201cLa Teatr\u2019Era\u201d. El tiquet t\u00e9 un preu de 10 euros, i les entrades poden reservar-se a trav\u00e9s dels tel\u00e8fons de contacte <a href=\"tel:680%2014%2074%2020\">680147420<\/a> o b\u00e9 <a href=\"tel:696%2012%2043%2056\">696124356<\/a>, i tamb\u00e9 al correu electr\u00f2nic <a href=\"mailto:cortgn@gmail.com\">cortgn@gmail.com<\/a>. Es poden realitzar tamb\u00e9 els donatius a fila zero realitzant un ingr\u00e9s al n\u00famero de compte ES05 2100 0392 150200083295.<\/p>\n","protected":false},"excerpt":{"rendered":"<p>&nbsp; El proper 25 de mar\u00e7, a les 7 de la tarda, es representar\u00e0 l&#8217;obra de teatre \u201cEl Florido Pensil\u201d a l\u2019auditori Josep Carreras de Vila-seca. El muntatge es realitza amb l\u2019objectiu de recollir fons per al projecte sociosanitari que el Comit\u00e8 de Solidaritat \u00d3scar Romero de Tarragona i Reus (COR) est\u00e0 desenvolupant a la [&hellip;]<\/p>\n","protected":false},"author":1,"featured_media":0,"comment_status":"closed","ping_status":"closed","sticky":false,"template":"","format":"standard","meta":{"_bbp_topic_count":0,"_bbp_reply_count":0,"_bbp_total_topic_count":0,"_bbp_total_reply_count":0,"_bbp_voice_count":0,"_bbp_anonymous_reply_count":0,"_bbp_topic_count_hidden":0,"_bbp_reply_count_hidden":0,"_bbp_forum_subforum_count":0,"site-sidebar-layout":"default","site-content-layout":"","ast-site-content-layout":"","site-content-style":"default","site-sidebar-style":"default","ast-global-header-display":"","ast-banner-title-visibility":"","ast-main-header-display":"","ast-hfb-above-header-display":"","ast-hfb-below-header-display":"","ast-hfb-mobile-header-display":"","site-post-title":"","ast-breadcrumbs-content":"","ast-featured-img":"","footer-sml-layout":"","theme-transparent-header-meta":"","adv-header-id-meta":"","stick-header-meta":"","header-above-stick-meta":"","header-main-stick-meta":"","header-below-stick-meta":"","astra-migrate-meta-layouts":"default","ast-page-background-enabled":"default","ast-page-background-meta":{"desktop":{"background-color":"var(--ast-global-color-4)","background-image":"","background-repeat":"repeat","background-position":"center center","background-size":"auto","background-attachment":"scroll","background-type":"","background-media":"","overlay-type":"","overlay-color":"","overlay-opacity":"","overlay-gradient":""},"tablet":{"background-color":"","background-image":"","background-repeat":"repeat","background-position":"center center","background-size":"auto","background-attachment":"scroll","background-type":"","background-media":"","overlay-type":"","overlay-color":"","overlay-opacity":"","overlay-gradient":""},"mobile":{"background-color":"","background-image":"","background-repeat":"repeat","background-position":"center center","background-size":"auto","background-attachment":"scroll","background-type":"","background-media":"","overlay-type":"","overlay-color":"","overlay-opacity":"","overlay-gradient":""}},"ast-content-background-meta":{"desktop":{"background-color":"var(--ast-global-color-5)","background-image":"","background-repeat":"repeat","background-position":"center center","background-size":"auto","background-attachment":"scroll","background-type":"","background-media":"","overlay-type":"","overlay-color":"","overlay-opacity":"","overlay-gradient":""},"tablet":{"background-color":"var(--ast-global-color-5)","background-image":"","background-repeat":"repeat","background-position":"center center","background-size":"auto","background-attachment":"scroll","background-type":"","background-media":"","overlay-type":"","overlay-color":"","overlay-opacity":"","overlay-gradient":""},"mobile":{"background-color":"var(--ast-global-color-5)","background-image":"","background-repeat":"repeat","background-position":"center center","background-size":"auto","background-attachment":"scroll","background-type":"","background-media":"","overlay-type":"","overlay-color":"","overlay-opacity":"","overlay-gradient":""}},"footnotes":""},"categories":[29],"tags":[],"class_list":["post-3139","post","type-post","status-publish","format-standard","hentry","category-portada"],"post_mailing_queue_ids":[],"_links":{"self":[{"href":"https:\/\/agora.xtec.cat\/iesvila-seca\/wp-json\/wp\/v2\/posts\/3139","targetHints":{"allow":["GET"]}}],"collection":[{"href":"https:\/\/agora.xtec.cat\/iesvila-seca\/wp-json\/wp\/v2\/posts"}],"about":[{"href":"https:\/\/agora.xtec.cat\/iesvila-seca\/wp-json\/wp\/v2\/types\/post"}],"author":[{"embeddable":true,"href":"https:\/\/agora.xtec.cat\/iesvila-seca\/wp-json\/wp\/v2\/users\/1"}],"replies":[{"embeddable":true,"href":"https:\/\/agora.xtec.cat\/iesvila-seca\/wp-json\/wp\/v2\/comments?post=3139"}],"version-history":[{"count":3,"href":"https:\/\/agora.xtec.cat\/iesvila-seca\/wp-json\/wp\/v2\/posts\/3139\/revisions"}],"predecessor-version":[{"id":3143,"href":"https:\/\/agora.xtec.cat\/iesvila-seca\/wp-json\/wp\/v2\/posts\/3139\/revisions\/3143"}],"wp:attachment":[{"href":"https:\/\/agora.xtec.cat\/iesvila-seca\/wp-json\/wp\/v2\/media?parent=3139"}],"wp:term":[{"taxonomy":"category","embeddable":true,"href":"https:\/\/agora.xtec.cat\/iesvila-seca\/wp-json\/wp\/v2\/categories?post=3139"},{"taxonomy":"post_tag","embeddable":true,"href":"https:\/\/agora.xtec.cat\/iesvila-seca\/wp-json\/wp\/v2\/tags?post=3139"}],"curies":[{"name":"wp","href":"https:\/\/api.w.org\/{rel}","templated":true}]}}