{"id":3110,"date":"2018-02-20T18:01:21","date_gmt":"2018-02-20T17:01:21","guid":{"rendered":"http:\/\/agora.xtec.cat\/iesvila-seca\/?p=3110"},"modified":"2018-02-20T18:01:21","modified_gmt":"2018-02-20T17:01:21","slug":"linstitut-vila-seca-subcampio-de-la-copa-cangur-2","status":"publish","type":"post","link":"https:\/\/agora.xtec.cat\/iesvila-seca\/general\/linstitut-vila-seca-subcampio-de-la-copa-cangur-2\/","title":{"rendered":"L\u2019Institut Vila-seca, subcampi\u00f3 de la copa Cangur"},"content":{"rendered":"<p style=\"text-align: justify;\">El dia 25 de gener, el nostre institut va participar un any m\u00e9s en la copa Cangur de matem\u00e0tiques. Vam concursar amb un grup de set alumnes de 2n.i 3r.d&#8217; ESO,\u00a0 m\u00e9s 2 suplents. De 2n d&#8217;ESO, Marc M\u00e1rquez, C\u00e8lia Pastor, Helena Salvat, Ferran Mill\u00e1n i Adri\u00e1n Faro<\/p>\n<p style=\"text-align: justify;\">i de 3r d&#8217;ESO, Saskia Doberenz, Elizaveta Gerasimova, Diego L\u00f3pez i Adrian Nicolae. Els alumnes van ser preparats pel professor de matem\u00e0tiques Javier del Rio amb l&#8217;ajuda de Germ\u00e1n Gil. La copa\u00a0Cangur \u00e9s una competici\u00f3 amb equips de diferents instituts de la zona en les quals s&#8217;intenten resoldre 12 problemes matem\u00e0tics complicats\u00a0durant una hora. Es fomenta el treball en equip i el gust per les matem\u00e0tiques. Els nostres alumnes es van estar preparant durant els dos mesos previs. Aquesta feina va donar bons resultats,\u00a0 ja que el nostre equip va quedar en segona posici\u00f3, millorant els\u00a0resultats d&#8217;anteriors edicions. Els nostres alumnes van rebre un diploma i una medalla commemorativa. Tant de bo aquesta iniciativa\u00a0serveixi per augmentar la passi\u00f3 per les matem\u00e0tiques. En properes edicions es treballar\u00e0 per aconseguir el primer lloc. Endavant!<\/p>\n<p style=\"text-align: justify;\">Mosquis. Redacci\u00f3<\/p>\n<p style=\"text-align: justify;\">\n<p style=\"text-align: justify;\">.<\/p>\n","protected":false},"excerpt":{"rendered":"<p>El dia 25 de gener, el nostre institut va participar un any m\u00e9s en la copa Cangur de matem\u00e0tiques. Vam concursar amb un grup de set alumnes de 2n.i 3r.d&#8217; ESO,\u00a0 m\u00e9s 2 suplents. De 2n d&#8217;ESO, Marc M\u00e1rquez, C\u00e8lia Pastor, Helena Salvat, Ferran Mill\u00e1n i Adri\u00e1n Faro i de 3r d&#8217;ESO, Saskia Doberenz, Elizaveta [&hellip;]<\/p>\n","protected":false},"author":1,"featured_media":0,"comment_status":"closed","ping_status":"closed","sticky":false,"template":"","format":"standard","meta":{"_bbp_topic_count":0,"_bbp_reply_count":0,"_bbp_total_topic_count":0,"_bbp_total_reply_count":0,"_bbp_voice_count":0,"_bbp_anonymous_reply_count":0,"_bbp_topic_count_hidden":0,"_bbp_reply_count_hidden":0,"_bbp_forum_subforum_count":0,"site-sidebar-layout":"default","site-content-layout":"","ast-site-content-layout":"","site-content-style":"default","site-sidebar-style":"default","ast-global-header-display":"","ast-banner-title-visibility":"","ast-main-header-display":"","ast-hfb-above-header-display":"","ast-hfb-below-header-display":"","ast-hfb-mobile-header-display":"","site-post-title":"","ast-breadcrumbs-content":"","ast-featured-img":"","footer-sml-layout":"","theme-transparent-header-meta":"","adv-header-id-meta":"","stick-header-meta":"","header-above-stick-meta":"","header-main-stick-meta":"","header-below-stick-meta":"","astra-migrate-meta-layouts":"default","ast-page-background-enabled":"default","ast-page-background-meta":{"desktop":{"background-color":"var(--ast-global-color-4)","background-image":"","background-repeat":"repeat","background-position":"center center","background-size":"auto","background-attachment":"scroll","background-type":"","background-media":"","overlay-type":"","overlay-color":"","overlay-opacity":"","overlay-gradient":""},"tablet":{"background-color":"","background-image":"","background-repeat":"repeat","background-position":"center center","background-size":"auto","background-attachment":"scroll","background-type":"","background-media":"","overlay-type":"","overlay-color":"","overlay-opacity":"","overlay-gradient":""},"mobile":{"background-color":"","background-image":"","background-repeat":"repeat","background-position":"center center","background-size":"auto","background-attachment":"scroll","background-type":"","background-media":"","overlay-type":"","overlay-color":"","overlay-opacity":"","overlay-gradient":""}},"ast-content-background-meta":{"desktop":{"background-color":"var(--ast-global-color-5)","background-image":"","background-repeat":"repeat","background-position":"center center","background-size":"auto","background-attachment":"scroll","background-type":"","background-media":"","overlay-type":"","overlay-color":"","overlay-opacity":"","overlay-gradient":""},"tablet":{"background-color":"var(--ast-global-color-5)","background-image":"","background-repeat":"repeat","background-position":"center center","background-size":"auto","background-attachment":"scroll","background-type":"","background-media":"","overlay-type":"","overlay-color":"","overlay-opacity":"","overlay-gradient":""},"mobile":{"background-color":"var(--ast-global-color-5)","background-image":"","background-repeat":"repeat","background-position":"center center","background-size":"auto","background-attachment":"scroll","background-type":"","background-media":"","overlay-type":"","overlay-color":"","overlay-opacity":"","overlay-gradient":""}},"footnotes":""},"categories":[5,6,1,29],"tags":[],"class_list":["post-3110","post","type-post","status-publish","format-standard","hentry","category-eso-2","category-eso-3","category-general","category-portada"],"post_mailing_queue_ids":[],"_links":{"self":[{"href":"https:\/\/agora.xtec.cat\/iesvila-seca\/wp-json\/wp\/v2\/posts\/3110","targetHints":{"allow":["GET"]}}],"collection":[{"href":"https:\/\/agora.xtec.cat\/iesvila-seca\/wp-json\/wp\/v2\/posts"}],"about":[{"href":"https:\/\/agora.xtec.cat\/iesvila-seca\/wp-json\/wp\/v2\/types\/post"}],"author":[{"embeddable":true,"href":"https:\/\/agora.xtec.cat\/iesvila-seca\/wp-json\/wp\/v2\/users\/1"}],"replies":[{"embeddable":true,"href":"https:\/\/agora.xtec.cat\/iesvila-seca\/wp-json\/wp\/v2\/comments?post=3110"}],"version-history":[{"count":1,"href":"https:\/\/agora.xtec.cat\/iesvila-seca\/wp-json\/wp\/v2\/posts\/3110\/revisions"}],"predecessor-version":[{"id":3111,"href":"https:\/\/agora.xtec.cat\/iesvila-seca\/wp-json\/wp\/v2\/posts\/3110\/revisions\/3111"}],"wp:attachment":[{"href":"https:\/\/agora.xtec.cat\/iesvila-seca\/wp-json\/wp\/v2\/media?parent=3110"}],"wp:term":[{"taxonomy":"category","embeddable":true,"href":"https:\/\/agora.xtec.cat\/iesvila-seca\/wp-json\/wp\/v2\/categories?post=3110"},{"taxonomy":"post_tag","embeddable":true,"href":"https:\/\/agora.xtec.cat\/iesvila-seca\/wp-json\/wp\/v2\/tags?post=3110"}],"curies":[{"name":"wp","href":"https:\/\/api.w.org\/{rel}","templated":true}]}}