{"id":2989,"date":"2018-01-18T11:50:19","date_gmt":"2018-01-18T10:50:19","guid":{"rendered":"http:\/\/agora.xtec.cat\/iesvila-seca\/?p=2989"},"modified":"2018-01-18T11:50:19","modified_gmt":"2018-01-18T10:50:19","slug":"ha-finalitzat-el-programa-bojos-per-la-quimica","status":"publish","type":"post","link":"https:\/\/agora.xtec.cat\/iesvila-seca\/general\/ha-finalitzat-el-programa-bojos-per-la-quimica\/","title":{"rendered":"Ha finalitzat el programa \u201cBojos per la qu\u00edmica\u201d."},"content":{"rendered":"<div>\n<p style=\"text-align: justify;\">Dissabte 2 de desembre va tenir lloc la cerim\u00f2nia de cloenda del programa &#8220;Bojos per la qu\u00edmica&#8221;. El nostre alumne de Segon de Batxillerat, V\u00edctor Espadas, ha participat en la present edici\u00f3.<br \/>\n\u00c9s una iniciativa de la Fundaci\u00f3 Catalunya-La Pedrera, \u00a0que va crear el programa Bojos per la Ci\u00e8ncia per a l&#8217;est\u00edmul del talent cient\u00edfic entre els joves. Durant 13 matins de dissabte, una\u00a0vintena de joves de tot Catalunya s&#8217;han reunit a les instal\u00b7lacions de l&#8217;ICIQ (Institut Catal\u00e0 de Recerca Qu\u00edmica) per apropar-se a la qu\u00edmica de la forma m\u00e9s efectiva possible, \u00e9s a dir, a trav\u00e9s\u00a0de l&#8217;experimentaci\u00f3 directa al laboratori. A part dels coneixements adquirits, en V\u00edctor valora molt haver estat en contacte amb estudiants de la seva mateixa edat que viuen id\u00e8ntica passi\u00f3.\u00a0Durant aquest temps s&#8217;ha format un grup de s\u00f2lides amistats i qui sap si en el futur tornaran a retrobar-se per fer descobriments que millorin el nostre m\u00f3n. Tant de bo sigui aix\u00ed.<\/p>\n<p>Andreu Faro Lalanne, Departament de Ci\u00e8ncies Naturals.<\/p>\n<div class=\"yj6qo\"><\/div>\n<div class=\"adL\"><\/div>\n<\/div>\n<div class=\"adL\"><\/div>\n","protected":false},"excerpt":{"rendered":"<p>Dissabte 2 de desembre va tenir lloc la cerim\u00f2nia de cloenda del programa &#8220;Bojos per la qu\u00edmica&#8221;. El nostre alumne de Segon de Batxillerat, V\u00edctor Espadas, ha participat en la present edici\u00f3. \u00c9s una iniciativa de la Fundaci\u00f3 Catalunya-La Pedrera, \u00a0que va crear el programa Bojos per la Ci\u00e8ncia per a l&#8217;est\u00edmul del talent cient\u00edfic [&hellip;]<\/p>\n","protected":false},"author":1,"featured_media":0,"comment_status":"closed","ping_status":"closed","sticky":false,"template":"","format":"standard","meta":{"_bbp_topic_count":0,"_bbp_reply_count":0,"_bbp_total_topic_count":0,"_bbp_total_reply_count":0,"_bbp_voice_count":0,"_bbp_anonymous_reply_count":0,"_bbp_topic_count_hidden":0,"_bbp_reply_count_hidden":0,"_bbp_forum_subforum_count":0,"site-sidebar-layout":"default","site-content-layout":"","ast-site-content-layout":"","site-content-style":"default","site-sidebar-style":"default","ast-global-header-display":"","ast-banner-title-visibility":"","ast-main-header-display":"","ast-hfb-above-header-display":"","ast-hfb-below-header-display":"","ast-hfb-mobile-header-display":"","site-post-title":"","ast-breadcrumbs-content":"","ast-featured-img":"","footer-sml-layout":"","theme-transparent-header-meta":"","adv-header-id-meta":"","stick-header-meta":"","header-above-stick-meta":"","header-main-stick-meta":"","header-below-stick-meta":"","astra-migrate-meta-layouts":"default","ast-page-background-enabled":"default","ast-page-background-meta":{"desktop":{"background-color":"var(--ast-global-color-4)","background-image":"","background-repeat":"repeat","background-position":"center center","background-size":"auto","background-attachment":"scroll","background-type":"","background-media":"","overlay-type":"","overlay-color":"","overlay-opacity":"","overlay-gradient":""},"tablet":{"background-color":"","background-image":"","background-repeat":"repeat","background-position":"center center","background-size":"auto","background-attachment":"scroll","background-type":"","background-media":"","overlay-type":"","overlay-color":"","overlay-opacity":"","overlay-gradient":""},"mobile":{"background-color":"","background-image":"","background-repeat":"repeat","background-position":"center center","background-size":"auto","background-attachment":"scroll","background-type":"","background-media":"","overlay-type":"","overlay-color":"","overlay-opacity":"","overlay-gradient":""}},"ast-content-background-meta":{"desktop":{"background-color":"var(--ast-global-color-5)","background-image":"","background-repeat":"repeat","background-position":"center center","background-size":"auto","background-attachment":"scroll","background-type":"","background-media":"","overlay-type":"","overlay-color":"","overlay-opacity":"","overlay-gradient":""},"tablet":{"background-color":"var(--ast-global-color-5)","background-image":"","background-repeat":"repeat","background-position":"center center","background-size":"auto","background-attachment":"scroll","background-type":"","background-media":"","overlay-type":"","overlay-color":"","overlay-opacity":"","overlay-gradient":""},"mobile":{"background-color":"var(--ast-global-color-5)","background-image":"","background-repeat":"repeat","background-position":"center center","background-size":"auto","background-attachment":"scroll","background-type":"","background-media":"","overlay-type":"","overlay-color":"","overlay-opacity":"","overlay-gradient":""}},"footnotes":""},"categories":[8,1,29],"tags":[],"class_list":["post-2989","post","type-post","status-publish","format-standard","hentry","category-batxillerat","category-general","category-portada"],"post_mailing_queue_ids":[],"_links":{"self":[{"href":"https:\/\/agora.xtec.cat\/iesvila-seca\/wp-json\/wp\/v2\/posts\/2989","targetHints":{"allow":["GET"]}}],"collection":[{"href":"https:\/\/agora.xtec.cat\/iesvila-seca\/wp-json\/wp\/v2\/posts"}],"about":[{"href":"https:\/\/agora.xtec.cat\/iesvila-seca\/wp-json\/wp\/v2\/types\/post"}],"author":[{"embeddable":true,"href":"https:\/\/agora.xtec.cat\/iesvila-seca\/wp-json\/wp\/v2\/users\/1"}],"replies":[{"embeddable":true,"href":"https:\/\/agora.xtec.cat\/iesvila-seca\/wp-json\/wp\/v2\/comments?post=2989"}],"version-history":[{"count":1,"href":"https:\/\/agora.xtec.cat\/iesvila-seca\/wp-json\/wp\/v2\/posts\/2989\/revisions"}],"predecessor-version":[{"id":2990,"href":"https:\/\/agora.xtec.cat\/iesvila-seca\/wp-json\/wp\/v2\/posts\/2989\/revisions\/2990"}],"wp:attachment":[{"href":"https:\/\/agora.xtec.cat\/iesvila-seca\/wp-json\/wp\/v2\/media?parent=2989"}],"wp:term":[{"taxonomy":"category","embeddable":true,"href":"https:\/\/agora.xtec.cat\/iesvila-seca\/wp-json\/wp\/v2\/categories?post=2989"},{"taxonomy":"post_tag","embeddable":true,"href":"https:\/\/agora.xtec.cat\/iesvila-seca\/wp-json\/wp\/v2\/tags?post=2989"}],"curies":[{"name":"wp","href":"https:\/\/api.w.org\/{rel}","templated":true}]}}