{"id":2806,"date":"2017-10-31T08:47:20","date_gmt":"2017-10-31T07:47:20","guid":{"rendered":"http:\/\/agora.xtec.cat\/iesvila-seca\/?p=2806"},"modified":"2017-10-31T08:47:20","modified_gmt":"2017-10-31T07:47:20","slug":"classe-magistral-de-pintura-materica-2","status":"publish","type":"post","link":"https:\/\/agora.xtec.cat\/iesvila-seca\/batxillerat\/classe-magistral-de-pintura-materica-2\/","title":{"rendered":"Classe magistral de pintura mat\u00e8rica"},"content":{"rendered":"<p style=\"text-align: justify;\">Com a punt i final de l&#8217;apartat de teoria de l\u2019art, que forma part de l&#8217;Optativa d&#8217;Hist\u00f2ria de l&#8217;Art que cursen els alumnes de Segon de Batxillerat, s&#8217;ha realitzat una classe magistral de pintura mat\u00e8rica, dirigida de manera molt eficient i din\u00e0mica per la professora Marina S\u00e1nchez, amb una mica d\u2019ajuda per part meva.<\/p>\n<p style=\"text-align: justify;\">La Marina els ha explicat els rudiments de la t\u00e8cnica del gesso, la seva composici\u00f3 i aplicaci\u00f3 sobre la tela, per despr\u00e9s passar a l\u2019acci\u00f3 directa:\u00a0 l\u2019aplicaci\u00f3 del color i el treball amb un film transparent i l\u2019esp\u00e0tula,\u00a0 que ha donat lloc a un resultat final for\u00e7a interessant.<\/p>\n<p style=\"text-align: justify;\">Els alumnes s\u2019ho han passat d\u2019all\u00f2 m\u00e9s b\u00e9 i han tornat per un moment a la Prim\u00e0ria,\u00a0 vista la quantitat de pintura que ha acabat a les seves mans i a les taules. Aix\u00f2 s\u00ed, en acabar han deixat la classe ben neta i polida!<\/p>\n<p style=\"text-align: justify;\">\n<p style=\"text-align: justify;\">Jos\u00e9 A. Molet. Departament de C. Socials.<\/p>\n","protected":false},"excerpt":{"rendered":"<p>Com a punt i final de l&#8217;apartat de teoria de l\u2019art, que forma part de l&#8217;Optativa d&#8217;Hist\u00f2ria de l&#8217;Art que cursen els alumnes de Segon de Batxillerat, s&#8217;ha realitzat una classe magistral de pintura mat\u00e8rica, dirigida de manera molt eficient i din\u00e0mica per la professora Marina S\u00e1nchez, amb una mica d\u2019ajuda per part meva. La [&hellip;]<\/p>\n","protected":false},"author":1,"featured_media":0,"comment_status":"closed","ping_status":"closed","sticky":false,"template":"","format":"standard","meta":{"_bbp_topic_count":0,"_bbp_reply_count":0,"_bbp_total_topic_count":0,"_bbp_total_reply_count":0,"_bbp_voice_count":0,"_bbp_anonymous_reply_count":0,"_bbp_topic_count_hidden":0,"_bbp_reply_count_hidden":0,"_bbp_forum_subforum_count":0,"site-sidebar-layout":"default","site-content-layout":"","ast-site-content-layout":"","site-content-style":"default","site-sidebar-style":"default","ast-global-header-display":"","ast-banner-title-visibility":"","ast-main-header-display":"","ast-hfb-above-header-display":"","ast-hfb-below-header-display":"","ast-hfb-mobile-header-display":"","site-post-title":"","ast-breadcrumbs-content":"","ast-featured-img":"","footer-sml-layout":"","theme-transparent-header-meta":"","adv-header-id-meta":"","stick-header-meta":"","header-above-stick-meta":"","header-main-stick-meta":"","header-below-stick-meta":"","astra-migrate-meta-layouts":"default","ast-page-background-enabled":"default","ast-page-background-meta":{"desktop":{"background-color":"var(--ast-global-color-4)","background-image":"","background-repeat":"repeat","background-position":"center center","background-size":"auto","background-attachment":"scroll","background-type":"","background-media":"","overlay-type":"","overlay-color":"","overlay-opacity":"","overlay-gradient":""},"tablet":{"background-color":"","background-image":"","background-repeat":"repeat","background-position":"center center","background-size":"auto","background-attachment":"scroll","background-type":"","background-media":"","overlay-type":"","overlay-color":"","overlay-opacity":"","overlay-gradient":""},"mobile":{"background-color":"","background-image":"","background-repeat":"repeat","background-position":"center center","background-size":"auto","background-attachment":"scroll","background-type":"","background-media":"","overlay-type":"","overlay-color":"","overlay-opacity":"","overlay-gradient":""}},"ast-content-background-meta":{"desktop":{"background-color":"var(--ast-global-color-5)","background-image":"","background-repeat":"repeat","background-position":"center center","background-size":"auto","background-attachment":"scroll","background-type":"","background-media":"","overlay-type":"","overlay-color":"","overlay-opacity":"","overlay-gradient":""},"tablet":{"background-color":"var(--ast-global-color-5)","background-image":"","background-repeat":"repeat","background-position":"center center","background-size":"auto","background-attachment":"scroll","background-type":"","background-media":"","overlay-type":"","overlay-color":"","overlay-opacity":"","overlay-gradient":""},"mobile":{"background-color":"var(--ast-global-color-5)","background-image":"","background-repeat":"repeat","background-position":"center center","background-size":"auto","background-attachment":"scroll","background-type":"","background-media":"","overlay-type":"","overlay-color":"","overlay-opacity":"","overlay-gradient":""}},"footnotes":""},"categories":[8,29],"tags":[],"class_list":["post-2806","post","type-post","status-publish","format-standard","hentry","category-batxillerat","category-portada"],"post_mailing_queue_ids":[],"_links":{"self":[{"href":"https:\/\/agora.xtec.cat\/iesvila-seca\/wp-json\/wp\/v2\/posts\/2806","targetHints":{"allow":["GET"]}}],"collection":[{"href":"https:\/\/agora.xtec.cat\/iesvila-seca\/wp-json\/wp\/v2\/posts"}],"about":[{"href":"https:\/\/agora.xtec.cat\/iesvila-seca\/wp-json\/wp\/v2\/types\/post"}],"author":[{"embeddable":true,"href":"https:\/\/agora.xtec.cat\/iesvila-seca\/wp-json\/wp\/v2\/users\/1"}],"replies":[{"embeddable":true,"href":"https:\/\/agora.xtec.cat\/iesvila-seca\/wp-json\/wp\/v2\/comments?post=2806"}],"version-history":[{"count":1,"href":"https:\/\/agora.xtec.cat\/iesvila-seca\/wp-json\/wp\/v2\/posts\/2806\/revisions"}],"predecessor-version":[{"id":2807,"href":"https:\/\/agora.xtec.cat\/iesvila-seca\/wp-json\/wp\/v2\/posts\/2806\/revisions\/2807"}],"wp:attachment":[{"href":"https:\/\/agora.xtec.cat\/iesvila-seca\/wp-json\/wp\/v2\/media?parent=2806"}],"wp:term":[{"taxonomy":"category","embeddable":true,"href":"https:\/\/agora.xtec.cat\/iesvila-seca\/wp-json\/wp\/v2\/categories?post=2806"},{"taxonomy":"post_tag","embeddable":true,"href":"https:\/\/agora.xtec.cat\/iesvila-seca\/wp-json\/wp\/v2\/tags?post=2806"}],"curies":[{"name":"wp","href":"https:\/\/api.w.org\/{rel}","templated":true}]}}