{"id":2255,"date":"2017-05-25T16:28:27","date_gmt":"2017-05-25T14:28:27","guid":{"rendered":"http:\/\/agora.xtec.cat\/iesvila-seca\/?p=2255"},"modified":"2017-05-25T16:51:24","modified_gmt":"2017-05-25T14:51:24","slug":"instal%c2%b7lacio-de-caixes-nius-a-la-torre-den-dolca-2","status":"publish","type":"post","link":"https:\/\/agora.xtec.cat\/iesvila-seca\/general\/instal%c2%b7lacio-de-caixes-nius-a-la-torre-den-dolca-2\/","title":{"rendered":"Instal\u00b7laci\u00f3 de caixes nius a la Torre d\u2019en Dol\u00e7a"},"content":{"rendered":"<p style=\"text-align: justify;\">Els dies 3 i 17 de maig vam instal\u00b7lar 46 caixes nius a la Torre d\u2019en Dol\u00e7a amb els alumnes de l&#8217;assignatura d&#8217;optativa de Medi Ambient de 2n, i en la que participen els alumnes de 2n A (Cr\u00edstian i Alejandro P.), de 2n B (Miguel G., Alejandro G., Diego, Adri\u00e0, Kevin, Pau, Toni i Miguel V.), de 2n C (David, Alejandro G., Bernardo, Den\u00eds i Bruno) i de 2n D (Iana, Daniel,\u00a0 Kevin i Naiara). Tamb\u00e9 hi van assistir els alumnes de 3r C (Gladis), de 4t A (H\u00e9ctor) i de 4t B (C\u00e9sar).<\/p>\n<p style=\"text-align: justify;\">Acompanyats pels professors German, Judith i Xema vam instal\u00b7lar 46 caixes nius entre els dos dies i vam recollir vuit caixes nius que estaven deteriorades i que repar\u00e0rem. Vam tornar amb la gratificaci\u00f3 de trobar nius en 4 caixes de les 10 que vam revisar. Aquesta trobada ens permet assegurar que anem pel bon cam\u00ed.<\/p>\n<p style=\"text-align: justify;\">La Torre d\u2019en Dol\u00e7a \u00e9s un indret en el que s\u2019hi aturen moltes aus de pas degut als dos espais humits dels que disposa: les llacunes de depuraci\u00f3 natural de les aig\u00fces residuals de Port Aventura i les llacunes de nidificaci\u00f3 de les aus envoltades per l\u2019hip\u00f2drom.<\/p>\n<p style=\"text-align: justify;\">Des d\u2019aqu\u00ed volem donar les gr\u00e0cies a la regidoria de Serveis al Territori i Ensenyament,\u00a0i als seus t\u00e8cnics per autoritzar i facilitar-nos la realitzaci\u00f3 de l\u2019activitat, aix\u00ed com als membres de la brigada municipal que ens hem trobat ambd\u00f3s dies i que tamb\u00e9 ens han facilitat la nostra tasca.<\/p>\n<p>Xema Campos. Coordinador Escoles Verdes<\/p>\n","protected":false},"excerpt":{"rendered":"<p>Els dies 3 i 17 de maig vam instal\u00b7lar 46 caixes nius a la Torre d\u2019en Dol\u00e7a amb els alumnes de l&#8217;assignatura d&#8217;optativa de Medi Ambient de 2n, i en la que participen els alumnes de 2n A (Cr\u00edstian i Alejandro P.), de 2n B (Miguel G., Alejandro G., Diego, Adri\u00e0, Kevin, Pau, Toni i [&hellip;]<\/p>\n","protected":false},"author":1,"featured_media":0,"comment_status":"closed","ping_status":"closed","sticky":false,"template":"","format":"standard","meta":{"_bbp_topic_count":0,"_bbp_reply_count":0,"_bbp_total_topic_count":0,"_bbp_total_reply_count":0,"_bbp_voice_count":0,"_bbp_anonymous_reply_count":0,"_bbp_topic_count_hidden":0,"_bbp_reply_count_hidden":0,"_bbp_forum_subforum_count":0,"site-sidebar-layout":"default","site-content-layout":"","ast-site-content-layout":"","site-content-style":"default","site-sidebar-style":"default","ast-global-header-display":"","ast-banner-title-visibility":"","ast-main-header-display":"","ast-hfb-above-header-display":"","ast-hfb-below-header-display":"","ast-hfb-mobile-header-display":"","site-post-title":"","ast-breadcrumbs-content":"","ast-featured-img":"","footer-sml-layout":"","theme-transparent-header-meta":"","adv-header-id-meta":"","stick-header-meta":"","header-above-stick-meta":"","header-main-stick-meta":"","header-below-stick-meta":"","astra-migrate-meta-layouts":"default","ast-page-background-enabled":"default","ast-page-background-meta":{"desktop":{"background-color":"var(--ast-global-color-4)","background-image":"","background-repeat":"repeat","background-position":"center center","background-size":"auto","background-attachment":"scroll","background-type":"","background-media":"","overlay-type":"","overlay-color":"","overlay-opacity":"","overlay-gradient":""},"tablet":{"background-color":"","background-image":"","background-repeat":"repeat","background-position":"center center","background-size":"auto","background-attachment":"scroll","background-type":"","background-media":"","overlay-type":"","overlay-color":"","overlay-opacity":"","overlay-gradient":""},"mobile":{"background-color":"","background-image":"","background-repeat":"repeat","background-position":"center center","background-size":"auto","background-attachment":"scroll","background-type":"","background-media":"","overlay-type":"","overlay-color":"","overlay-opacity":"","overlay-gradient":""}},"ast-content-background-meta":{"desktop":{"background-color":"var(--ast-global-color-5)","background-image":"","background-repeat":"repeat","background-position":"center center","background-size":"auto","background-attachment":"scroll","background-type":"","background-media":"","overlay-type":"","overlay-color":"","overlay-opacity":"","overlay-gradient":""},"tablet":{"background-color":"var(--ast-global-color-5)","background-image":"","background-repeat":"repeat","background-position":"center center","background-size":"auto","background-attachment":"scroll","background-type":"","background-media":"","overlay-type":"","overlay-color":"","overlay-opacity":"","overlay-gradient":""},"mobile":{"background-color":"var(--ast-global-color-5)","background-image":"","background-repeat":"repeat","background-position":"center center","background-size":"auto","background-attachment":"scroll","background-type":"","background-media":"","overlay-type":"","overlay-color":"","overlay-opacity":"","overlay-gradient":""}},"footnotes":""},"categories":[5,6,1,29],"tags":[],"class_list":["post-2255","post","type-post","status-publish","format-standard","hentry","category-eso-2","category-eso-3","category-general","category-portada"],"post_mailing_queue_ids":[],"_links":{"self":[{"href":"https:\/\/agora.xtec.cat\/iesvila-seca\/wp-json\/wp\/v2\/posts\/2255","targetHints":{"allow":["GET"]}}],"collection":[{"href":"https:\/\/agora.xtec.cat\/iesvila-seca\/wp-json\/wp\/v2\/posts"}],"about":[{"href":"https:\/\/agora.xtec.cat\/iesvila-seca\/wp-json\/wp\/v2\/types\/post"}],"author":[{"embeddable":true,"href":"https:\/\/agora.xtec.cat\/iesvila-seca\/wp-json\/wp\/v2\/users\/1"}],"replies":[{"embeddable":true,"href":"https:\/\/agora.xtec.cat\/iesvila-seca\/wp-json\/wp\/v2\/comments?post=2255"}],"version-history":[{"count":1,"href":"https:\/\/agora.xtec.cat\/iesvila-seca\/wp-json\/wp\/v2\/posts\/2255\/revisions"}],"predecessor-version":[{"id":2256,"href":"https:\/\/agora.xtec.cat\/iesvila-seca\/wp-json\/wp\/v2\/posts\/2255\/revisions\/2256"}],"wp:attachment":[{"href":"https:\/\/agora.xtec.cat\/iesvila-seca\/wp-json\/wp\/v2\/media?parent=2255"}],"wp:term":[{"taxonomy":"category","embeddable":true,"href":"https:\/\/agora.xtec.cat\/iesvila-seca\/wp-json\/wp\/v2\/categories?post=2255"},{"taxonomy":"post_tag","embeddable":true,"href":"https:\/\/agora.xtec.cat\/iesvila-seca\/wp-json\/wp\/v2\/tags?post=2255"}],"curies":[{"name":"wp","href":"https:\/\/api.w.org\/{rel}","templated":true}]}}