{"id":2179,"date":"2017-05-04T14:20:12","date_gmt":"2017-05-04T12:20:12","guid":{"rendered":"http:\/\/agora.xtec.cat\/iesvila-seca\/?p=2179"},"modified":"2017-05-04T14:25:56","modified_gmt":"2017-05-04T12:25:56","slug":"laura-cruz-i-alba-lopez-a-esbarjomusic","status":"publish","type":"post","link":"https:\/\/agora.xtec.cat\/iesvila-seca\/general\/laura-cruz-i-alba-lopez-a-esbarjomusic\/","title":{"rendered":"Laura Cruz i Alba L\u00f2pez a Esbarjom\u00fasic"},"content":{"rendered":"<p style=\"text-align: justify;\">Les companyes Laura Cruz i Alba L\u00f2pez de segon d\u2019ESO B, van estar a Esbarjom\u00fasic interpretant can\u00e7ons de: Imagine Dragons, que \u00e9s un quartet de rock dels Estats Units, que es va formar el 2008. El nom del grup \u00e9s un anagrama. La paraula de la qual prov\u00e9 el nom nom\u00e9s la coneixen els membres de la banda. Despr\u00e9s de guanyar diverses competicions, la banda va entrar a l&#8217;estudi per primer cop el 2011.Van llan\u00e7ar dos EPs titulats Imagine Dragons EP i Hell and Silence EP el 2010, els dos gravats a Battle Born Studios i un altre EP, It&#8217;s Time publicat abans de firmar amb la discogr\u00e0fica.<\/p>\n<p style=\"text-align: justify;\">Y tamb\u00e9 de Madilyn Bailey que \u00e9s una cantant i compositora nord-americana. Ella ha llan\u00e7at diversos \u00e0lbums que contenen versions de can\u00e7ons i un EP de material original titulat Wiser, publicat al juliol de 2016. El 2015, la seva interpretaci\u00f3 de la can\u00e7\u00f3 &#8220;Titanium&#8221; de David Guetta,va guanyar airplay en r\u00e0dio de la Verge a Fran\u00e7a. La can\u00e7\u00f3 va arribar a Fran\u00e7a i B\u00e8lgica, igual que el seguiment, una versi\u00f3 d&#8217;Imagine Dragons &#8220;radioactiu&#8221;. A l&#8217;octubre de 2015, Bailey va llan\u00e7ar un \u00e0lbum de covers a Fran\u00e7a, titulat Muse caixa, amb el suport de l&#8217;\u00fanica gesta &#8220;groller&#8221;. Flula. Un quart senzill, un cover de Cher de &#8220;Believe&#8221; va apar\u00e8ixer a principis de 2016.<\/p>\n<div><\/div>\n<div>Rub\u00e9n Cerisuelo, Coordinador de R\u00e0dio Pati<\/div>\n","protected":false},"excerpt":{"rendered":"<p>Les companyes Laura Cruz i Alba L\u00f2pez de segon d\u2019ESO B, van estar a Esbarjom\u00fasic interpretant can\u00e7ons de: Imagine Dragons, que \u00e9s un quartet de rock dels Estats Units, que es va formar el 2008. El nom del grup \u00e9s un anagrama. La paraula de la qual prov\u00e9 el nom nom\u00e9s la coneixen els membres [&hellip;]<\/p>\n","protected":false},"author":1,"featured_media":0,"comment_status":"closed","ping_status":"open","sticky":false,"template":"","format":"standard","meta":{"_bbp_topic_count":0,"_bbp_reply_count":0,"_bbp_total_topic_count":0,"_bbp_total_reply_count":0,"_bbp_voice_count":0,"_bbp_anonymous_reply_count":0,"_bbp_topic_count_hidden":0,"_bbp_reply_count_hidden":0,"_bbp_forum_subforum_count":0,"site-sidebar-layout":"default","site-content-layout":"","ast-site-content-layout":"","site-content-style":"default","site-sidebar-style":"default","ast-global-header-display":"","ast-banner-title-visibility":"","ast-main-header-display":"","ast-hfb-above-header-display":"","ast-hfb-below-header-display":"","ast-hfb-mobile-header-display":"","site-post-title":"","ast-breadcrumbs-content":"","ast-featured-img":"","footer-sml-layout":"","theme-transparent-header-meta":"","adv-header-id-meta":"","stick-header-meta":"","header-above-stick-meta":"","header-main-stick-meta":"","header-below-stick-meta":"","astra-migrate-meta-layouts":"default","ast-page-background-enabled":"default","ast-page-background-meta":{"desktop":{"background-color":"var(--ast-global-color-4)","background-image":"","background-repeat":"repeat","background-position":"center center","background-size":"auto","background-attachment":"scroll","background-type":"","background-media":"","overlay-type":"","overlay-color":"","overlay-opacity":"","overlay-gradient":""},"tablet":{"background-color":"","background-image":"","background-repeat":"repeat","background-position":"center center","background-size":"auto","background-attachment":"scroll","background-type":"","background-media":"","overlay-type":"","overlay-color":"","overlay-opacity":"","overlay-gradient":""},"mobile":{"background-color":"","background-image":"","background-repeat":"repeat","background-position":"center center","background-size":"auto","background-attachment":"scroll","background-type":"","background-media":"","overlay-type":"","overlay-color":"","overlay-opacity":"","overlay-gradient":""}},"ast-content-background-meta":{"desktop":{"background-color":"var(--ast-global-color-5)","background-image":"","background-repeat":"repeat","background-position":"center center","background-size":"auto","background-attachment":"scroll","background-type":"","background-media":"","overlay-type":"","overlay-color":"","overlay-opacity":"","overlay-gradient":""},"tablet":{"background-color":"var(--ast-global-color-5)","background-image":"","background-repeat":"repeat","background-position":"center center","background-size":"auto","background-attachment":"scroll","background-type":"","background-media":"","overlay-type":"","overlay-color":"","overlay-opacity":"","overlay-gradient":""},"mobile":{"background-color":"var(--ast-global-color-5)","background-image":"","background-repeat":"repeat","background-position":"center center","background-size":"auto","background-attachment":"scroll","background-type":"","background-media":"","overlay-type":"","overlay-color":"","overlay-opacity":"","overlay-gradient":""}},"footnotes":""},"categories":[5,1,29],"tags":[],"class_list":["post-2179","post","type-post","status-publish","format-standard","hentry","category-eso-2","category-general","category-portada"],"post_mailing_queue_ids":[],"_links":{"self":[{"href":"https:\/\/agora.xtec.cat\/iesvila-seca\/wp-json\/wp\/v2\/posts\/2179","targetHints":{"allow":["GET"]}}],"collection":[{"href":"https:\/\/agora.xtec.cat\/iesvila-seca\/wp-json\/wp\/v2\/posts"}],"about":[{"href":"https:\/\/agora.xtec.cat\/iesvila-seca\/wp-json\/wp\/v2\/types\/post"}],"author":[{"embeddable":true,"href":"https:\/\/agora.xtec.cat\/iesvila-seca\/wp-json\/wp\/v2\/users\/1"}],"replies":[{"embeddable":true,"href":"https:\/\/agora.xtec.cat\/iesvila-seca\/wp-json\/wp\/v2\/comments?post=2179"}],"version-history":[{"count":1,"href":"https:\/\/agora.xtec.cat\/iesvila-seca\/wp-json\/wp\/v2\/posts\/2179\/revisions"}],"predecessor-version":[{"id":2180,"href":"https:\/\/agora.xtec.cat\/iesvila-seca\/wp-json\/wp\/v2\/posts\/2179\/revisions\/2180"}],"wp:attachment":[{"href":"https:\/\/agora.xtec.cat\/iesvila-seca\/wp-json\/wp\/v2\/media?parent=2179"}],"wp:term":[{"taxonomy":"category","embeddable":true,"href":"https:\/\/agora.xtec.cat\/iesvila-seca\/wp-json\/wp\/v2\/categories?post=2179"},{"taxonomy":"post_tag","embeddable":true,"href":"https:\/\/agora.xtec.cat\/iesvila-seca\/wp-json\/wp\/v2\/tags?post=2179"}],"curies":[{"name":"wp","href":"https:\/\/api.w.org\/{rel}","templated":true}]}}