{"id":1831,"date":"2017-02-21T10:37:44","date_gmt":"2017-02-21T09:37:44","guid":{"rendered":"http:\/\/agora.xtec.cat\/iesvila-seca\/?p=1831"},"modified":"2017-02-21T16:39:29","modified_gmt":"2017-02-21T15:39:29","slug":"visita-a-gava-2","status":"publish","type":"post","link":"https:\/\/agora.xtec.cat\/iesvila-seca\/eso\/eso-1\/visita-a-gava-2\/","title":{"rendered":"VISITA A GAV\u00c0"},"content":{"rendered":"<div style=\"text-align: justify;\"><\/div>\n<p style=\"text-align: justify;\">Aquest curs des del departament de Ci\u00e8ncies Socials es va organitzar una sortida amb alumnes de primer d\u2019ESO per visitar les coves prehist\u00f2riques de Can Tintorer, a Gav\u00e0. Es tracta d\u2019unes mines que tenen uns sis mil anys d\u2019antiguitat.<\/p>\n<p style=\"text-align: justify;\">Els homes del Neol\u00edtic buscaven la variscita un mineral de color verd amb el qual feien collarets, bra\u00e7alets i penjolls ben bonics. A les mines els arque\u00f2legs han trobat tot tipus de restes: eines com podien ser pics, cisells i percussors que utilitzaven els miners, restes del que menjaven i, fins i tot, restes d\u2019esquelets humans, ja que les galeries que s\u2019anaven abandonant eren utilitzades com a enterraments.<\/p>\n<p style=\"text-align: justify;\">Els nostres alumnes van assistir a un taller de joieria prehist\u00f2rica on van fabricar el seu propi penjoll tal i com ho feien els homes del Neol\u00edtic. Tamb\u00e9 van gaudir entrant a les galeries de la mina i escoltant les explicacions dels monitors.<\/p>\n<p style=\"text-align: justify;\">Com podeu veure a les fotografies, va ser un dia ben distret i profit\u00f3s.<\/p>\n<p style=\"text-align: justify;\">\n<p style=\"text-align: justify;\">Nico Mu\u00f1oz. Departament de C. Socials.<\/p>\n","protected":false},"excerpt":{"rendered":"<p>Aquest curs des del departament de Ci\u00e8ncies Socials es va organitzar una sortida amb alumnes de primer d\u2019ESO per visitar les coves prehist\u00f2riques de Can Tintorer, a Gav\u00e0. Es tracta d\u2019unes mines que tenen uns sis mil anys d\u2019antiguitat. Els homes del Neol\u00edtic buscaven la variscita un mineral de color verd amb el qual feien [&hellip;]<\/p>\n","protected":false},"author":1,"featured_media":0,"comment_status":"closed","ping_status":"open","sticky":false,"template":"","format":"standard","meta":{"_bbp_topic_count":0,"_bbp_reply_count":0,"_bbp_total_topic_count":0,"_bbp_total_reply_count":0,"_bbp_voice_count":0,"_bbp_anonymous_reply_count":0,"_bbp_topic_count_hidden":0,"_bbp_reply_count_hidden":0,"_bbp_forum_subforum_count":0,"site-sidebar-layout":"default","site-content-layout":"","ast-site-content-layout":"","site-content-style":"default","site-sidebar-style":"default","ast-global-header-display":"","ast-banner-title-visibility":"","ast-main-header-display":"","ast-hfb-above-header-display":"","ast-hfb-below-header-display":"","ast-hfb-mobile-header-display":"","site-post-title":"","ast-breadcrumbs-content":"","ast-featured-img":"","footer-sml-layout":"","theme-transparent-header-meta":"","adv-header-id-meta":"","stick-header-meta":"","header-above-stick-meta":"","header-main-stick-meta":"","header-below-stick-meta":"","astra-migrate-meta-layouts":"default","ast-page-background-enabled":"default","ast-page-background-meta":{"desktop":{"background-color":"var(--ast-global-color-4)","background-image":"","background-repeat":"repeat","background-position":"center center","background-size":"auto","background-attachment":"scroll","background-type":"","background-media":"","overlay-type":"","overlay-color":"","overlay-opacity":"","overlay-gradient":""},"tablet":{"background-color":"","background-image":"","background-repeat":"repeat","background-position":"center center","background-size":"auto","background-attachment":"scroll","background-type":"","background-media":"","overlay-type":"","overlay-color":"","overlay-opacity":"","overlay-gradient":""},"mobile":{"background-color":"","background-image":"","background-repeat":"repeat","background-position":"center center","background-size":"auto","background-attachment":"scroll","background-type":"","background-media":"","overlay-type":"","overlay-color":"","overlay-opacity":"","overlay-gradient":""}},"ast-content-background-meta":{"desktop":{"background-color":"var(--ast-global-color-5)","background-image":"","background-repeat":"repeat","background-position":"center center","background-size":"auto","background-attachment":"scroll","background-type":"","background-media":"","overlay-type":"","overlay-color":"","overlay-opacity":"","overlay-gradient":""},"tablet":{"background-color":"var(--ast-global-color-5)","background-image":"","background-repeat":"repeat","background-position":"center center","background-size":"auto","background-attachment":"scroll","background-type":"","background-media":"","overlay-type":"","overlay-color":"","overlay-opacity":"","overlay-gradient":""},"mobile":{"background-color":"var(--ast-global-color-5)","background-image":"","background-repeat":"repeat","background-position":"center center","background-size":"auto","background-attachment":"scroll","background-type":"","background-media":"","overlay-type":"","overlay-color":"","overlay-opacity":"","overlay-gradient":""}},"footnotes":""},"categories":[4,29],"tags":[],"class_list":["post-1831","post","type-post","status-publish","format-standard","hentry","category-eso-1","category-portada"],"post_mailing_queue_ids":[],"_links":{"self":[{"href":"https:\/\/agora.xtec.cat\/iesvila-seca\/wp-json\/wp\/v2\/posts\/1831","targetHints":{"allow":["GET"]}}],"collection":[{"href":"https:\/\/agora.xtec.cat\/iesvila-seca\/wp-json\/wp\/v2\/posts"}],"about":[{"href":"https:\/\/agora.xtec.cat\/iesvila-seca\/wp-json\/wp\/v2\/types\/post"}],"author":[{"embeddable":true,"href":"https:\/\/agora.xtec.cat\/iesvila-seca\/wp-json\/wp\/v2\/users\/1"}],"replies":[{"embeddable":true,"href":"https:\/\/agora.xtec.cat\/iesvila-seca\/wp-json\/wp\/v2\/comments?post=1831"}],"version-history":[{"count":2,"href":"https:\/\/agora.xtec.cat\/iesvila-seca\/wp-json\/wp\/v2\/posts\/1831\/revisions"}],"predecessor-version":[{"id":1833,"href":"https:\/\/agora.xtec.cat\/iesvila-seca\/wp-json\/wp\/v2\/posts\/1831\/revisions\/1833"}],"wp:attachment":[{"href":"https:\/\/agora.xtec.cat\/iesvila-seca\/wp-json\/wp\/v2\/media?parent=1831"}],"wp:term":[{"taxonomy":"category","embeddable":true,"href":"https:\/\/agora.xtec.cat\/iesvila-seca\/wp-json\/wp\/v2\/categories?post=1831"},{"taxonomy":"post_tag","embeddable":true,"href":"https:\/\/agora.xtec.cat\/iesvila-seca\/wp-json\/wp\/v2\/tags?post=1831"}],"curies":[{"name":"wp","href":"https:\/\/api.w.org\/{rel}","templated":true}]}}