{"id":1764,"date":"2017-02-03T16:55:34","date_gmt":"2017-02-03T15:55:34","guid":{"rendered":"http:\/\/agora.xtec.cat\/iesvila-seca\/?p=1764"},"modified":"2017-02-07T12:24:50","modified_gmt":"2017-02-07T11:24:50","slug":"tercers-classificats-a-la-copa-cangur-de-matematiques-2","status":"publish","type":"post","link":"https:\/\/agora.xtec.cat\/iesvila-seca\/general\/tercers-classificats-a-la-copa-cangur-de-matematiques-2\/","title":{"rendered":"Tercers classificats  a la Copa Cangur de matem\u00e0tiques"},"content":{"rendered":"<div>\n<p>&nbsp;<\/p>\n<p style=\"text-align: justify;\">El dijous 26 de gener es va celebrar a l&#8217;institut Fontanelles de les Borges la quarta edici\u00f3 de la Copa Cangur. Hi van participar uns 20 instituts del camp de Tarragona. \u00c9s un concurs on els alumnes resolen\u00a0problemes matem\u00e0tics d\u2019alta complexitat en equip. Est\u00e0 dirigit a alumnes de segon i tercer d\u2019ESO. Ens vam emportar una bona collita ja que vam quedar en tercer lloc. Durant bona part del concurs\u00a0els nostres alumnes van estar al capdavant. El coordinador, Javier del R\u00edo, est\u00e0 satisfet de la bona sintonia entre els alumnes perqu\u00e8 el treball d\u2019equip ha funcionat molt b\u00e9, i tamb\u00e9 de la bona resposta dels joves en\u00a0la preparaci\u00f3 del concurs que s\u2019ha realitzat des de novembre en horari extraescolar.<\/p>\n<p style=\"text-align: justify;\">Felicitats als nostres alumnes guanyadors i tamb\u00e9 a tots els professors que han fet possible aquest\u00a0\u00e8xit per l\u2019esfor\u00e7 extra i la il\u00b7lusi\u00f3 que hi han posat.<\/p>\n<p>&nbsp;<\/p>\n<p>Mosquis. Redacci\u00f3.<\/p>\n<\/div>\n","protected":false},"excerpt":{"rendered":"<p>&nbsp; El dijous 26 de gener es va celebrar a l&#8217;institut Fontanelles de les Borges la quarta edici\u00f3 de la Copa Cangur. Hi van participar uns 20 instituts del camp de Tarragona. \u00c9s un concurs on els alumnes resolen\u00a0problemes matem\u00e0tics d\u2019alta complexitat en equip. Est\u00e0 dirigit a alumnes de segon i tercer d\u2019ESO. Ens vam [&hellip;]<\/p>\n","protected":false},"author":1,"featured_media":0,"comment_status":"open","ping_status":"open","sticky":false,"template":"","format":"standard","meta":{"_bbp_topic_count":0,"_bbp_reply_count":0,"_bbp_total_topic_count":0,"_bbp_total_reply_count":0,"_bbp_voice_count":0,"_bbp_anonymous_reply_count":0,"_bbp_topic_count_hidden":0,"_bbp_reply_count_hidden":0,"_bbp_forum_subforum_count":0,"site-sidebar-layout":"default","site-content-layout":"","ast-site-content-layout":"","site-content-style":"default","site-sidebar-style":"default","ast-global-header-display":"","ast-banner-title-visibility":"","ast-main-header-display":"","ast-hfb-above-header-display":"","ast-hfb-below-header-display":"","ast-hfb-mobile-header-display":"","site-post-title":"","ast-breadcrumbs-content":"","ast-featured-img":"","footer-sml-layout":"","theme-transparent-header-meta":"","adv-header-id-meta":"","stick-header-meta":"","header-above-stick-meta":"","header-main-stick-meta":"","header-below-stick-meta":"","astra-migrate-meta-layouts":"default","ast-page-background-enabled":"default","ast-page-background-meta":{"desktop":{"background-color":"var(--ast-global-color-4)","background-image":"","background-repeat":"repeat","background-position":"center center","background-size":"auto","background-attachment":"scroll","background-type":"","background-media":"","overlay-type":"","overlay-color":"","overlay-opacity":"","overlay-gradient":""},"tablet":{"background-color":"","background-image":"","background-repeat":"repeat","background-position":"center center","background-size":"auto","background-attachment":"scroll","background-type":"","background-media":"","overlay-type":"","overlay-color":"","overlay-opacity":"","overlay-gradient":""},"mobile":{"background-color":"","background-image":"","background-repeat":"repeat","background-position":"center center","background-size":"auto","background-attachment":"scroll","background-type":"","background-media":"","overlay-type":"","overlay-color":"","overlay-opacity":"","overlay-gradient":""}},"ast-content-background-meta":{"desktop":{"background-color":"var(--ast-global-color-5)","background-image":"","background-repeat":"repeat","background-position":"center center","background-size":"auto","background-attachment":"scroll","background-type":"","background-media":"","overlay-type":"","overlay-color":"","overlay-opacity":"","overlay-gradient":""},"tablet":{"background-color":"var(--ast-global-color-5)","background-image":"","background-repeat":"repeat","background-position":"center center","background-size":"auto","background-attachment":"scroll","background-type":"","background-media":"","overlay-type":"","overlay-color":"","overlay-opacity":"","overlay-gradient":""},"mobile":{"background-color":"var(--ast-global-color-5)","background-image":"","background-repeat":"repeat","background-position":"center center","background-size":"auto","background-attachment":"scroll","background-type":"","background-media":"","overlay-type":"","overlay-color":"","overlay-opacity":"","overlay-gradient":""}},"footnotes":""},"categories":[6,7,1,29],"tags":[],"class_list":["post-1764","post","type-post","status-publish","format-standard","hentry","category-eso-3","category-eso-4","category-general","category-portada"],"post_mailing_queue_ids":[],"_links":{"self":[{"href":"https:\/\/agora.xtec.cat\/iesvila-seca\/wp-json\/wp\/v2\/posts\/1764","targetHints":{"allow":["GET"]}}],"collection":[{"href":"https:\/\/agora.xtec.cat\/iesvila-seca\/wp-json\/wp\/v2\/posts"}],"about":[{"href":"https:\/\/agora.xtec.cat\/iesvila-seca\/wp-json\/wp\/v2\/types\/post"}],"author":[{"embeddable":true,"href":"https:\/\/agora.xtec.cat\/iesvila-seca\/wp-json\/wp\/v2\/users\/1"}],"replies":[{"embeddable":true,"href":"https:\/\/agora.xtec.cat\/iesvila-seca\/wp-json\/wp\/v2\/comments?post=1764"}],"version-history":[{"count":2,"href":"https:\/\/agora.xtec.cat\/iesvila-seca\/wp-json\/wp\/v2\/posts\/1764\/revisions"}],"predecessor-version":[{"id":1774,"href":"https:\/\/agora.xtec.cat\/iesvila-seca\/wp-json\/wp\/v2\/posts\/1764\/revisions\/1774"}],"wp:attachment":[{"href":"https:\/\/agora.xtec.cat\/iesvila-seca\/wp-json\/wp\/v2\/media?parent=1764"}],"wp:term":[{"taxonomy":"category","embeddable":true,"href":"https:\/\/agora.xtec.cat\/iesvila-seca\/wp-json\/wp\/v2\/categories?post=1764"},{"taxonomy":"post_tag","embeddable":true,"href":"https:\/\/agora.xtec.cat\/iesvila-seca\/wp-json\/wp\/v2\/tags?post=1764"}],"curies":[{"name":"wp","href":"https:\/\/api.w.org\/{rel}","templated":true}]}}