{"id":1751,"date":"2017-02-03T16:45:51","date_gmt":"2017-02-03T15:45:51","guid":{"rendered":"http:\/\/agora.xtec.cat\/iesvila-seca\/?p=1751"},"modified":"2017-02-07T12:25:31","modified_gmt":"2017-02-07T11:25:31","slug":"visites-descolars-a-la-nostra-instal%c2%b7lacio-nadalenca-2","status":"publish","type":"post","link":"https:\/\/agora.xtec.cat\/iesvila-seca\/portada\/visites-descolars-a-la-nostra-instal%c2%b7lacio-nadalenca-2\/","title":{"rendered":"Visites d&#8217;escolars a la nostra instal\u00b7laci\u00f3 nadalenca."},"content":{"rendered":"<div id=\":13l\" class=\"ii gt adP adO\">\n<div id=\":ys\" class=\"a3s aXjCH m159fef0223e9fb60\">\n<div>\n<div>\n<p>&nbsp;<\/p>\n<p style=\"text-align: justify;\">Com cada any s&#8217;han desenvolupat les visites a la nostra instal\u00b7laci\u00f3 de l&#8217;entrada de l&#8217;institut. Tots els cursos han dedicat una mitja hora a con\u00e8ixer el muntatge realitzat que aquest any tenia com a tema central la natura. Ens hem inspirat en dos projectes emblem\u00e0tics del nostre institut: les escoles verdes i la cristal\u00b7litzaci\u00f3.<\/p>\n<p style=\"text-align: justify;\">Alumnes de les escoles de prim\u00e0ria tamb\u00e9 s&#8217;acosten per gaudir amb el muntatge audiovisual. Se&#8217;ls explica el significat, les persones que hi han col\u00b7laborat i tot seguit passen a veure la projecci\u00f3. \u00c9s, doncs, una forma m\u00e9s per refor\u00e7ar els lla\u00e7os entre prim\u00e0ria i secund\u00e0ria. A l&#8217;institut li queda la satisfacci\u00f3 de la feina ben feta i l&#8217;aprofitament did\u00e0ctic. Com diu el t\u00f2pic: ja hem comen\u00e7at a treballar en el Nadal que ve.<\/p>\n<p>&nbsp;<\/p>\n<p>Mosquis, redacci\u00f3<\/p>\n<div class=\"yj6qo\"><\/div>\n<\/div>\n<\/div>\n<\/div>\n<\/div>\n<div id=\":un\" class=\"hq gt a10\"><\/div>\n","protected":false},"excerpt":{"rendered":"<p>&nbsp; Com cada any s&#8217;han desenvolupat les visites a la nostra instal\u00b7laci\u00f3 de l&#8217;entrada de l&#8217;institut. Tots els cursos han dedicat una mitja hora a con\u00e8ixer el muntatge realitzat que aquest any tenia com a tema central la natura. Ens hem inspirat en dos projectes emblem\u00e0tics del nostre institut: les escoles verdes i la cristal\u00b7litzaci\u00f3. [&hellip;]<\/p>\n","protected":false},"author":1,"featured_media":0,"comment_status":"open","ping_status":"open","sticky":false,"template":"","format":"standard","meta":{"_bbp_topic_count":0,"_bbp_reply_count":0,"_bbp_total_topic_count":0,"_bbp_total_reply_count":0,"_bbp_voice_count":0,"_bbp_anonymous_reply_count":0,"_bbp_topic_count_hidden":0,"_bbp_reply_count_hidden":0,"_bbp_forum_subforum_count":0,"site-sidebar-layout":"default","site-content-layout":"","ast-site-content-layout":"","site-content-style":"default","site-sidebar-style":"default","ast-global-header-display":"","ast-banner-title-visibility":"","ast-main-header-display":"","ast-hfb-above-header-display":"","ast-hfb-below-header-display":"","ast-hfb-mobile-header-display":"","site-post-title":"","ast-breadcrumbs-content":"","ast-featured-img":"","footer-sml-layout":"","theme-transparent-header-meta":"","adv-header-id-meta":"","stick-header-meta":"","header-above-stick-meta":"","header-main-stick-meta":"","header-below-stick-meta":"","astra-migrate-meta-layouts":"default","ast-page-background-enabled":"default","ast-page-background-meta":{"desktop":{"background-color":"var(--ast-global-color-4)","background-image":"","background-repeat":"repeat","background-position":"center center","background-size":"auto","background-attachment":"scroll","background-type":"","background-media":"","overlay-type":"","overlay-color":"","overlay-opacity":"","overlay-gradient":""},"tablet":{"background-color":"","background-image":"","background-repeat":"repeat","background-position":"center center","background-size":"auto","background-attachment":"scroll","background-type":"","background-media":"","overlay-type":"","overlay-color":"","overlay-opacity":"","overlay-gradient":""},"mobile":{"background-color":"","background-image":"","background-repeat":"repeat","background-position":"center center","background-size":"auto","background-attachment":"scroll","background-type":"","background-media":"","overlay-type":"","overlay-color":"","overlay-opacity":"","overlay-gradient":""}},"ast-content-background-meta":{"desktop":{"background-color":"var(--ast-global-color-5)","background-image":"","background-repeat":"repeat","background-position":"center center","background-size":"auto","background-attachment":"scroll","background-type":"","background-media":"","overlay-type":"","overlay-color":"","overlay-opacity":"","overlay-gradient":""},"tablet":{"background-color":"var(--ast-global-color-5)","background-image":"","background-repeat":"repeat","background-position":"center center","background-size":"auto","background-attachment":"scroll","background-type":"","background-media":"","overlay-type":"","overlay-color":"","overlay-opacity":"","overlay-gradient":""},"mobile":{"background-color":"var(--ast-global-color-5)","background-image":"","background-repeat":"repeat","background-position":"center center","background-size":"auto","background-attachment":"scroll","background-type":"","background-media":"","overlay-type":"","overlay-color":"","overlay-opacity":"","overlay-gradient":""}},"footnotes":""},"categories":[29],"tags":[],"class_list":["post-1751","post","type-post","status-publish","format-standard","hentry","category-portada"],"post_mailing_queue_ids":[],"_links":{"self":[{"href":"https:\/\/agora.xtec.cat\/iesvila-seca\/wp-json\/wp\/v2\/posts\/1751","targetHints":{"allow":["GET"]}}],"collection":[{"href":"https:\/\/agora.xtec.cat\/iesvila-seca\/wp-json\/wp\/v2\/posts"}],"about":[{"href":"https:\/\/agora.xtec.cat\/iesvila-seca\/wp-json\/wp\/v2\/types\/post"}],"author":[{"embeddable":true,"href":"https:\/\/agora.xtec.cat\/iesvila-seca\/wp-json\/wp\/v2\/users\/1"}],"replies":[{"embeddable":true,"href":"https:\/\/agora.xtec.cat\/iesvila-seca\/wp-json\/wp\/v2\/comments?post=1751"}],"version-history":[{"count":2,"href":"https:\/\/agora.xtec.cat\/iesvila-seca\/wp-json\/wp\/v2\/posts\/1751\/revisions"}],"predecessor-version":[{"id":1775,"href":"https:\/\/agora.xtec.cat\/iesvila-seca\/wp-json\/wp\/v2\/posts\/1751\/revisions\/1775"}],"wp:attachment":[{"href":"https:\/\/agora.xtec.cat\/iesvila-seca\/wp-json\/wp\/v2\/media?parent=1751"}],"wp:term":[{"taxonomy":"category","embeddable":true,"href":"https:\/\/agora.xtec.cat\/iesvila-seca\/wp-json\/wp\/v2\/categories?post=1751"},{"taxonomy":"post_tag","embeddable":true,"href":"https:\/\/agora.xtec.cat\/iesvila-seca\/wp-json\/wp\/v2\/tags?post=1751"}],"curies":[{"name":"wp","href":"https:\/\/api.w.org\/{rel}","templated":true}]}}