{"id":1731,"date":"2017-02-03T16:27:31","date_gmt":"2017-02-03T15:27:31","guid":{"rendered":"http:\/\/agora.xtec.cat\/iesvila-seca\/?p=1731"},"modified":"2017-02-03T16:39:02","modified_gmt":"2017-02-03T15:39:02","slug":"visita-a-la-biblioteca-publica-dels-alumnes-de-2n-deso-2","status":"publish","type":"post","link":"https:\/\/agora.xtec.cat\/iesvila-seca\/portada\/visita-a-la-biblioteca-publica-dels-alumnes-de-2n-deso-2\/","title":{"rendered":"Visita a la biblioteca p\u00fablica dels alumnes de 2n d\u2019ESO"},"content":{"rendered":"<p style=\"text-align: justify;\">De sortides se\u2019n fan moltes, totes elles aporten als alumnes eines i coneixements importants pel seu aprenentatge. La sortida a la biblioteca ha sigut a nivell acad\u00e8mic molt interessant, com moltes d\u2019altres. En canvi, a difer\u00e8ncia de les altres, la seva for\u00e7a la presenta en l\u2019aportaci\u00f3 que fa als alumnes a nivell social, pel seu dia a dia, ja que \u00e9s una activitat d\u2019actualitat, per fer amb la fam\u00edlia, amics i companys de classe.<\/p>\n<p style=\"text-align: justify;\">Les noies que han fet la visita guiada a la biblioteca han mostrat una gran \u00a0paci\u00e8ncia amb els alumnes, han ensenyat la instal\u00b7laci\u00f3 sense estressar-se quan els nens tocaven coses i xerraven en veu alta, han explicat adaptant-se en tot moment al vocabulari i als coneixements dels nens, els han fet activitats relacionades amb les seves motivacions, han conversat amb ells per a con\u00e8ixer les seves inquietuds i \u00a0vendre el seu producte de forma fabulosa.<\/p>\n<p style=\"text-align: justify;\">Crec que \u00e9s una activitat que podria fer-se a primer i recordar-la a tercer, aix\u00ed tindrien fresques les innovacions tecnol\u00f2giques que apareixen any rere any.<\/p>\n<p style=\"text-align: justify;\">Manu Mu\u00f1oz , professor acompanyant.<\/p>\n","protected":false},"excerpt":{"rendered":"<p>De sortides se\u2019n fan moltes, totes elles aporten als alumnes eines i coneixements importants pel seu aprenentatge. La sortida a la biblioteca ha sigut a nivell acad\u00e8mic molt interessant, com moltes d\u2019altres. En canvi, a difer\u00e8ncia de les altres, la seva for\u00e7a la presenta en l\u2019aportaci\u00f3 que fa als alumnes a nivell social, pel seu [&hellip;]<\/p>\n","protected":false},"author":1,"featured_media":0,"comment_status":"open","ping_status":"open","sticky":false,"template":"","format":"standard","meta":{"_bbp_topic_count":0,"_bbp_reply_count":0,"_bbp_total_topic_count":0,"_bbp_total_reply_count":0,"_bbp_voice_count":0,"_bbp_anonymous_reply_count":0,"_bbp_topic_count_hidden":0,"_bbp_reply_count_hidden":0,"_bbp_forum_subforum_count":0,"site-sidebar-layout":"default","site-content-layout":"","ast-site-content-layout":"","site-content-style":"default","site-sidebar-style":"default","ast-global-header-display":"","ast-banner-title-visibility":"","ast-main-header-display":"","ast-hfb-above-header-display":"","ast-hfb-below-header-display":"","ast-hfb-mobile-header-display":"","site-post-title":"","ast-breadcrumbs-content":"","ast-featured-img":"","footer-sml-layout":"","theme-transparent-header-meta":"","adv-header-id-meta":"","stick-header-meta":"","header-above-stick-meta":"","header-main-stick-meta":"","header-below-stick-meta":"","astra-migrate-meta-layouts":"default","ast-page-background-enabled":"default","ast-page-background-meta":{"desktop":{"background-color":"var(--ast-global-color-4)","background-image":"","background-repeat":"repeat","background-position":"center center","background-size":"auto","background-attachment":"scroll","background-type":"","background-media":"","overlay-type":"","overlay-color":"","overlay-opacity":"","overlay-gradient":""},"tablet":{"background-color":"","background-image":"","background-repeat":"repeat","background-position":"center center","background-size":"auto","background-attachment":"scroll","background-type":"","background-media":"","overlay-type":"","overlay-color":"","overlay-opacity":"","overlay-gradient":""},"mobile":{"background-color":"","background-image":"","background-repeat":"repeat","background-position":"center center","background-size":"auto","background-attachment":"scroll","background-type":"","background-media":"","overlay-type":"","overlay-color":"","overlay-opacity":"","overlay-gradient":""}},"ast-content-background-meta":{"desktop":{"background-color":"var(--ast-global-color-5)","background-image":"","background-repeat":"repeat","background-position":"center center","background-size":"auto","background-attachment":"scroll","background-type":"","background-media":"","overlay-type":"","overlay-color":"","overlay-opacity":"","overlay-gradient":""},"tablet":{"background-color":"var(--ast-global-color-5)","background-image":"","background-repeat":"repeat","background-position":"center center","background-size":"auto","background-attachment":"scroll","background-type":"","background-media":"","overlay-type":"","overlay-color":"","overlay-opacity":"","overlay-gradient":""},"mobile":{"background-color":"var(--ast-global-color-5)","background-image":"","background-repeat":"repeat","background-position":"center center","background-size":"auto","background-attachment":"scroll","background-type":"","background-media":"","overlay-type":"","overlay-color":"","overlay-opacity":"","overlay-gradient":""}},"footnotes":""},"categories":[29],"tags":[],"class_list":["post-1731","post","type-post","status-publish","format-standard","hentry","category-portada"],"post_mailing_queue_ids":[],"_links":{"self":[{"href":"https:\/\/agora.xtec.cat\/iesvila-seca\/wp-json\/wp\/v2\/posts\/1731","targetHints":{"allow":["GET"]}}],"collection":[{"href":"https:\/\/agora.xtec.cat\/iesvila-seca\/wp-json\/wp\/v2\/posts"}],"about":[{"href":"https:\/\/agora.xtec.cat\/iesvila-seca\/wp-json\/wp\/v2\/types\/post"}],"author":[{"embeddable":true,"href":"https:\/\/agora.xtec.cat\/iesvila-seca\/wp-json\/wp\/v2\/users\/1"}],"replies":[{"embeddable":true,"href":"https:\/\/agora.xtec.cat\/iesvila-seca\/wp-json\/wp\/v2\/comments?post=1731"}],"version-history":[{"count":2,"href":"https:\/\/agora.xtec.cat\/iesvila-seca\/wp-json\/wp\/v2\/posts\/1731\/revisions"}],"predecessor-version":[{"id":1743,"href":"https:\/\/agora.xtec.cat\/iesvila-seca\/wp-json\/wp\/v2\/posts\/1731\/revisions\/1743"}],"wp:attachment":[{"href":"https:\/\/agora.xtec.cat\/iesvila-seca\/wp-json\/wp\/v2\/media?parent=1731"}],"wp:term":[{"taxonomy":"category","embeddable":true,"href":"https:\/\/agora.xtec.cat\/iesvila-seca\/wp-json\/wp\/v2\/categories?post=1731"},{"taxonomy":"post_tag","embeddable":true,"href":"https:\/\/agora.xtec.cat\/iesvila-seca\/wp-json\/wp\/v2\/tags?post=1731"}],"curies":[{"name":"wp","href":"https:\/\/api.w.org\/{rel}","templated":true}]}}