{"id":1597,"date":"2016-12-19T17:19:47","date_gmt":"2016-12-19T16:19:47","guid":{"rendered":"http:\/\/agora.xtec.cat\/iesvila-seca\/?p=1597"},"modified":"2016-12-27T18:43:01","modified_gmt":"2016-12-27T17:43:01","slug":"xerrades-de-sensibilitzacio-del-comite-oscar-romero-2","status":"publish","type":"post","link":"https:\/\/agora.xtec.cat\/iesvila-seca\/general\/xerrades-de-sensibilitzacio-del-comite-oscar-romero-2\/","title":{"rendered":"XERRADES DE SENSIBILITZACI\u00d3 DEL COMIT\u00c8 OSCAR ROMERO"},"content":{"rendered":"<p style=\"text-align: justify;\">Els passats dies 16 i 30 de novembre, els alumnes de Religi\u00f3 Cat\u00f2lica de 4t d\u2019ESO van rebre dues xerrades de sensibilitzaci\u00f3 a c\u00e0rrec de diferents membres del Comit\u00e8 Oscar Romero de Tarragona i Reus sobre \u201cPersones sense sostre, experi\u00e8ncies\u201d i \u201cUn altre m\u00f3n \u00e9s possible?\u201d<\/p>\n<p style=\"text-align: justify;\">Els ponents, de manera senzilla per\u00f2 molt actualitzada, van posar de relleu la situaci\u00f3 de pobresa, exclusi\u00f3 social i marginaci\u00f3 en la que es troben moltes persones del nostre m\u00f3n i del nostre voltant com a conseq\u00fc\u00e8ncia de les desigualtats i manca d\u2019atenci\u00f3 i solidaritat que la nostra societat genera vers els m\u00e9s desfavorits. Els nostres alumnes van mostrar molt d\u2019inter\u00e8s i van fer preguntes als ponents manifestant prou sensibilitzaci\u00f3 i inter\u00e8s per aquestes realitats que ens envolten.<\/p>\n<p style=\"text-align: justify;\">Agra\u00efm a Juan Manuel i a Xavi Rius, els ponents de les xerrades, el seu inter\u00e8s i destresa a l\u2019hora de traslladar de forma molt gr\u00e0fica i senzilla als nostres alumnes aquestes realitats que\u00a0 ells mateixos estan acostumats a tractar.<\/p>\n<p style=\"text-align: justify;\">\n<p style=\"text-align: justify;\">Silvestre Linares<\/p>\n","protected":false},"excerpt":{"rendered":"<p>Els passats dies 16 i 30 de novembre, els alumnes de Religi\u00f3 Cat\u00f2lica de 4t d\u2019ESO van rebre dues xerrades de sensibilitzaci\u00f3 a c\u00e0rrec de diferents membres del Comit\u00e8 Oscar Romero de Tarragona i Reus sobre \u201cPersones sense sostre, experi\u00e8ncies\u201d i \u201cUn altre m\u00f3n \u00e9s possible?\u201d Els ponents, de manera senzilla per\u00f2 molt actualitzada, van [&hellip;]<\/p>\n","protected":false},"author":1,"featured_media":0,"comment_status":"open","ping_status":"open","sticky":false,"template":"","format":"standard","meta":{"_bbp_topic_count":0,"_bbp_reply_count":0,"_bbp_total_topic_count":0,"_bbp_total_reply_count":0,"_bbp_voice_count":0,"_bbp_anonymous_reply_count":0,"_bbp_topic_count_hidden":0,"_bbp_reply_count_hidden":0,"_bbp_forum_subforum_count":0,"site-sidebar-layout":"default","site-content-layout":"","ast-site-content-layout":"","site-content-style":"default","site-sidebar-style":"default","ast-global-header-display":"","ast-banner-title-visibility":"","ast-main-header-display":"","ast-hfb-above-header-display":"","ast-hfb-below-header-display":"","ast-hfb-mobile-header-display":"","site-post-title":"","ast-breadcrumbs-content":"","ast-featured-img":"","footer-sml-layout":"","theme-transparent-header-meta":"","adv-header-id-meta":"","stick-header-meta":"","header-above-stick-meta":"","header-main-stick-meta":"","header-below-stick-meta":"","astra-migrate-meta-layouts":"default","ast-page-background-enabled":"default","ast-page-background-meta":{"desktop":{"background-color":"var(--ast-global-color-4)","background-image":"","background-repeat":"repeat","background-position":"center center","background-size":"auto","background-attachment":"scroll","background-type":"","background-media":"","overlay-type":"","overlay-color":"","overlay-opacity":"","overlay-gradient":""},"tablet":{"background-color":"","background-image":"","background-repeat":"repeat","background-position":"center center","background-size":"auto","background-attachment":"scroll","background-type":"","background-media":"","overlay-type":"","overlay-color":"","overlay-opacity":"","overlay-gradient":""},"mobile":{"background-color":"","background-image":"","background-repeat":"repeat","background-position":"center center","background-size":"auto","background-attachment":"scroll","background-type":"","background-media":"","overlay-type":"","overlay-color":"","overlay-opacity":"","overlay-gradient":""}},"ast-content-background-meta":{"desktop":{"background-color":"var(--ast-global-color-5)","background-image":"","background-repeat":"repeat","background-position":"center center","background-size":"auto","background-attachment":"scroll","background-type":"","background-media":"","overlay-type":"","overlay-color":"","overlay-opacity":"","overlay-gradient":""},"tablet":{"background-color":"var(--ast-global-color-5)","background-image":"","background-repeat":"repeat","background-position":"center center","background-size":"auto","background-attachment":"scroll","background-type":"","background-media":"","overlay-type":"","overlay-color":"","overlay-opacity":"","overlay-gradient":""},"mobile":{"background-color":"var(--ast-global-color-5)","background-image":"","background-repeat":"repeat","background-position":"center center","background-size":"auto","background-attachment":"scroll","background-type":"","background-media":"","overlay-type":"","overlay-color":"","overlay-opacity":"","overlay-gradient":""}},"footnotes":""},"categories":[1,29],"tags":[],"class_list":["post-1597","post","type-post","status-publish","format-standard","hentry","category-general","category-portada"],"post_mailing_queue_ids":[],"_links":{"self":[{"href":"https:\/\/agora.xtec.cat\/iesvila-seca\/wp-json\/wp\/v2\/posts\/1597","targetHints":{"allow":["GET"]}}],"collection":[{"href":"https:\/\/agora.xtec.cat\/iesvila-seca\/wp-json\/wp\/v2\/posts"}],"about":[{"href":"https:\/\/agora.xtec.cat\/iesvila-seca\/wp-json\/wp\/v2\/types\/post"}],"author":[{"embeddable":true,"href":"https:\/\/agora.xtec.cat\/iesvila-seca\/wp-json\/wp\/v2\/users\/1"}],"replies":[{"embeddable":true,"href":"https:\/\/agora.xtec.cat\/iesvila-seca\/wp-json\/wp\/v2\/comments?post=1597"}],"version-history":[{"count":3,"href":"https:\/\/agora.xtec.cat\/iesvila-seca\/wp-json\/wp\/v2\/posts\/1597\/revisions"}],"predecessor-version":[{"id":1622,"href":"https:\/\/agora.xtec.cat\/iesvila-seca\/wp-json\/wp\/v2\/posts\/1597\/revisions\/1622"}],"wp:attachment":[{"href":"https:\/\/agora.xtec.cat\/iesvila-seca\/wp-json\/wp\/v2\/media?parent=1597"}],"wp:term":[{"taxonomy":"category","embeddable":true,"href":"https:\/\/agora.xtec.cat\/iesvila-seca\/wp-json\/wp\/v2\/categories?post=1597"},{"taxonomy":"post_tag","embeddable":true,"href":"https:\/\/agora.xtec.cat\/iesvila-seca\/wp-json\/wp\/v2\/tags?post=1597"}],"curies":[{"name":"wp","href":"https:\/\/api.w.org\/{rel}","templated":true}]}}