{"id":1549,"date":"2016-12-19T11:25:36","date_gmt":"2016-12-19T10:25:36","guid":{"rendered":"http:\/\/agora.xtec.cat\/iesvila-seca\/?p=1549"},"modified":"2016-12-27T18:49:01","modified_gmt":"2016-12-27T17:49:01","slug":"sortida-de-batxillerat-a-madrid","status":"publish","type":"post","link":"https:\/\/agora.xtec.cat\/iesvila-seca\/general\/sortida-de-batxillerat-a-madrid\/","title":{"rendered":"Sortida de Batxillerat a Madrid"},"content":{"rendered":"<div style=\"text-align: justify;\">Sortida a Madrid<\/div>\n<div style=\"text-align: justify;\"><\/div>\n<div style=\"text-align: justify;\">Com cada any, els alumnes de 1r de BAT fan la seva sortida a Madrid. S\u00f3n tres dies molt intensos en que el cansament s&#8217;uneix a la satisfacci\u00f3 de veure coses noves i aprendre constantment.<\/div>\n<div style=\"text-align: justify;\"><\/div>\n<div style=\"text-align: justify;\">Ara ja ha passat un dia i les viv\u00e8ncies es comencen a acumular. Despr\u00e9s de matinar molt per agafar l&#8217;AVE finalment vam arribar a Madrid. Eren prop de les 9:30 quan deix\u00e0vem les maletes a l&#8217;hotel i ens dispos\u00e0vem a aprofitar el llarg dia que ten\u00edem per davant. La primera parada era obligada: els nostres est\u00f3macs estaven demanant ser atessos i molts ho vam fer amb el cl\u00e0ssic &#8220;bocadillo de calamares&#8221;: una experi\u00e8ncia m\u00e9s que recomanable per a tothom que visiti Madrid. Despr\u00e9s ens vam reunir tots a la porta de l&#8217;hotel i vam comen\u00e7ar una bonica passejada per Barrio de Lavapi\u00e9s i per la zona de Madrid R\u00edo.<\/div>\n<div style=\"text-align: justify;\"><\/div>\n<div style=\"text-align: justify;\">Quan ja el cansament apretava i la gana comen\u00e7ava a apretar vam fer una visita al Museu de Sant Isidre; passar per aqu\u00ed \u00e9s entrar de ple en el Madrid castizo: ens van explicar l&#8217;hist\u00f2ria del seu patr\u00f3, l&#8217;or\u00edgen del Bario de la Latina, el oso y el madro\u00f1o&#8230; vam aprendre una mica m\u00e9s com s\u00f3n els masrilenys. Despr\u00e9s d&#8217;aqu\u00ed, vam anar a la Taberna de los Huevos de Lucio; l&#8217;origen dels coneguts com ous estrellats. Vam gaudir d&#8217;aquesta estona, vam sentir-nos una mica m\u00e9s madrilenys i, no ho negarem, vam aprofitar per descansar, encara que m\u00ednimament.<\/div>\n<div style=\"text-align: justify;\"><\/div>\n<div style=\"text-align: justify;\">La tarda comen\u00e7ava de seguida amb la visita al Museo del Prado. Els nois han demostrat un gran inter\u00e9s per la pintura i els quadres, mentre que els professors hem intentat donar detalls dels quadres que ens an\u00e0vem trobant (Las Meninas, El Caballero de la Mano en el pecho, El 2 y el 3 de Mayo, Las tres gracias, &#8230;). La impressi\u00f3 de tots ha augmentat en entrar a continuaci\u00f3 al Museo Reina Sof\u00eda i veure el Guernika de Picasso; l&#8217;expectaci\u00f3 dels nois durant les explicacions rebudes per part de la Susana abans d&#8217;entrar, es quedava curta quan v\u00e9ien aquell tros d&#8217;hist\u00f2ria davant seu.<\/div>\n<div style=\"text-align: justify;\"><\/div>\n<div style=\"text-align: justify;\">Despr\u00e9s d&#8217;una estona de descans a l&#8217;hotel (ara si) tornem a sortir a la nit a fer el darrer tastet del Madrid Castizo fent un Chocolate con Churros y Porras a la Chocolater\u00eda de San Gin\u00e9s, i passar m\u00ednimamant per la Pla\u00e7a Major i la Puerta del sol cam\u00ed de l&#8217;hotel i el merescut descans.<\/div>\n<div style=\"text-align: justify;\"><\/div>\n<div style=\"text-align: justify;\">El primer dia ha passat amb bona nota, bona impressi\u00f3 i sense incidents. Els nois, molt cansats, aix\u00f2 si, han deixat emprempta de bon comportament, atenci\u00f3 i inter\u00e9s per cada lloc on hem passat. Ara encarem el segon i intentarem con\u00e8ixer m\u00e9s coses de Madrid.<\/div>\n<div style=\"text-align: justify;\"><\/div>\n<div style=\"text-align: justify;\">Tots vam comen\u00e7ar el segon dia amb energies renovades despr\u00e9s del merescut descans. Les habitacions de l&#8217;hotel ajuden a aquest descans doncs estan prou b\u00e9&#8230; amb alguna notable excepci\u00f3.<\/div>\n<div style=\"text-align: justify;\"><\/div>\n<div style=\"text-align: justify;\">Fem el primer esmorzar a l&#8217;hotel i sortim cam\u00ed d&#8217;Atocha per apropar-nos al Bernabeu. Fer el Tour del Bernabeu \u00e9s tota una experi\u00e8ncia, siguis de l&#8217;equip que siguis. Hi ha pantalles t\u00e0ctils, efectes especials&#8230; en realitat no pares de sorprendre&#8217;t de l&#8217;avan\u00e7 de les tecnologies. Per\u00f2 sense cap mena de dubte, la millor part de la visita \u00e9s arribar al camp de futbol i seure a la banqueta. Estem conven\u00e7uts que si algun dia els nostres nois o noies s\u00f3n futbolistes, voldran anar al Bernabeu nom\u00e9s per ser suplents; no hi havia qui els hi aixequ\u00e9s! Algun d&#8217;ells inclus ha reconegut que se&#8217;n va dormir!! Despr\u00e9s de passar per la sala de premsa sortim de nou al carrer per continuar amb les visites.<\/div>\n<div style=\"text-align: justify;\"><\/div>\n<div style=\"text-align: justify;\">El dia es fa m\u00e9s tranquil i tenim una estona per dinar i descansar abans d&#8217;anar al musical del Rey Le\u00f3n. De cam\u00ed veiem la il.luminaci\u00f3 nadalenca (que t\u00e9 zones molt espectaculars) i les vistes de la Gran V\u00eda des del mirador d&#8217;El Corte Ingl\u00e9s de Callao.<\/div>\n<div style=\"text-align: justify;\"><\/div>\n<div style=\"text-align: justify;\">El punt fort del dia \u00e9s el musical. Les cares de sorpresa comencen amb les primeres notes i no paren fins&#8230; en fi crec que alg\u00fa encara va amb cara de sorpresa. Hi va haver ll\u00e0grimes i emocions. \u00c9s un musical molt espectacular que ens va fer a tots anar a dormir amb un somriure imborrable a la cara.<\/div>\n<div style=\"text-align: justify;\"><\/div>\n<div style=\"text-align: justify;\"><\/div>\n<div style=\"text-align: justify;\">Arribem ja al tercer dia de viatge amb una cita important: la visita al Congr\u00e9s dels Diputats.<\/div>\n<div style=\"text-align: justify;\">Gr\u00e0cies a les gestions de Javi, ens trobem amb la Marisol P\u00e9rez, diputada socialista per Badajoz i encarregada d\u2019Assumptes Socials i amb la Micaela Navarro, vicepresidenta del Parlament. Els alumnes, asseguts als ascons, poden escoltar de primera m\u00e0 com est\u00e0 constituit el Parlament\u00a0 i quines s\u00f3n les tasques que tenen assignades els parlamentaris.<\/div>\n<div style=\"text-align: justify;\">Despr\u00e9s passegem pel Parque del Retiro, per la Gran V\u00eda, ens fem una foto amb l\u2019escultura de Don Quijote i Sancho Panza i visitem la catedral de l\u2019Almudena.<\/div>\n<div style=\"text-align: justify;\">La tarda va avan\u00e7ant i el viatge arriba a la seva fi, cal anar ja a recollir les maletes i agafar l\u2019AVE.<\/div>\n<p style=\"text-align: justify;\">\n<div style=\"text-align: justify;\">El viatge \u00e9s molt tranquil i el tren arriba a l\u2019hora prevista a l\u2019estaci\u00f3 del Camp de Tarragona on els nois i noies es troben de nou amb les seves fam\u00edlies.<\/div>\n<div style=\"text-align: justify;\">Han estat 3 dies molt intensos, plens d\u2019experi\u00e8ncies i emocions, que han servit per compartir bons moments amb els companys i per descobrir aquesta bonica ciutat. Segur que tots guardarem un bon record de l\u2019experi\u00e8ncia viscuda.<\/div>\n<div style=\"text-align: justify;\"><\/div>\n<div style=\"text-align: justify;\">Susana Mallafr\u00e9 i Javier del R\u00edo, professors acompanyants<\/div>\n<p>&nbsp;<\/p>\n","protected":false},"excerpt":{"rendered":"<p>Sortida a Madrid Com cada any, els alumnes de 1r de BAT fan la seva sortida a Madrid. S\u00f3n tres dies molt intensos en que el cansament s&#8217;uneix a la satisfacci\u00f3 de veure coses noves i aprendre constantment. Ara ja ha passat un dia i les viv\u00e8ncies es comencen a acumular. Despr\u00e9s de matinar molt [&hellip;]<\/p>\n","protected":false},"author":1,"featured_media":0,"comment_status":"open","ping_status":"open","sticky":false,"template":"","format":"standard","meta":{"_bbp_topic_count":0,"_bbp_reply_count":0,"_bbp_total_topic_count":0,"_bbp_total_reply_count":0,"_bbp_voice_count":0,"_bbp_anonymous_reply_count":0,"_bbp_topic_count_hidden":0,"_bbp_reply_count_hidden":0,"_bbp_forum_subforum_count":0,"site-sidebar-layout":"default","site-content-layout":"","ast-site-content-layout":"","site-content-style":"default","site-sidebar-style":"default","ast-global-header-display":"","ast-banner-title-visibility":"","ast-main-header-display":"","ast-hfb-above-header-display":"","ast-hfb-below-header-display":"","ast-hfb-mobile-header-display":"","site-post-title":"","ast-breadcrumbs-content":"","ast-featured-img":"","footer-sml-layout":"","theme-transparent-header-meta":"","adv-header-id-meta":"","stick-header-meta":"","header-above-stick-meta":"","header-main-stick-meta":"","header-below-stick-meta":"","astra-migrate-meta-layouts":"default","ast-page-background-enabled":"default","ast-page-background-meta":{"desktop":{"background-color":"var(--ast-global-color-4)","background-image":"","background-repeat":"repeat","background-position":"center center","background-size":"auto","background-attachment":"scroll","background-type":"","background-media":"","overlay-type":"","overlay-color":"","overlay-opacity":"","overlay-gradient":""},"tablet":{"background-color":"","background-image":"","background-repeat":"repeat","background-position":"center center","background-size":"auto","background-attachment":"scroll","background-type":"","background-media":"","overlay-type":"","overlay-color":"","overlay-opacity":"","overlay-gradient":""},"mobile":{"background-color":"","background-image":"","background-repeat":"repeat","background-position":"center center","background-size":"auto","background-attachment":"scroll","background-type":"","background-media":"","overlay-type":"","overlay-color":"","overlay-opacity":"","overlay-gradient":""}},"ast-content-background-meta":{"desktop":{"background-color":"var(--ast-global-color-5)","background-image":"","background-repeat":"repeat","background-position":"center center","background-size":"auto","background-attachment":"scroll","background-type":"","background-media":"","overlay-type":"","overlay-color":"","overlay-opacity":"","overlay-gradient":""},"tablet":{"background-color":"var(--ast-global-color-5)","background-image":"","background-repeat":"repeat","background-position":"center center","background-size":"auto","background-attachment":"scroll","background-type":"","background-media":"","overlay-type":"","overlay-color":"","overlay-opacity":"","overlay-gradient":""},"mobile":{"background-color":"var(--ast-global-color-5)","background-image":"","background-repeat":"repeat","background-position":"center center","background-size":"auto","background-attachment":"scroll","background-type":"","background-media":"","overlay-type":"","overlay-color":"","overlay-opacity":"","overlay-gradient":""}},"footnotes":""},"categories":[1,29],"tags":[],"class_list":["post-1549","post","type-post","status-publish","format-standard","hentry","category-general","category-portada"],"post_mailing_queue_ids":[],"_links":{"self":[{"href":"https:\/\/agora.xtec.cat\/iesvila-seca\/wp-json\/wp\/v2\/posts\/1549","targetHints":{"allow":["GET"]}}],"collection":[{"href":"https:\/\/agora.xtec.cat\/iesvila-seca\/wp-json\/wp\/v2\/posts"}],"about":[{"href":"https:\/\/agora.xtec.cat\/iesvila-seca\/wp-json\/wp\/v2\/types\/post"}],"author":[{"embeddable":true,"href":"https:\/\/agora.xtec.cat\/iesvila-seca\/wp-json\/wp\/v2\/users\/1"}],"replies":[{"embeddable":true,"href":"https:\/\/agora.xtec.cat\/iesvila-seca\/wp-json\/wp\/v2\/comments?post=1549"}],"version-history":[{"count":3,"href":"https:\/\/agora.xtec.cat\/iesvila-seca\/wp-json\/wp\/v2\/posts\/1549\/revisions"}],"predecessor-version":[{"id":1623,"href":"https:\/\/agora.xtec.cat\/iesvila-seca\/wp-json\/wp\/v2\/posts\/1549\/revisions\/1623"}],"wp:attachment":[{"href":"https:\/\/agora.xtec.cat\/iesvila-seca\/wp-json\/wp\/v2\/media?parent=1549"}],"wp:term":[{"taxonomy":"category","embeddable":true,"href":"https:\/\/agora.xtec.cat\/iesvila-seca\/wp-json\/wp\/v2\/categories?post=1549"},{"taxonomy":"post_tag","embeddable":true,"href":"https:\/\/agora.xtec.cat\/iesvila-seca\/wp-json\/wp\/v2\/tags?post=1549"}],"curies":[{"name":"wp","href":"https:\/\/api.w.org\/{rel}","templated":true}]}}