{"id":1518,"date":"2016-12-05T17:20:09","date_gmt":"2016-12-05T16:20:09","guid":{"rendered":"http:\/\/agora.xtec.cat\/iesvila-seca\/?p=1518"},"modified":"2016-12-14T11:15:13","modified_gmt":"2016-12-14T10:15:13","slug":"sortida-del-programa-diniciacio-professional-pip-2","status":"publish","type":"post","link":"https:\/\/agora.xtec.cat\/iesvila-seca\/general\/sortida-del-programa-diniciacio-professional-pip-2\/","title":{"rendered":"Sortida del Programa d\u2019Iniciaci\u00f3 Professional (PIP)"},"content":{"rendered":"<p>Dimecres dia 9 de novembre, els alumnes del Programa d\u2019Iniciaci\u00f3 Professional amb els professors Judit, Xema i Germ\u00e1n van pujar a la Penya Corbatera, a Ulldemolins. Vam sortir de l\u2019institut amb un temps bo, s\u2019anava obrint el dia i comen\u00e7aven a veure\u2019s els primers esclats de sol a la vegada que els primers\u00a0cops de vent feien acte de pres\u00e8ncia. Una vegada el nostre bus s\u2019endinsava a la Serra de Montsant el dia es tornava vent\u00f3s cada vegada m\u00e9s. La nostra excursi\u00f3 patia el risc de ser suspesa. Per\u00f2 les ganes de passar un dia tots junts, compartint cam\u00ed i conversa, donant-nos a con\u00e8ixer una mica m\u00e9s, eren tan grans que\u00a0ni el fred, ni els vent forts ens van tirar enrere. \u00c9s curi\u00f3s com despr\u00e9s d\u2019una excursi\u00f3 com aquesta hi ha un abans i un despr\u00e9s en la relaci\u00f3 entre la gent que hem compartit cam\u00ed i conversa.<\/p>\n<p>Va fer fred i va fer molt de vent&#8230; per\u00f2 no va poder amb nosaltres.<\/p>\n<p>Judit Arbon\u00e8s, Xema Campos i Germ\u00e1n Gil<\/p>\n<p>&nbsp;<\/p>\n<p>PS: Us deixem un v\u00eddeo que volunt\u00e0riament va editar un dels nostres alumnes, en Nikolay Asenov&#8230;..gr\u00e0cies Nikolay!!<\/p>\n","protected":false},"excerpt":{"rendered":"<p>Dimecres dia 9 de novembre, els alumnes del Programa d\u2019Iniciaci\u00f3 Professional amb els professors Judit, Xema i Germ\u00e1n van pujar a la Penya Corbatera, a Ulldemolins. Vam sortir de l\u2019institut amb un temps bo, s\u2019anava obrint el dia i comen\u00e7aven a veure\u2019s els primers esclats de sol a la vegada que els primers\u00a0cops de vent [&hellip;]<\/p>\n","protected":false},"author":1,"featured_media":0,"comment_status":"open","ping_status":"open","sticky":false,"template":"","format":"standard","meta":{"_bbp_topic_count":0,"_bbp_reply_count":0,"_bbp_total_topic_count":0,"_bbp_total_reply_count":0,"_bbp_voice_count":0,"_bbp_anonymous_reply_count":0,"_bbp_topic_count_hidden":0,"_bbp_reply_count_hidden":0,"_bbp_forum_subforum_count":0,"site-sidebar-layout":"default","site-content-layout":"","ast-site-content-layout":"","site-content-style":"default","site-sidebar-style":"default","ast-global-header-display":"","ast-banner-title-visibility":"","ast-main-header-display":"","ast-hfb-above-header-display":"","ast-hfb-below-header-display":"","ast-hfb-mobile-header-display":"","site-post-title":"","ast-breadcrumbs-content":"","ast-featured-img":"","footer-sml-layout":"","theme-transparent-header-meta":"","adv-header-id-meta":"","stick-header-meta":"","header-above-stick-meta":"","header-main-stick-meta":"","header-below-stick-meta":"","astra-migrate-meta-layouts":"default","ast-page-background-enabled":"default","ast-page-background-meta":{"desktop":{"background-color":"var(--ast-global-color-4)","background-image":"","background-repeat":"repeat","background-position":"center center","background-size":"auto","background-attachment":"scroll","background-type":"","background-media":"","overlay-type":"","overlay-color":"","overlay-opacity":"","overlay-gradient":""},"tablet":{"background-color":"","background-image":"","background-repeat":"repeat","background-position":"center center","background-size":"auto","background-attachment":"scroll","background-type":"","background-media":"","overlay-type":"","overlay-color":"","overlay-opacity":"","overlay-gradient":""},"mobile":{"background-color":"","background-image":"","background-repeat":"repeat","background-position":"center center","background-size":"auto","background-attachment":"scroll","background-type":"","background-media":"","overlay-type":"","overlay-color":"","overlay-opacity":"","overlay-gradient":""}},"ast-content-background-meta":{"desktop":{"background-color":"var(--ast-global-color-5)","background-image":"","background-repeat":"repeat","background-position":"center center","background-size":"auto","background-attachment":"scroll","background-type":"","background-media":"","overlay-type":"","overlay-color":"","overlay-opacity":"","overlay-gradient":""},"tablet":{"background-color":"var(--ast-global-color-5)","background-image":"","background-repeat":"repeat","background-position":"center center","background-size":"auto","background-attachment":"scroll","background-type":"","background-media":"","overlay-type":"","overlay-color":"","overlay-opacity":"","overlay-gradient":""},"mobile":{"background-color":"var(--ast-global-color-5)","background-image":"","background-repeat":"repeat","background-position":"center center","background-size":"auto","background-attachment":"scroll","background-type":"","background-media":"","overlay-type":"","overlay-color":"","overlay-opacity":"","overlay-gradient":""}},"footnotes":""},"categories":[1,29],"tags":[],"class_list":["post-1518","post","type-post","status-publish","format-standard","hentry","category-general","category-portada"],"post_mailing_queue_ids":[],"_links":{"self":[{"href":"https:\/\/agora.xtec.cat\/iesvila-seca\/wp-json\/wp\/v2\/posts\/1518","targetHints":{"allow":["GET"]}}],"collection":[{"href":"https:\/\/agora.xtec.cat\/iesvila-seca\/wp-json\/wp\/v2\/posts"}],"about":[{"href":"https:\/\/agora.xtec.cat\/iesvila-seca\/wp-json\/wp\/v2\/types\/post"}],"author":[{"embeddable":true,"href":"https:\/\/agora.xtec.cat\/iesvila-seca\/wp-json\/wp\/v2\/users\/1"}],"replies":[{"embeddable":true,"href":"https:\/\/agora.xtec.cat\/iesvila-seca\/wp-json\/wp\/v2\/comments?post=1518"}],"version-history":[{"count":3,"href":"https:\/\/agora.xtec.cat\/iesvila-seca\/wp-json\/wp\/v2\/posts\/1518\/revisions"}],"predecessor-version":[{"id":1535,"href":"https:\/\/agora.xtec.cat\/iesvila-seca\/wp-json\/wp\/v2\/posts\/1518\/revisions\/1535"}],"wp:attachment":[{"href":"https:\/\/agora.xtec.cat\/iesvila-seca\/wp-json\/wp\/v2\/media?parent=1518"}],"wp:term":[{"taxonomy":"category","embeddable":true,"href":"https:\/\/agora.xtec.cat\/iesvila-seca\/wp-json\/wp\/v2\/categories?post=1518"},{"taxonomy":"post_tag","embeddable":true,"href":"https:\/\/agora.xtec.cat\/iesvila-seca\/wp-json\/wp\/v2\/tags?post=1518"}],"curies":[{"name":"wp","href":"https:\/\/api.w.org\/{rel}","templated":true}]}}