{"id":1434,"date":"2016-11-09T14:57:49","date_gmt":"2016-11-09T13:57:49","guid":{"rendered":"http:\/\/agora.xtec.cat\/iesvila-seca\/?p=1434"},"modified":"2016-11-09T14:57:49","modified_gmt":"2016-11-09T13:57:49","slug":"renovacio-del-consell-escolar-de-centre","status":"publish","type":"post","link":"https:\/\/agora.xtec.cat\/iesvila-seca\/portada\/renovacio-del-consell-escolar-de-centre\/","title":{"rendered":"Renovaci\u00f3 del Consell Escolar de centre"},"content":{"rendered":"<p align=\"justify\">El consell escolar del centre \u00e9s l&#8217;\u00f2rgan col\u00b7legiat de participaci\u00f3 de la comunitat escolar en el govern del centre. Aix\u00ed ho determina la Llei d\u2019Educaci\u00f3 de Catalunya, que en defineix les seves funcions. En els centres p\u00fablics, la funci\u00f3 principal del consell escolar \u00e9s debatre i aprovar tots aquells temes importants per al funcionament i l&#8217;organitzaci\u00f3 del centre, com el projecte educatiu, la programaci\u00f3 general o la mem\u00f2ria econ\u00f2mica, entre d\u2019altres.<\/p>\n<p align=\"justify\">El proc\u00e9s electoral d\u2019aquesta convocat\u00f2ria comen\u00e7ar\u00e0 el 7 de novembre i culminar\u00e0 abans del dia 22 de desembre amb la constituci\u00f3 del consell escolar i presa de possessi\u00f3 dels seus membres. Els representants del consell escolar s\u2019elegeixen per un per\u00edode de quatre anys i es renoven per meitats cada dos anys.<\/p>\n<p align=\"justify\">Al nostre centre el formen els representants de tota la comunitat educativa, \u00e9s a dir, direcci\u00f3, professors, alumnes, fam\u00edlies, personal d&#8217;administraci\u00f3 i serveis i el representant de l&#8217;administraci\u00f3 local.<\/p>\n<p align=\"justify\">\n","protected":false},"excerpt":{"rendered":"<p>El consell escolar del centre \u00e9s l&#8217;\u00f2rgan col\u00b7legiat de participaci\u00f3 de la comunitat escolar en el govern del centre. Aix\u00ed ho determina la Llei d\u2019Educaci\u00f3 de Catalunya, que en defineix les seves funcions. En els centres p\u00fablics, la funci\u00f3 principal del consell escolar \u00e9s debatre i aprovar tots aquells temes importants per al funcionament i [&hellip;]<\/p>\n","protected":false},"author":1,"featured_media":0,"comment_status":"closed","ping_status":"closed","sticky":false,"template":"","format":"standard","meta":{"_bbp_topic_count":0,"_bbp_reply_count":0,"_bbp_total_topic_count":0,"_bbp_total_reply_count":0,"_bbp_voice_count":0,"_bbp_anonymous_reply_count":0,"_bbp_topic_count_hidden":0,"_bbp_reply_count_hidden":0,"_bbp_forum_subforum_count":0,"site-sidebar-layout":"default","site-content-layout":"","ast-site-content-layout":"","site-content-style":"default","site-sidebar-style":"default","ast-global-header-display":"","ast-banner-title-visibility":"","ast-main-header-display":"","ast-hfb-above-header-display":"","ast-hfb-below-header-display":"","ast-hfb-mobile-header-display":"","site-post-title":"","ast-breadcrumbs-content":"","ast-featured-img":"","footer-sml-layout":"","theme-transparent-header-meta":"","adv-header-id-meta":"","stick-header-meta":"","header-above-stick-meta":"","header-main-stick-meta":"","header-below-stick-meta":"","astra-migrate-meta-layouts":"default","ast-page-background-enabled":"default","ast-page-background-meta":{"desktop":{"background-color":"var(--ast-global-color-4)","background-image":"","background-repeat":"repeat","background-position":"center center","background-size":"auto","background-attachment":"scroll","background-type":"","background-media":"","overlay-type":"","overlay-color":"","overlay-opacity":"","overlay-gradient":""},"tablet":{"background-color":"","background-image":"","background-repeat":"repeat","background-position":"center center","background-size":"auto","background-attachment":"scroll","background-type":"","background-media":"","overlay-type":"","overlay-color":"","overlay-opacity":"","overlay-gradient":""},"mobile":{"background-color":"","background-image":"","background-repeat":"repeat","background-position":"center center","background-size":"auto","background-attachment":"scroll","background-type":"","background-media":"","overlay-type":"","overlay-color":"","overlay-opacity":"","overlay-gradient":""}},"ast-content-background-meta":{"desktop":{"background-color":"var(--ast-global-color-5)","background-image":"","background-repeat":"repeat","background-position":"center center","background-size":"auto","background-attachment":"scroll","background-type":"","background-media":"","overlay-type":"","overlay-color":"","overlay-opacity":"","overlay-gradient":""},"tablet":{"background-color":"var(--ast-global-color-5)","background-image":"","background-repeat":"repeat","background-position":"center center","background-size":"auto","background-attachment":"scroll","background-type":"","background-media":"","overlay-type":"","overlay-color":"","overlay-opacity":"","overlay-gradient":""},"mobile":{"background-color":"var(--ast-global-color-5)","background-image":"","background-repeat":"repeat","background-position":"center center","background-size":"auto","background-attachment":"scroll","background-type":"","background-media":"","overlay-type":"","overlay-color":"","overlay-opacity":"","overlay-gradient":""}},"footnotes":""},"categories":[29],"tags":[],"class_list":["post-1434","post","type-post","status-publish","format-standard","hentry","category-portada"],"post_mailing_queue_ids":[],"_links":{"self":[{"href":"https:\/\/agora.xtec.cat\/iesvila-seca\/wp-json\/wp\/v2\/posts\/1434","targetHints":{"allow":["GET"]}}],"collection":[{"href":"https:\/\/agora.xtec.cat\/iesvila-seca\/wp-json\/wp\/v2\/posts"}],"about":[{"href":"https:\/\/agora.xtec.cat\/iesvila-seca\/wp-json\/wp\/v2\/types\/post"}],"author":[{"embeddable":true,"href":"https:\/\/agora.xtec.cat\/iesvila-seca\/wp-json\/wp\/v2\/users\/1"}],"replies":[{"embeddable":true,"href":"https:\/\/agora.xtec.cat\/iesvila-seca\/wp-json\/wp\/v2\/comments?post=1434"}],"version-history":[{"count":1,"href":"https:\/\/agora.xtec.cat\/iesvila-seca\/wp-json\/wp\/v2\/posts\/1434\/revisions"}],"predecessor-version":[{"id":1435,"href":"https:\/\/agora.xtec.cat\/iesvila-seca\/wp-json\/wp\/v2\/posts\/1434\/revisions\/1435"}],"wp:attachment":[{"href":"https:\/\/agora.xtec.cat\/iesvila-seca\/wp-json\/wp\/v2\/media?parent=1434"}],"wp:term":[{"taxonomy":"category","embeddable":true,"href":"https:\/\/agora.xtec.cat\/iesvila-seca\/wp-json\/wp\/v2\/categories?post=1434"},{"taxonomy":"post_tag","embeddable":true,"href":"https:\/\/agora.xtec.cat\/iesvila-seca\/wp-json\/wp\/v2\/tags?post=1434"}],"curies":[{"name":"wp","href":"https:\/\/api.w.org\/{rel}","templated":true}]}}